{"id":14606,"date":"2023-12-17T18:03:06","date_gmt":"2023-12-17T17:03:06","guid":{"rendered":"http:\/\/www.tvk-gaj.pl\/~gajonline\/?p=14606"},"modified":"2023-12-17T18:03:11","modified_gmt":"2023-12-17T17:03:11","slug":"wigilia-ro-gaj","status":"publish","type":"post","link":"https:\/\/online.tvk-gaj.pl\/?p=14606","title":{"rendered":"Wigilia RO Gaj"},"content":{"rendered":"\n<p>14 grudnia b.r. w siedzibie Klubu Seniora na Gaju odby\u0142a si\u0119 uroczysta wigilia Rady Osiedla Gaj, podsumowuj\u0105ca mijaj\u0105cy rok.<\/p>\n\n\n\n<!--more-->\n\n\n\n<p><\/p>\n\n\n\n<p><\/p>\n\n\n\n<p>Na ostatni\u0105\u00a0w tym roku sesj\u0119 Rady Osiedla zaproszeni zostali go\u015bcie, z kt\u00f3rymi osiedlowi radni wsp\u00f3\u0142pracuj\u0105 na co dzie\u0144 przy wielu projektach i inicjatywach na rzecz Gaju.<\/p>\n\n\n\n<p><\/p>\n\n\n\n<p><\/p>\n\n\n\n<figure class=\"wp-block-image size-large\"><img loading=\"lazy\" decoding=\"async\" width=\"1024\" height=\"768\" src=\"http:\/\/www.tvk-gaj.pl\/~gajonline\/wp-content\/uploads\/2023\/12\/batch_IMG_1599-1-1024x768.jpg\" alt=\"\" class=\"wp-image-14608\" srcset=\"https:\/\/online.tvk-gaj.pl\/wp-content\/uploads\/2023\/12\/batch_IMG_1599-1-1024x768.jpg 1024w, https:\/\/online.tvk-gaj.pl\/wp-content\/uploads\/2023\/12\/batch_IMG_1599-1-300x225.jpg 300w, https:\/\/online.tvk-gaj.pl\/wp-content\/uploads\/2023\/12\/batch_IMG_1599-1-768x576.jpg 768w, https:\/\/online.tvk-gaj.pl\/wp-content\/uploads\/2023\/12\/batch_IMG_1599-1-1536x1152.jpg 1536w, https:\/\/online.tvk-gaj.pl\/wp-content\/uploads\/2023\/12\/batch_IMG_1599-1.jpg 2016w\" sizes=\"auto, (max-width: 1024px) 100vw, 1024px\" \/><\/figure>\n\n\n\n<p><\/p>\n\n\n\n<p><\/p>\n\n\n\n<p>W\u015br\u00f3d zaproszonych go\u015bci znale\u017ali si\u0119 m.in. przedstawiciel Prezydenta Wroc\u0142awia, Pan Marek Dera &#8211; prezes Zarz\u0105du SM Wroc\u0142aw &#8211; Po\u0142udnie, Pan \u0141ukasz W\u00f3jcik &#8211; dyrektor MCS Wroc\u0142aw, Pani Teresa Malik-Prezes Fundacji\u00a0\u201eMy\u015bl\u0119,\u00a0Czuj\u0119, Jestem&#8221; oraz przedstawiciele m.in. Klubu Seniora na Gaju oraz k\u00f3\u0142 i stowarzysze\u0144 emeryckich oraz mundurowych.<\/p>\n\n\n\n<p><\/p>\n\n\n\n<p><\/p>\n\n\n\n<figure class=\"wp-block-image size-large\"><img loading=\"lazy\" decoding=\"async\" width=\"1024\" height=\"768\" src=\"http:\/\/www.tvk-gaj.pl\/~gajonline\/wp-content\/uploads\/2023\/12\/batch_IMG_1623-1024x768.jpg\" alt=\"\" class=\"wp-image-14609\" srcset=\"https:\/\/online.tvk-gaj.pl\/wp-content\/uploads\/2023\/12\/batch_IMG_1623-1024x768.jpg 1024w, https:\/\/online.tvk-gaj.pl\/wp-content\/uploads\/2023\/12\/batch_IMG_1623-300x225.jpg 300w, https:\/\/online.tvk-gaj.pl\/wp-content\/uploads\/2023\/12\/batch_IMG_1623-768x576.jpg 768w, https:\/\/online.tvk-gaj.pl\/wp-content\/uploads\/2023\/12\/batch_IMG_1623-1536x1152.jpg 1536w, https:\/\/online.tvk-gaj.pl\/wp-content\/uploads\/2023\/12\/batch_IMG_1623.jpg 2016w\" sizes=\"auto, (max-width: 1024px) 100vw, 1024px\" \/><\/figure>\n\n\n\n<p><\/p>\n\n\n\n<p><\/p>\n\n\n\n<p>Wszystkich tym, kt\u00f3rzy na co dzie\u0144 anga\u017cuj\u0105 si\u0119 w \u017cycie Osiedla Gaj, raz jeszcze serdecznie dzi\u0119kujemy oraz \u017cyczymy wszystkiego co najlepsze z okazji zbli\u017caj\u0105cych si\u0119 \u015awi\u0105t Bo\u017cego Narodzenia  oraz Nowego Roku!<\/p>\n\n\n\n<p><\/p>\n\n\n\n<p><\/p>\n\n\n\n<p><strong>GALERIA ZDJ\u0118\u0106 Z UROCZYSTO\u015aCI:<\/strong><\/p>\n\n\n\n<p> <\/p>\n\n\n\n[ngg src=&#8221;galleries&#8221; ids=&#8221;136&#8243; display=&#8221;basic_thumbnail&#8221; thumbnail_crop=&#8221;0&#8243;]\n","protected":false},"excerpt":{"rendered":"<p>14 grudnia b.r. w siedzibie Klubu Seniora na Gaju odby\u0142a si\u0119 uroczysta wigilia Rady Osiedla Gaj, podsumowuj\u0105ca mijaj\u0105cy rok.<\/p>\n","protected":false},"author":3,"featured_media":14607,"comment_status":"open","ping_status":"open","sticky":false,"template":"","format":"standard","meta":{"footnotes":""},"categories":[14,12],"tags":[135,563,402,1757],"class_list":["post-14606","post","type-post","status-publish","format-standard","has-post-thumbnail","hentry","category-aktualnosci","category-artykuly","tag-rada-osiedla-gaj","tag-ro-gaj","tag-wigilia","tag-wigilia-na-gaju"],"_links":{"self":[{"href":"https:\/\/online.tvk-gaj.pl\/index.php?rest_route=\/wp\/v2\/posts\/14606","targetHints":{"allow":["GET"]}}],"collection":[{"href":"https:\/\/online.tvk-gaj.pl\/index.php?rest_route=\/wp\/v2\/posts"}],"about":[{"href":"https:\/\/online.tvk-gaj.pl\/index.php?rest_route=\/wp\/v2\/types\/post"}],"author":[{"embeddable":true,"href":"https:\/\/online.tvk-gaj.pl\/index.php?rest_route=\/wp\/v2\/users\/3"}],"replies":[{"embeddable":true,"href":"https:\/\/online.tvk-gaj.pl\/index.php?rest_route=%2Fwp%2Fv2%2Fcomments&post=14606"}],"version-history":[{"count":1,"href":"https:\/\/online.tvk-gaj.pl\/index.php?rest_route=\/wp\/v2\/posts\/14606\/revisions"}],"predecessor-version":[{"id":14627,"href":"https:\/\/online.tvk-gaj.pl\/index.php?rest_route=\/wp\/v2\/posts\/14606\/revisions\/14627"}],"wp:featuredmedia":[{"embeddable":true,"href":"https:\/\/online.tvk-gaj.pl\/index.php?rest_route=\/wp\/v2\/media\/14607"}],"wp:attachment":[{"href":"https:\/\/online.tvk-gaj.pl\/index.php?rest_route=%2Fwp%2Fv2%2Fmedia&parent=14606"}],"wp:term":[{"taxonomy":"category","embeddable":true,"href":"https:\/\/online.tvk-gaj.pl\/index.php?rest_route=%2Fwp%2Fv2%2Fcategories&post=14606"},{"taxonomy":"post_tag","embeddable":true,"href":"https:\/\/online.tvk-gaj.pl\/index.php?rest_route=%2Fwp%2Fv2%2Ftags&post=14606"}],"curies":[{"name":"wp","href":"https:\/\/api.w.org\/{rel}","templated":true}]}}