{"id":14628,"date":"2023-12-22T18:07:00","date_gmt":"2023-12-22T17:07:00","guid":{"rendered":"http:\/\/www.tvk-gaj.pl\/~gajonline\/?p=14628"},"modified":"2024-01-17T17:39:18","modified_gmt":"2024-01-17T16:39:18","slug":"zyczenia-zdrowych-i-wesolych-swiat-bozego-narodzenia","status":"publish","type":"post","link":"https:\/\/online.tvk-gaj.pl\/?p=14628","title":{"rendered":"\u017byczenia zdrowych i weso\u0142ych \u015awi\u0105t Bo\u017cego Narodzenia"},"content":{"rendered":"\n<p>sk\u0142ada Rada Osiedla Gaj.<\/p>\n\n\n\n<!--more-->\n\n\n\n<p><\/p>\n\n\n\n<p><\/p>\n\n\n\n<p>Wszystkim naszym Czytelnikom oraz mieszka\u0144com Gaju, pragniemy \u017cyczy\u0107 zdrowych, pe\u0142nych rado\u015bci i mi\u0142o\u015bci \u015awi\u0105t Bo\u017cego Narodzenia oraz samych pomy\u015blno\u015bci i sukces\u00f3w w Nowym Roku.<\/p>\n\n\n\n<p><\/p>\n\n\n\n<p><\/p>\n\n\n\n<p><strong>\u017byczenia sk\u0142adaj\u0105 Radni Osiedla Gaj oraz Redakcja GajOnline!<\/strong><\/p>\n\n\n\n<p><\/p>\n\n\n\n<p><\/p>\n\n\n\n<figure class=\"wp-block-image size-large\"><img loading=\"lazy\" decoding=\"async\" width=\"683\" height=\"1024\" src=\"http:\/\/www.tvk-gaj.pl\/~gajonline\/wp-content\/uploads\/2023\/12\/zyczenia-swiateczne-1-683x1024.jpeg\" alt=\"\" class=\"wp-image-14631\" srcset=\"https:\/\/online.tvk-gaj.pl\/wp-content\/uploads\/2023\/12\/zyczenia-swiateczne-1-683x1024.jpeg 683w, https:\/\/online.tvk-gaj.pl\/wp-content\/uploads\/2023\/12\/zyczenia-swiateczne-1-200x300.jpeg 200w, https:\/\/online.tvk-gaj.pl\/wp-content\/uploads\/2023\/12\/zyczenia-swiateczne-1-768x1152.jpeg 768w, https:\/\/online.tvk-gaj.pl\/wp-content\/uploads\/2023\/12\/zyczenia-swiateczne-1.jpeg 960w\" sizes=\"auto, (max-width: 683px) 100vw, 683px\" \/><\/figure>\n\n\n\n<p><\/p>\n\n\n\n<p><\/p>\n\n\n\n<p><\/p>\n\n\n\n<p>Przypominamy, \u017ce na Gaju dzia\u0142aj\u0105 dwie rzymskokatolickie parafie &#8211; pw. Ducha \u015awi\u0119tego na ulicy Bardzkiej oraz pw. \u015awi\u0119tego Franciszka z Asy\u017cu na ulicy Borowiskiej.<\/p>\n\n\n\n<p><\/p>\n\n\n\n<p>Plan mszy pasterskich oraz mszy \u015bwi\u0105tecznych dost\u0119pne s\u0105 na stronach internetowych parafii pod adresami <a href=\"https:\/\/duchsw.archidiecezja.wroc.pl\" target=\"_blank\" rel=\"noreferrer noopener\">https:\/\/duchsw.archidiecezja.wroc.pl<\/a> oraz <a href=\"http:\/\/www.franciszek.archidiecezja.wroc.pl\" target=\"_blank\" rel=\"noreferrer noopener\">http:\/\/www.franciszek.archidiecezja.wroc.pl<\/a> .<\/p>\n\n\n\n<p><\/p>\n\n\n\n<p><\/p>\n\n\n\n<p><\/p>\n\n\n\n<p><\/p>\n","protected":false},"excerpt":{"rendered":"<p>sk\u0142ada Rada Osiedla Gaj.<\/p>\n","protected":false},"author":3,"featured_media":14630,"comment_status":"open","ping_status":"open","sticky":false,"template":"","format":"standard","meta":{"footnotes":""},"categories":[14],"tags":[582,1704],"class_list":["post-14628","post","type-post","status-publish","format-standard","has-post-thumbnail","hentry","category-aktualnosci","tag-boze-narodzenie","tag-boze-narodzenie-na-gaju"],"_links":{"self":[{"href":"https:\/\/online.tvk-gaj.pl\/index.php?rest_route=\/wp\/v2\/posts\/14628","targetHints":{"allow":["GET"]}}],"collection":[{"href":"https:\/\/online.tvk-gaj.pl\/index.php?rest_route=\/wp\/v2\/posts"}],"about":[{"href":"https:\/\/online.tvk-gaj.pl\/index.php?rest_route=\/wp\/v2\/types\/post"}],"author":[{"embeddable":true,"href":"https:\/\/online.tvk-gaj.pl\/index.php?rest_route=\/wp\/v2\/users\/3"}],"replies":[{"embeddable":true,"href":"https:\/\/online.tvk-gaj.pl\/index.php?rest_route=%2Fwp%2Fv2%2Fcomments&post=14628"}],"version-history":[{"count":3,"href":"https:\/\/online.tvk-gaj.pl\/index.php?rest_route=\/wp\/v2\/posts\/14628\/revisions"}],"predecessor-version":[{"id":14850,"href":"https:\/\/online.tvk-gaj.pl\/index.php?rest_route=\/wp\/v2\/posts\/14628\/revisions\/14850"}],"wp:featuredmedia":[{"embeddable":true,"href":"https:\/\/online.tvk-gaj.pl\/index.php?rest_route=\/wp\/v2\/media\/14630"}],"wp:attachment":[{"href":"https:\/\/online.tvk-gaj.pl\/index.php?rest_route=%2Fwp%2Fv2%2Fmedia&parent=14628"}],"wp:term":[{"taxonomy":"category","embeddable":true,"href":"https:\/\/online.tvk-gaj.pl\/index.php?rest_route=%2Fwp%2Fv2%2Fcategories&post=14628"},{"taxonomy":"post_tag","embeddable":true,"href":"https:\/\/online.tvk-gaj.pl\/index.php?rest_route=%2Fwp%2Fv2%2Ftags&post=14628"}],"curies":[{"name":"wp","href":"https:\/\/api.w.org\/{rel}","templated":true}]}}