{"id":14635,"date":"2023-12-15T18:30:37","date_gmt":"2023-12-15T17:30:37","guid":{"rendered":"http:\/\/www.tvk-gaj.pl\/~gajonline\/?p=14635"},"modified":"2023-12-17T18:43:24","modified_gmt":"2023-12-17T17:43:24","slug":"pogrzeb-i-procesja-zastrzelonych-policjantow","status":"publish","type":"post","link":"https:\/\/online.tvk-gaj.pl\/?p=14635","title":{"rendered":"Pogrzeb i procesja zastrzelonych policjant\u00f3w"},"content":{"rendered":"\n<p>W czwartek, 14 grudnia, odby\u0142y si\u0119 pa\u0144stwowe pogrzeby dw\u00f3ch zastrzelonych na ulicy Sudeckiej policjant\u00f3w. Jeden z pogrzeb\u00f3w, podkom. Ireneusza Michalaka, odby\u0142 si\u0119 w ko\u015bciele i na cmentarzu parafialnym pw. Ducha \u015awi\u0119tego przy ul. Bardzkiej. R\u00f3wnie\u017c ulic\u0105 Bardzk\u0105 przeszed\u0142 kondukt \u017ca\u0142obny. <\/p>\n\n\n\n<!--more-->\n\n\n\n<p><\/p>\n\n\n\n<p><\/p>\n\n\n\n<blockquote class=\"wp-block-quote is-layout-flow wp-block-quote-is-layout-flow\">\n<p>Komenda Wojew\u00f3dzka Policji we Wroc\u0142awiu:<\/p>\n<cite>Funkcjonariuszy z Komisariatu Policji Wroc\u0142aw-Fabryczna &#8211; podkom. Ireneusza Michalaka i podkom. Daniela \u0141uczy\u0144skiego, kt\u00f3rzy zgin\u0119li realizuj\u0105c zadania s\u0142u\u017cbowe, po\u017cegna\u0142y dzi\u015b t\u0142umy. W uroczysto\u015bciach pogrzebowych odbywaj\u0105cych si\u0119 we Wroc\u0142awiu i \u0141ozinie opr\u00f3cz rodziny, bliskich, przyjaci\u00f3\u0142 i policjant\u00f3w z ca\u0142ej Polski oraz z zagranicy, udzia\u0142 wzi\u0119li m.in. Pan Czes\u0142aw Mroczek Sekretarz Stanu w Ministerstwie Spraw Wewn\u0119trznych i Administracji, nadinsp. Dariusz Augustyniak p.o. Komendanta G\u0142\u00f3wnego Policji, nadinsp. Dariusz Weso\u0142owski Komendant Wojew\u00f3dzki Policji we Wroc\u0142awiu, m\u0142. insp. Rafa\u0142 Siczek Komendant Miejski Policji we Wroc\u0142awiu, kt\u00f3rzy przybyli wraz ze swoimi zast\u0119pcami. Nie zabrak\u0142o tak\u017ce przedstawicieli w\u0142adz rz\u0105dowych i samorz\u0105dowych m.in. Wicewojewody Dolno\u015bl\u0105skiego Pana Jaros\u0142awa Kresa, Prezydenta Wroc\u0142awia Pana Jacka Sutryka.<\/cite><\/blockquote>\n\n\n\n<p><\/p>\n\n\n\n<p><\/p>\n\n\n\n<p><\/p>\n\n\n\n<figure class=\"wp-block-embed is-type-video is-provider-youtube wp-block-embed-youtube wp-embed-aspect-16-9 wp-has-aspect-ratio\"><div class=\"wp-block-embed__wrapper\">\n<iframe loading=\"lazy\" title=\"Niebo p\u0142aka\u0142o, a My razem z nim, bo \u017cegnali\u015bmy naszych przyjaci\u00f3\u0142 Daniela i Irka. Cze\u015b\u0107 Ich Pami\u0119ci!\" width=\"838\" height=\"471\" src=\"https:\/\/www.youtube.com\/embed\/nMmrlEv_oUE?feature=oembed\" frameborder=\"0\" allow=\"accelerometer; autoplay; clipboard-write; encrypted-media; gyroscope; picture-in-picture; web-share\" referrerpolicy=\"strict-origin-when-cross-origin\" allowfullscreen><\/iframe>\n<\/div><\/figure>\n\n\n\n<p><\/p>\n\n\n\n<p><\/p>\n\n\n\n<p><\/p>\n\n\n\n<p><\/p>\n\n\n\n<p><em>Fotografia nag\u0142\u00f3wowa autorstawa Tomasza Ho\u0142od (\u017ar\u00f3d\u0142o www.wroclaw.pl). <\/em><\/p>\n\n\n\n<p><\/p>\n\n\n\n<p><\/p>\n","protected":false},"excerpt":{"rendered":"<p>W czwartek, 14 grudnia, odby\u0142y si\u0119 pa\u0144stwowe pogrzeby dw\u00f3ch zastrzelonych na ulicy Sudeckiej policjant\u00f3w. Jeden z pogrzeb\u00f3w, podkom. Ireneusza Michalaka, odby\u0142 si\u0119 w ko\u015bciele i na cmentarzu parafialnym pw. Ducha \u015awi\u0119tego przy ul. Bardzkiej. R\u00f3wnie\u017c ulic\u0105 Bardzk\u0105 przeszed\u0142 kondukt \u017ca\u0142obny.<\/p>\n","protected":false},"author":3,"featured_media":14637,"comment_status":"open","ping_status":"open","sticky":false,"template":"","format":"video","meta":{"footnotes":""},"categories":[14],"tags":[197,367,112,1758,825,148],"class_list":["post-14635","post","type-post","status-publish","format-video","has-post-thumbnail","hentry","category-aktualnosci","tag-bardzka","tag-cmentarz-bardzka","tag-gaj","tag-kosciol-bardzka","tag-parafia-ducha-swietego","tag-policja","post_format-post-format-video"],"_links":{"self":[{"href":"https:\/\/online.tvk-gaj.pl\/index.php?rest_route=\/wp\/v2\/posts\/14635","targetHints":{"allow":["GET"]}}],"collection":[{"href":"https:\/\/online.tvk-gaj.pl\/index.php?rest_route=\/wp\/v2\/posts"}],"about":[{"href":"https:\/\/online.tvk-gaj.pl\/index.php?rest_route=\/wp\/v2\/types\/post"}],"author":[{"embeddable":true,"href":"https:\/\/online.tvk-gaj.pl\/index.php?rest_route=\/wp\/v2\/users\/3"}],"replies":[{"embeddable":true,"href":"https:\/\/online.tvk-gaj.pl\/index.php?rest_route=%2Fwp%2Fv2%2Fcomments&post=14635"}],"version-history":[{"count":2,"href":"https:\/\/online.tvk-gaj.pl\/index.php?rest_route=\/wp\/v2\/posts\/14635\/revisions"}],"predecessor-version":[{"id":14639,"href":"https:\/\/online.tvk-gaj.pl\/index.php?rest_route=\/wp\/v2\/posts\/14635\/revisions\/14639"}],"wp:featuredmedia":[{"embeddable":true,"href":"https:\/\/online.tvk-gaj.pl\/index.php?rest_route=\/wp\/v2\/media\/14637"}],"wp:attachment":[{"href":"https:\/\/online.tvk-gaj.pl\/index.php?rest_route=%2Fwp%2Fv2%2Fmedia&parent=14635"}],"wp:term":[{"taxonomy":"category","embeddable":true,"href":"https:\/\/online.tvk-gaj.pl\/index.php?rest_route=%2Fwp%2Fv2%2Fcategories&post=14635"},{"taxonomy":"post_tag","embeddable":true,"href":"https:\/\/online.tvk-gaj.pl\/index.php?rest_route=%2Fwp%2Fv2%2Ftags&post=14635"}],"curies":[{"name":"wp","href":"https:\/\/api.w.org\/{rel}","templated":true}]}}