{"id":14641,"date":"2024-01-18T16:14:00","date_gmt":"2024-01-18T15:14:00","guid":{"rendered":"http:\/\/www.tvk-gaj.pl\/~gajonline\/?p=14641"},"modified":"2024-01-17T18:21:10","modified_gmt":"2024-01-17T17:21:10","slug":"co-bylo-slychac-na-osiedlu-w-2023r-podsumowanie-minionego-roku-na-gaju","status":"publish","type":"post","link":"https:\/\/online.tvk-gaj.pl\/?p=14641","title":{"rendered":"Co by\u0142o s\u0142ycha\u0107 na osiedlu w 2023r.? Podsumowanie minionego roku na Gaju."},"content":{"rendered":"\n<p><\/p>\n\n\n\n<p>Publikujemy artyku\u0142 opublikowany pod koniec 2023r. na \u0142amach miejskiego portalu internetowego Wroc\u0142awskie Osiedla.<\/p>\n\n\n\n<!--more-->\n\n\n\n<p><\/p>\n\n\n\n<p><\/p>\n\n\n\n<p><strong>Rowerzy\u015bci, biegacze i spacerowicze na uko\u0144czonym fragmencie Promenady Krzyckiej, trwaj\u0105ce ju\u017c prace nad kolejnym odcinkiem trasy, odmieniony skwer, turnieje i zawody rozgrywane w ramach projektu \u201eSportowy Gaj\u201d \u2013 osiedle zdecydowanie stawia na sport i rekreacj\u0119. Co s\u0142ycha\u0107 na Gaju (w 2023r. &#8211; przyp. red.)?<\/strong><\/p>\n\n\n\n<p><\/p>\n\n\n\n<p><\/p>\n\n\n<div class=\"wp-block-image\">\n<figure class=\"aligncenter size-full\"><img loading=\"lazy\" decoding=\"async\" width=\"748\" height=\"480\" src=\"http:\/\/www.tvk-gaj.pl\/~gajonline\/wp-content\/uploads\/2024\/01\/Sportowy-Gaj-fot.-RO-6.jpg.webp\" alt=\"\" class=\"wp-image-14642\" srcset=\"https:\/\/online.tvk-gaj.pl\/wp-content\/uploads\/2024\/01\/Sportowy-Gaj-fot.-RO-6.jpg.webp 748w, https:\/\/online.tvk-gaj.pl\/wp-content\/uploads\/2024\/01\/Sportowy-Gaj-fot.-RO-6.jpg-300x193.webp 300w\" sizes=\"auto, (max-width: 748px) 100vw, 748px\" \/><\/figure>\n<\/div>\n\n\n<p>\u00a0<\/p>\n\n\n\n<p><\/p>\n\n\n\n<p>Przez po\u0142udniow\u0105 cz\u0119\u015b\u0107 osiedla Gaj przebiega du\u017ca cz\u0119\u015b\u0107 Promenady Krzyckiej, jednego z najpopularniejszych projekt\u00f3w WBO.<\/p>\n\n\n\n<p><\/p>\n\n\n\n<p><\/p>\n\n\n\n<figure class=\"wp-block-embed is-type-video is-provider-youtube wp-block-embed-youtube wp-embed-aspect-16-9 wp-has-aspect-ratio\"><div class=\"wp-block-embed__wrapper\">\n<iframe loading=\"lazy\" title=\"Kolejny odcinek Promenady Krzyckiej ju\u017c gotowy! Trasa zosta\u0142a te\u017c wyr\u00f3\u017cniona | Wroc\u0142aw TV\" width=\"838\" height=\"471\" src=\"https:\/\/www.youtube.com\/embed\/ABKpwgD8c8o?feature=oembed\" frameborder=\"0\" allow=\"accelerometer; autoplay; clipboard-write; encrypted-media; gyroscope; picture-in-picture; web-share\" referrerpolicy=\"strict-origin-when-cross-origin\" allowfullscreen><\/iframe>\n<\/div><\/figure>\n\n\n\n<p><\/p>\n\n\n\n<p>Cz\u0119\u015b\u0107 wiod\u0105ca od ul. Bardzkiej do Spiskiej jest ju\u017c gotowa, a w tym roku rusz\u0105 prace nad kolejnym fragmentem trasy, tym razem pomi\u0119dzy ulicami Spisk\u0105 i \u015al\u0119\u017cn\u0105. Po zako\u0144czeniu tego etapu trasa \u015bcie\u017cki pieszo-rowerowej po\u0142\u0105czy Tarnogaj i Gaj z Borkiem i je\u015bli wszystko p\u00f3jdzie zgodnie z planem, stanie si\u0119 to wiosn\u0105 lub latem 2024 roku. Przetarg zosta\u0142 ju\u017c og\u0142oszony, nied\u0142ugo powinien zosta\u0107 wy\u0142oniony wykonawca.<\/p>\n\n\n\n<p>Budowa nowego odcinka trasy wymaga\u0142a przygotowa\u0144: przebudowy ogrodzenia rodzinnych ogr\u00f3dk\u00f3w dzia\u0142kowych Oaza i Obro\u0144ca, rozbi\u00f3rki altan i zmiany wodoci\u0105g\u00f3w. Planowane prace budowlane obejmuj\u0105 m.in. budow\u0119 traktu pieszo-rowerowego z betonu asfaltowego, budow\u0119 drogi rowerowej z betonu asfaltowego, budow\u0119 chodnik\u00f3w dla pieszych o nawierzchni z kruszywa, monta\u017c o\u015bwietlenia, zak\u0142adanie trawnik\u00f3w i nasadzenia drzew i krzew\u00f3w.<\/p>\n\n\n\n<p>Warto doda\u0107, \u017ce powstaj\u0105ca promenada wiedzie historycznym szlakiem spacerowym o nazwie Hugo Richter Weg, biegn\u0105cym wzd\u0142u\u017c tor\u00f3w kolejowych Towarowej Obwodnicy Wroc\u0142awia. W nowej ods\u0142onie jest elementem sp\u00f3jnego systemu zieleni, \u0142\u0105cznikiem pomi\u0119dzy istniej\u0105cymi parkami Grabiszy\u0144skim i Po\u0142udniowym oraz nowopowsta\u0142ymi parkami na wschodzie, a\u017c do osiedla Tarnogaj.<\/p>\n\n\n\n<p>Powstaj\u0105ca etapami transosiedlowa trasa ju\u017c teraz sta\u0142a si\u0119 ulubionym miejscem do spacerowania, biegania i jazdy na rowerze.<\/p>\n\n\n\n<h2 class=\"wp-block-heading\">Zielona \u015bciana i zielona aleja<\/h2>\n\n\n\n<p><\/p>\n\n\n\n<figure class=\"wp-block-image size-full\"><img loading=\"lazy\" decoding=\"async\" width=\"840\" height=\"473\" src=\"http:\/\/www.tvk-gaj.pl\/~gajonline\/wp-content\/uploads\/2024\/01\/zielen-swieradowska-ZZM.jpg.webp\" alt=\"\" class=\"wp-image-14643\" srcset=\"https:\/\/online.tvk-gaj.pl\/wp-content\/uploads\/2024\/01\/zielen-swieradowska-ZZM.jpg.webp 840w, https:\/\/online.tvk-gaj.pl\/wp-content\/uploads\/2024\/01\/zielen-swieradowska-ZZM.jpg-300x169.webp 300w, https:\/\/online.tvk-gaj.pl\/wp-content\/uploads\/2024\/01\/zielen-swieradowska-ZZM.jpg-768x432.webp 768w\" sizes=\"auto, (max-width: 840px) 100vw, 840px\" \/><figcaption class=\"wp-element-caption\"><em>\u0179r\u00f3d\u0142o: ZZM<\/em><\/figcaption><\/figure>\n\n\n\n<p><\/p>\n\n\n\n<p><\/p>\n\n\n\n<p><strong>&nbsp;<\/strong>W 2019 roku zosta\u0142a uko\u0144czona tzw. Zielona \u015bciana osiedla Gaj \u2013 teren zielony przy ul. \u015awieradowskiej. Prace obejmowa\u0142y budow\u0119 nawierzchni utwardzonej, ma\u0142ej architektury oraz oczywi\u015bcie nasadzenia. Projekt by\u0142 finansowany w ramach WBO, kosztowa\u0142 prawie 266 tys. z\u0142.<\/p>\n\n\n\n<p>\u2013&nbsp; Planujemy tam posadzenie drzew w ramach jednej z kolejnych edycji WRO\u015bnij we Wroc\u0142aw https:\/\/wcrs.wroclaw.pl\/wrosnij\/ \u2013 projektu, kt\u00f3rego celem jest uhonorowanie pojawienia si\u0119 nowego cz\u0142onka rodziny poprzez zasadzenie drzewka rosn\u0105cego wraz z nim \u2013 m\u00f3wi Marek Szempli\u0144ski z Zarz\u0105du Zieleni Miejskiej. &nbsp;W ramach tej akcji przyby\u0142o we Wroc\u0142awiu mn\u00f3stwo drzew, np. w kwietniu tego roku w parku Tysi\u0105clecia posadzono ich 300.<\/p>\n\n\n\n<p>Aleja Armii Krajowej stanie si\u0119 bardziej zielona: przyb\u0119dzie tam 600 drzew.<\/p>\n\n\n\n<p><\/p>\n\n\n\n<p><\/p>\n\n\n\n<figure class=\"wp-block-embed is-type-rich is-provider-obsluga-osadzania wp-block-embed-obsluga-osadzania\"><div class=\"wp-block-embed__wrapper\">\n<div class=\"fb-social-plugin fb-post\" data-href=\"https:\/\/www.facebook.com\/sutrykjacek\/posts\/826973555462187\"><\/div>\n<\/div><\/figure>\n\n\n\n<p><\/p>\n\n\n\n<p>\u2013 To kolejna wa\u017cna arteria we Wroc\u0142awiu, kt\u00f3r\u0105 chcemy zazieleni\u0107 \u2013 poinformowa\u0142 w mediach spo\u0142eczno\u015bciowych prezydent Jacek Sutryk. \u2013&nbsp; Zlecamy w\u0142a\u015bnie przygotowanie dokumentacji projektowej dla tego zadania. Chcemy nasadzi\u0107 tu gatunki rodzime. Uzupe\u0142nimy szpalery, a tak\u017ce poszukamy miejsca, gdzie mo\u017cna posadzi\u0107 dorodne drzewa.&nbsp; W miejskim g\u0105szczu sieci podziemnych czy przy rygorystycznych przepisach drogowych nie jest to zadanie tak \u0142atwe, jak si\u0119 niekt\u00f3rym wydaje, ale b\u0119dziemy si\u0119 stara\u0107.<\/p>\n\n\n\n<p>Zadanie b\u0119dzie realizowane od ul. Bogedaina do \u015al\u0119\u017cnej,&nbsp; a wi\u0119c tak\u017ce na osiedlu Gaj.<\/p>\n\n\n\n<p><\/p>\n\n\n\n<p><\/p>\n\n\n\n<h2 class=\"wp-block-heading\">Remonty w plac\u00f3wkach o\u015bwiatowych<\/h2>\n\n\n\n<p><\/p>\n\n\n\n<p><\/p>\n\n\n\n<figure class=\"wp-block-image size-large\"><img loading=\"lazy\" decoding=\"async\" width=\"1024\" height=\"768\" src=\"http:\/\/www.tvk-gaj.pl\/~gajonline\/wp-content\/uploads\/2017\/12\/P1050587-1024x768.jpg\" alt=\"\" class=\"wp-image-9745\" srcset=\"https:\/\/online.tvk-gaj.pl\/wp-content\/uploads\/2017\/12\/P1050587-1024x768.jpg 1024w, https:\/\/online.tvk-gaj.pl\/wp-content\/uploads\/2017\/12\/P1050587-300x225.jpg 300w, https:\/\/online.tvk-gaj.pl\/wp-content\/uploads\/2017\/12\/P1050587-768x576.jpg 768w\" sizes=\"auto, (max-width: 1024px) 100vw, 1024px\" \/><\/figure>\n\n\n\n<p><\/p>\n\n\n\n<p><strong>&nbsp;<\/strong>Oczywi\u015bcie na osiedlu dzieje si\u0119 du\u017co wi\u0119cej. Np. w przedszkolu nr 92 przy ul. Bardzkiej zosta\u0142 wyremontowany dach, odby\u0142o si\u0119 te\u017c malowanie i wykonano inne prace. Zosta\u0142 m.in. zakupiony i zamontowany piec konwekcyjno-parowy.&nbsp; Z kolei w szkole podstawowej nr 90 przy ul. Orzechowej&nbsp; zosta\u0142y m.in. pomalowane klatki schodowe i korytarze w jednym z segment\u00f3w, wymieniona stolarka okienna w cz\u0119\u015bci sportowej, wymienione o\u015bwietlenie w cz\u0119\u015bci klas. Koszt obu inwestycji: prawie 423 tys.<\/p>\n\n\n\n<h2 class=\"wp-block-heading\">\u00a0<\/h2>\n\n\n\n<h2 class=\"wp-block-heading\">Z Gaju do centrum i\u00a0 na R\u00f3\u017cank\u0119 autobusem elektrycznym K<\/h2>\n\n\n\n<p><\/p>\n\n\n\n<p><\/p>\n\n\n\n<figure class=\"wp-block-image size-large\"><img loading=\"lazy\" decoding=\"async\" width=\"768\" height=\"1024\" src=\"http:\/\/www.tvk-gaj.pl\/~gajonline\/wp-content\/uploads\/2022\/12\/mpk-zima-768x1024.jpeg\" alt=\"\" class=\"wp-image-14180\" srcset=\"https:\/\/online.tvk-gaj.pl\/wp-content\/uploads\/2022\/12\/mpk-zima-768x1024.jpeg 768w, https:\/\/online.tvk-gaj.pl\/wp-content\/uploads\/2022\/12\/mpk-zima-225x300.jpeg 225w, https:\/\/online.tvk-gaj.pl\/wp-content\/uploads\/2022\/12\/mpk-zima-1152x1536.jpeg 1152w, https:\/\/online.tvk-gaj.pl\/wp-content\/uploads\/2022\/12\/mpk-zima.jpeg 1368w\" sizes=\"auto, (max-width: 768px) 100vw, 768px\" \/><\/figure>\n\n\n\n<p><\/p>\n\n\n\n<p>Jeszcze jedna nowo\u015b\u0107: ju\u017c we wrze\u015bniu wyjad\u0105 na tras\u0119 pierwsze zeroemisyjne elektryczne autobusy przegubowe. B\u0119d\u0105 obs\u0142ugiwa\u0107 lini\u0119 K, jad\u0105c\u0105 od p\u0119tli Gaj do p\u0119tli Kamie\u0144skiego, przez centrum miasta: okolice dworca kolejowego, dworca autobusowego, Gelerii i Dominika\u0144skiej, ulic\u0119 \u015awidnick\u0105, okolice Rynku.\u00a0 Takich autobus\u00f3w ma by\u0107 \u0142\u0105cznie 13. Ostatnie dwa spo\u015br\u00f3d nich pojawi\u0105 si\u0119 w naszym mie\u015bcie w listopadzie.<\/p>\n\n\n\n<p><\/p>\n\n\n\n<h2 class=\"wp-block-heading\">Sportowy Gaj<\/h2>\n\n\n\n<p><\/p>\n\n\n\n<p>\u2013 W ramach projektu \u201eSportowy Gaj\u201d, realizowanego przez nas wraz M\u0142odzie\u017cowym Centrum Sportu i&nbsp; Klubem Pi\u0142karskim &#8222;Respect&#8221; oraz Drukarni\u0105 Osiedlow\u0105 zorganizowali\u015bmy wakacyjne zaj\u0119cia sportowe dla mieszka\u0144c\u00f3w osiedla. Zapraszamy na nie osoby w ka\u017cdym wieku \u2013 m\u00f3wi Adam Wojtaszewski,&nbsp; przewodnicz\u0105cy Rady Osiedla. \u201eSportowy Gaj\u201d to g\u0142\u00f3wnie turnieje sportowe, mecze pi\u0142karskie, zawody w r\u00f3\u017cnych konkurencjach i nocne granie dla doros\u0142ych. Tylko w lipcu w sportowych wydarzeniach bra\u0142o udzia\u0142 ponad tysi\u0105c os\u00f3b.<\/p>\n\n\n\n<figure class=\"wp-block-image\"><a href=\"https:\/\/cdn-portal.img.wroclaw.pl\/dla-mieszkanca\/files\/news\/437641\/Sportowy-Gaj-fot.-RO-7.jpg?imgeng=\/w_1900\"><img decoding=\"async\" src=\"https:\/\/cdn-portal.img.wroclaw.pl\/dla-mieszkanca\/files\/news\/437641\/Sportowy-Gaj-fot.-RO-7.jpg?imgeng=\/w_840\/h_480\/m_cropbox\" alt=\"Powi\u0119ksz obraz: <p&gt;Sportowy Gaj<\/p&gt;\"\/><\/a><\/figure>\n\n\n\n<p>ZOBACZ R\u00d3WNIE\u017b<\/p>\n\n\n\n<p><a href=\"https:\/\/www.wroclaw.pl\/dla-mieszkanca\/pocztowka-z-gaju-od-fotografii-do-perkusji-kursy-w-osrodku-postaw-tworczych\"><\/a><\/p>\n\n\n\n<p><\/p>\n\n\n\n<h2 class=\"wp-block-heading\">Osiedle w skr\u00f3cie<\/h2>\n\n\n\n<p><\/p>\n\n\n\n<figure class=\"wp-block-image size-large\"><img loading=\"lazy\" decoding=\"async\" width=\"768\" height=\"1024\" src=\"http:\/\/www.tvk-gaj.pl\/~gajonline\/wp-content\/uploads\/2022\/11\/IMG_0494-768x1024.jpg\" alt=\"\" class=\"wp-image-14081\" srcset=\"https:\/\/online.tvk-gaj.pl\/wp-content\/uploads\/2022\/11\/IMG_0494-768x1024.jpg 768w, https:\/\/online.tvk-gaj.pl\/wp-content\/uploads\/2022\/11\/IMG_0494-225x300.jpg 225w, https:\/\/online.tvk-gaj.pl\/wp-content\/uploads\/2022\/11\/IMG_0494-1152x1536.jpg 1152w, https:\/\/online.tvk-gaj.pl\/wp-content\/uploads\/2022\/11\/IMG_0494-1536x2048.jpg 1536w, https:\/\/online.tvk-gaj.pl\/wp-content\/uploads\/2022\/11\/IMG_0494-scaled.jpg 1920w\" sizes=\"auto, (max-width: 768px) 100vw, 768px\" \/><\/figure>\n\n\n\n<p><\/p>\n\n\n\n<p><strong>Pi\u0142ka pla\u017cowa nawet zim\u0105!&nbsp;<\/strong>W bardzo lubianym przez mieszka\u0144c\u00f3w Gaju i Borka 26-hektarowym parku Skowronim jest \u2013 poza placem zabaw z torem zreczno\u015bciowym, hu\u015btawkami i zje\u017cd\u017calniami, boiskiem do pi\u0142ki no\u017cnej i si\u0142owni\u0105 pod go\u0142ym niebem \u2013 &nbsp;&nbsp;boisko do pi\u0142ki pla\u017cowej, kt\u00f3re dzia\u0142a ca\u0142y rok, a wi\u0119c tak\u017ce jesieni\u0105 i zim\u0105. Mo\u017cna je znale\u017a\u0107 w po\u0142udniowej cz\u0119\u015bci parku.<\/p>\n\n\n\n<p><strong>Portretuj\u0105 osiedle czyli fotogaleria w przyczepie.&nbsp;<\/strong>Przy Gaj Chillout Bar (ul. \u015awieradowska 78) do ostatniego weekendu sierpnia b\u0119dzie sta\u0107 fotoprzyczepa z tymczasow\u0105 galeri\u0105 fotograficzn\u0105 \u2013 to element projektu \u201eTutaj jest dobrze\u201d kolektywu frames&amp;faces, kt\u00f3ry tworz\u0105 Ewelina Szyszka, Jagoda Lasota i Pawe\u0142 Zaj\u0105czkowski. \u201eMo\u017cna do nas wpa\u015b\u0107, podyskutowa\u0107 o projekcie, a nawet sta\u0107 si\u0119 jego cz\u0119\u015bci\u0105 \u2013 pisz\u0105 tw\u00f3rcy. Ich celem jest &nbsp;sportretowanie &nbsp;osiedla, jego architektury, ulic i&nbsp;skwer\u00f3w, ale nie tylko: \u201ezamierzamy \u2013 jak wyja\u015bniaj\u0105&nbsp; \u2013 sprowokowa\u0107 odwiedzaj\u0105cych i&nbsp;mieszka\u0144c\u00f3w Gaju do&nbsp;zastanowienia si\u0119 nad&nbsp;przestrzeni\u0105, w&nbsp;kt\u00f3rej&nbsp;\u017cyj\u0105 oraz&nbsp;do&nbsp;wsp\u00f3\u0142tworzenia portretu osiedla.\u201d<\/p>\n\n\n\n<p><strong>Gigantyczne zwierz\u0119ta<\/strong>. Na elewacjach blok\u00f3w przy ul. \u015awieradowskiej i Dzia\u0142kowej mo\u017cna zobaczy\u0107 gigantyczne \u017cyrafy, \u0142osie i flamingi. Malowid\u0142a zaprojektowa\u0142a i zrealizowa\u0142a pracownia Pro Art Konopka.<\/p>\n\n\n\n<figure class=\"wp-block-image\"><a href=\"https:\/\/cdn-portal.img.wroclaw.pl\/dla-mieszkanca\/files\/news\/437641\/Gaj-Osiedle-Zwierze-na-elewacji-OP-19.03.2023-102.jpg?imgeng=\/w_1900\"><img decoding=\"async\" src=\"https:\/\/cdn-portal.img.wroclaw.pl\/dla-mieszkanca\/files\/news\/437641\/Gaj-Osiedle-Zwierze-na-elewacji-OP-19.03.2023-102.jpg?imgeng=\/w_840\/h_480\/m_cropbox\" alt=\"Powi\u0119ksz obraz: <p&gt;Ogromne zwierz\u0119ta na fasadach budynkow na osiedlu Gaj<\/p&gt;\"\/><\/a><\/figure>\n\n\n\n<p><\/p>\n\n\n\n<h2 class=\"wp-block-heading\">Rada Osiedla<\/h2>\n\n\n\n<p>Przewodnicz\u0105cy Rady Osiedla&nbsp;<strong>Adam Wojtaszewski<\/strong>&nbsp;zaprasza mieszka\u0144c\u00f3w&nbsp; na dy\u017cury radnych, kt\u00f3re odbywaj\u0105 si\u0119 w ka\u017cdy czwartek od godz. 18 do godz. 20 w siedzibie RO Gaj przy ul. Krynickiej 80. Z radnymi mo\u017cna tak\u017ce skontaktowa\u0107 si\u0119 za po\u015brednictwem poczty elektronicznej, e-mail: &nbsp;gaj[at]osiedla.wroclaw.pl&nbsp;oraz telefonicznie,&nbsp;tel. 71 373 15 50.<\/p>\n\n\n\n<h2 class=\"wp-block-heading\">Stra\u017cnik osiedlowy<\/h2>\n\n\n\n<p>Stra\u017cnikiem miejskim na osiedlu Gaj jest&nbsp;<strong>Piotr Balicki<\/strong>, tel. 600 908&nbsp;507. Mo\u017ce zainterweniowa\u0107 na przyk\u0142ad w sprawie \u017ale zaparkowanego samochodu lub pom\u00f3c osobie w kryzysie bezdomno\u015bci. W sprawach wymagaj\u0105cych pilnej interwencji nale\u017cy dzwoni\u0107 do dy\u017curnego Stra\u017cy Miejskiej Wroc\u0142awia pod numer 986. Dy\u017cur jest pe\u0142niony przez ca\u0142\u0105 dob\u0119.<\/p>\n\n\n\n<h2 class=\"wp-block-heading\">Dzielnicowi<\/h2>\n\n\n\n<p>Osiedle Gaj to rejon dzia\u0142ania komisariatu Wroclaw Krzyki. Dzielnicowi tego osiedla to:<\/p>\n\n\n\n<ul class=\"wp-block-list\">\n<li><strong>sier\u017c. Mateusz Zi\u0119tek<\/strong>, tel. 601 813&nbsp;530, e-mail: dzielnicowy.krzyki14[at]wroclaw.wr.policja.gov.pl<\/li>\n\n\n\n<li><strong>m\u0142. asp.&nbsp;Dawid Sobiech, tel.&nbsp;<\/strong>601 814&nbsp;294, e-mail: dzielnicowy.krzyki12[at]wroclaw.wr.policja.gov.pl<\/li>\n\n\n\n<li><strong>sier\u017c. Bart\u0142omiej \u015awito\u0144<\/strong>, tel. 601 813&nbsp;501, e-mail: dzielnicowy.krzyki15[at]wroclaw.wr.policja.gov.pl<\/li>\n\n\n\n<li><strong>asp. Pawe\u0142 St\u0119pie\u0144<\/strong>, tel.. 601 813&nbsp;494, e-mail: dzielnicowy.krzyki16[at]wroclaw.wr.policja.gov.pl<\/li>\n<\/ul>\n\n\n\n<p>Do dzielnicowego mo\u017cna zg\u0142asza\u0107 na przyk\u0142ad picie alkoholu w miejscach obj\u0119tych zakazem, za\u015bmiecanie terenu albo zak\u0142\u00f3canie porz\u0105dku publicznego i parkowanie w miejscach utrudniaj\u0105cych ruch pieszych. W sprawach nag\u0142ych nale\u017cy dzwoni\u0107 pod dzia\u0142aj\u0105cy ca\u0142\u0105 dob\u0119 numer alarmowy 112.<\/p>\n\n\n\n<h2 class=\"wp-block-heading\">Komunikacja<\/h2>\n\n\n\n<ul class=\"wp-block-list\">\n<li>Tramwaje: 8, 16, 18, 31<\/li>\n\n\n\n<li>Autobusy 110, \u00a0112, 113, 124, 125, \u00a0133, 134, 136, 143, 145, 146, 249, 255, 612, 903. K<\/li>\n<\/ul>\n\n\n\n<p><\/p>\n\n\n\n<p><\/p>\n\n\n\n<p><\/p>\n\n\n\n<p><\/p>\n\n\n\n<p><\/p>\n\n\n\n<p><\/p>\n\n\n\n<p><\/p>\n\n\n\n<p><\/p>\n\n\n\n<p><\/p>\n\n\n\n<p><\/p>\n\n\n\n<hr class=\"wp-block-separator has-alpha-channel-opacity\"\/>\n\n\n\n<p><\/p>\n\n\n\n<div class=\"wp-block-group is-vertical is-layout-flex wp-container-core-group-is-layout-8cf370e7 wp-block-group-is-layout-flex\">\n<p><em>\u0179r\u00f3d\u0142o: https:\/\/www.wroclaw.pl\/dla-mieszkanca\/poznaj-wroclawskie-osiedla-co-slychac-na-gaju<\/em><\/p>\n\n\n\n<p><em>Autor: Beata Turska<\/em><\/p>\n\n\n\n<p><em>Data publikacji: 29.11.2023<\/em> <\/p>\n<\/div>\n","protected":false},"excerpt":{"rendered":"<p>Publikujemy artyku\u0142 opublikowany pod koniec 2023r. na \u0142amach miejskiego portalu internetowego Wroc\u0142awskie Osiedla.<\/p>\n","protected":false},"author":3,"featured_media":14081,"comment_status":"open","ping_status":"open","sticky":false,"template":"","format":"standard","meta":{"footnotes":""},"categories":[14,12],"tags":[112,166,135,1113],"class_list":["post-14641","post","type-post","status-publish","format-standard","has-post-thumbnail","hentry","category-aktualnosci","category-artykuly","tag-gaj","tag-osiedle-gaj","tag-rada-osiedla-gaj","tag-wroclaw-2"],"_links":{"self":[{"href":"https:\/\/online.tvk-gaj.pl\/index.php?rest_route=\/wp\/v2\/posts\/14641","targetHints":{"allow":["GET"]}}],"collection":[{"href":"https:\/\/online.tvk-gaj.pl\/index.php?rest_route=\/wp\/v2\/posts"}],"about":[{"href":"https:\/\/online.tvk-gaj.pl\/index.php?rest_route=\/wp\/v2\/types\/post"}],"author":[{"embeddable":true,"href":"https:\/\/online.tvk-gaj.pl\/index.php?rest_route=\/wp\/v2\/users\/3"}],"replies":[{"embeddable":true,"href":"https:\/\/online.tvk-gaj.pl\/index.php?rest_route=%2Fwp%2Fv2%2Fcomments&post=14641"}],"version-history":[{"count":2,"href":"https:\/\/online.tvk-gaj.pl\/index.php?rest_route=\/wp\/v2\/posts\/14641\/revisions"}],"predecessor-version":[{"id":14645,"href":"https:\/\/online.tvk-gaj.pl\/index.php?rest_route=\/wp\/v2\/posts\/14641\/revisions\/14645"}],"wp:featuredmedia":[{"embeddable":true,"href":"https:\/\/online.tvk-gaj.pl\/index.php?rest_route=\/wp\/v2\/media\/14081"}],"wp:attachment":[{"href":"https:\/\/online.tvk-gaj.pl\/index.php?rest_route=%2Fwp%2Fv2%2Fmedia&parent=14641"}],"wp:term":[{"taxonomy":"category","embeddable":true,"href":"https:\/\/online.tvk-gaj.pl\/index.php?rest_route=%2Fwp%2Fv2%2Fcategories&post=14641"},{"taxonomy":"post_tag","embeddable":true,"href":"https:\/\/online.tvk-gaj.pl\/index.php?rest_route=%2Fwp%2Fv2%2Ftags&post=14641"}],"curies":[{"name":"wp","href":"https:\/\/api.w.org\/{rel}","templated":true}]}}