{"id":14654,"date":"2024-06-02T22:25:57","date_gmt":"2024-06-02T20:25:57","guid":{"rendered":"http:\/\/www.tvk-gaj.pl\/~gajonline\/?p=14654"},"modified":"2024-06-02T22:46:23","modified_gmt":"2024-06-02T20:46:23","slug":"2-wroclawski-dzien-dziecka-na-gaju","status":"publish","type":"post","link":"https:\/\/online.tvk-gaj.pl\/?p=14654","title":{"rendered":"2 Wroc\u0142awski Dzie\u0144 Dziecka na Gaju"},"content":{"rendered":"\n<p>2 czerwca, w Parku S\u0142onecznym na Gaju, odby\u0142 si\u0119 2 wroc\u0142awski Dzie\u0144 Dziecka &#8211; zapraszamy do naszej fotorelacji:)<\/p>\n\n\n\n<!--more-->\n\n\n\n<p><\/p>\n\n\n\n<p>Impreza skierowana dla dzieci i ich rodzic\u00f3w odby\u0142a si\u0119 w niedziele, 2 czerwca, w godzinach 10-18, na terenie Parku S\u0142onecznego przy ul. Orzechowej na Gaju.<\/p>\n\n\n\n<p><\/p>\n\n\n\n<figure class=\"wp-block-image size-large\"><img loading=\"lazy\" decoding=\"async\" width=\"724\" height=\"1024\" src=\"http:\/\/www.tvk-gaj.pl\/~gajonline\/wp-content\/uploads\/2024\/06\/441199820_896198265838397_8148860008166873658_n-724x1024.jpg\" alt=\"\" class=\"wp-image-14656\" srcset=\"https:\/\/online.tvk-gaj.pl\/wp-content\/uploads\/2024\/06\/441199820_896198265838397_8148860008166873658_n-724x1024.jpg 724w, https:\/\/online.tvk-gaj.pl\/wp-content\/uploads\/2024\/06\/441199820_896198265838397_8148860008166873658_n-212x300.jpg 212w, https:\/\/online.tvk-gaj.pl\/wp-content\/uploads\/2024\/06\/441199820_896198265838397_8148860008166873658_n-768x1086.jpg 768w, https:\/\/online.tvk-gaj.pl\/wp-content\/uploads\/2024\/06\/441199820_896198265838397_8148860008166873658_n-1086x1536.jpg 1086w, https:\/\/online.tvk-gaj.pl\/wp-content\/uploads\/2024\/06\/441199820_896198265838397_8148860008166873658_n.jpg 1448w\" sizes=\"auto, (max-width: 724px) 100vw, 724px\" \/><\/figure>\n\n\n\n<p><\/p>\n\n\n\n<p>G\u0142\u00f3wnym miejscem wydarze\u0144 by\u0142o oczywi\u015bcie boisko pi\u0142karskie, na kt\u00f3rym odbywa\u0142y si\u0119 rozgrywki i zabawy sportowe. <\/p>\n\n\n\n<p><\/p>\n\n\n\n<p>Poza tym do dyspozycji dzieci by\u0142y dmuchane zamki, profesjonalni animatorzy oraz stoiska ze s\u0142odyczami i zabawkami. <\/p>\n\n\n\n<p><\/p>\n\n\n\n<p>Imprez\u0119 umila\u0142a oprawa muzyczna oraz dodatkowe atrakcje w postaci rodzinnych konkurs\u00f3w i zabaw.<\/p>\n\n\n\n<p><\/p>\n\n\n\n<p>Ide\u0105 wydarzenia by\u0142a integracja mieszka\u0144c\u00f3w miasta i osiedla, a tak\u017ce stworzenie sportowej i rodzinnej przestrzeni dla dzieci i rodzic\u00f3w.<\/p>\n\n\n\n<p><\/p>\n\n\n\n<p><\/p>\n\n\n\n<p><strong>Fotorelacja: <\/strong><\/p>\n\n\n\n<p><\/p>\n\n\n\n[ngg src=&#8221;galleries&#8221; ids=&#8221;137&#8243; display=&#8221;basic_thumbnail&#8221; thumbnail_crop=&#8221;0&#8243;]\n\n\n\n<p><\/p>\n\n\n\n<p><\/p>\n\n\n\n<p><\/p>\n\n\n\n<p>Impreza zorganizowana zosta\u0142a przy wsp\u00f3\u0142pracy Rady Osiedla Gaj, M\u0142odzie\u017cowego Centrum Sportu we Wroc\u0142awiu oraz Sp\u00f3\u0142dzielni Mieszkaniowej Wroc\u0142aw &#8211; Po\u0142udnie.<\/p>\n\n\n\n<p><\/p>\n\n\n\n<p>Wszystkim partnerom, sponsorom oraz wolontariuszom serdecznie dzi\u0119kujemy!<\/p>\n\n\n\n<p><\/p>\n\n\n\n<p><\/p>\n\n\n\n<p><\/p>\n","protected":false},"excerpt":{"rendered":"<p>2 czerwca, w Parku S\u0142onecznym na Gaju, odby\u0142 si\u0119 2 wroc\u0142awski Dzie\u0144 Dziecka &#8211; zapraszamy do naszej fotorelacji:)<\/p>\n","protected":false},"author":3,"featured_media":14655,"comment_status":"open","ping_status":"open","sticky":false,"template":"","format":"standard","meta":{"footnotes":""},"categories":[14,12],"tags":[448,1638,1767,1679,1765],"class_list":["post-14654","post","type-post","status-publish","format-standard","has-post-thumbnail","hentry","category-aktualnosci","category-artykuly","tag-dzien-dziecka","tag-dzien-dziecka-na-gaju","tag-ii-wroclawski-dzien-dziecka","tag-mcs-wroclaw","tag-nasze-poludnie"],"_links":{"self":[{"href":"https:\/\/online.tvk-gaj.pl\/index.php?rest_route=\/wp\/v2\/posts\/14654","targetHints":{"allow":["GET"]}}],"collection":[{"href":"https:\/\/online.tvk-gaj.pl\/index.php?rest_route=\/wp\/v2\/posts"}],"about":[{"href":"https:\/\/online.tvk-gaj.pl\/index.php?rest_route=\/wp\/v2\/types\/post"}],"author":[{"embeddable":true,"href":"https:\/\/online.tvk-gaj.pl\/index.php?rest_route=\/wp\/v2\/users\/3"}],"replies":[{"embeddable":true,"href":"https:\/\/online.tvk-gaj.pl\/index.php?rest_route=%2Fwp%2Fv2%2Fcomments&post=14654"}],"version-history":[{"count":3,"href":"https:\/\/online.tvk-gaj.pl\/index.php?rest_route=\/wp\/v2\/posts\/14654\/revisions"}],"predecessor-version":[{"id":14709,"href":"https:\/\/online.tvk-gaj.pl\/index.php?rest_route=\/wp\/v2\/posts\/14654\/revisions\/14709"}],"wp:featuredmedia":[{"embeddable":true,"href":"https:\/\/online.tvk-gaj.pl\/index.php?rest_route=\/wp\/v2\/media\/14655"}],"wp:attachment":[{"href":"https:\/\/online.tvk-gaj.pl\/index.php?rest_route=%2Fwp%2Fv2%2Fmedia&parent=14654"}],"wp:term":[{"taxonomy":"category","embeddable":true,"href":"https:\/\/online.tvk-gaj.pl\/index.php?rest_route=%2Fwp%2Fv2%2Fcategories&post=14654"},{"taxonomy":"post_tag","embeddable":true,"href":"https:\/\/online.tvk-gaj.pl\/index.php?rest_route=%2Fwp%2Fv2%2Ftags&post=14654"}],"curies":[{"name":"wp","href":"https:\/\/api.w.org\/{rel}","templated":true}]}}