{"id":14711,"date":"2024-06-19T17:14:23","date_gmt":"2024-06-19T15:14:23","guid":{"rendered":"http:\/\/www.tvk-gaj.pl\/~gajonline\/?p=14711"},"modified":"2024-06-21T17:43:06","modified_gmt":"2024-06-21T15:43:06","slug":"wycinka-drzew-i-krzewow-przy-ul-armii-krajowej","status":"publish","type":"post","link":"https:\/\/online.tvk-gaj.pl\/?p=14711","title":{"rendered":"Wycinka drzew i krzew\u00f3w przy al. Armii Krajowej"},"content":{"rendered":"\n<p>Informacja na temat wycinki drzew i krzew\u00f3w w obr\u0119bie skrzy\u017cowania ulic Krynickiej i Armii Krajowej (przy restauracji McDonald&#8217;s przy ul. Bardzkiej).<\/p>\n\n\n\n<!--more-->\n\n\n\n<p><\/p>\n\n\n<div class=\"wp-block-image\">\n<figure class=\"aligncenter size-large\"><img loading=\"lazy\" decoding=\"async\" width=\"1024\" height=\"531\" src=\"http:\/\/www.tvk-gaj.pl\/~gajonline\/wp-content\/uploads\/2024\/06\/drzewa-mcdonalds-2-1024x531.png\" alt=\"\" class=\"wp-image-14717\" srcset=\"https:\/\/online.tvk-gaj.pl\/wp-content\/uploads\/2024\/06\/drzewa-mcdonalds-2-1024x531.png 1024w, https:\/\/online.tvk-gaj.pl\/wp-content\/uploads\/2024\/06\/drzewa-mcdonalds-2-300x155.png 300w, https:\/\/online.tvk-gaj.pl\/wp-content\/uploads\/2024\/06\/drzewa-mcdonalds-2-768x398.png 768w, https:\/\/online.tvk-gaj.pl\/wp-content\/uploads\/2024\/06\/drzewa-mcdonalds-2-1536x796.png 1536w, https:\/\/online.tvk-gaj.pl\/wp-content\/uploads\/2024\/06\/drzewa-mcdonalds-2-2048x1062.png 2048w\" sizes=\"auto, (max-width: 1024px) 100vw, 1024px\" \/><\/figure>\n<\/div>\n\n\n<p><\/p>\n\n\n\n<p><\/p>\n\n\n\n<p><\/p>\n\n\n\n<p>W dniu 24 kwietnia 2024r. restauracja McDonald&#8217;s przy ul. Bardzkiej 3a (przy skrzy\u017cowaniu z al. Armii Krajowej) &#8211; pomimo sprzeciwu mieszka\u0144c\u00f3w bloku przy ul. Krynickiej 2-6, dokona\u0142a wycinki krzewostanu buk\u00f3w (ok 33m2) i 30-letnich buk\u00f3w czerwono-listnych, z kt\u00f3rych co najmniej 2 chronie by\u0142y prawem. <\/p>\n\n\n\n<p><\/p>\n\n\n\n<p>Zamieszczamy opini\u0119 Wydzia\u0142u \u015arodowiska z dnia 6 kwietnia 2021r. <\/p>\n\n\n\n<p><\/p>\n\n\n\n<figure class=\"wp-block-image size-large\"><img loading=\"lazy\" decoding=\"async\" width=\"1024\" height=\"460\" src=\"http:\/\/www.tvk-gaj.pl\/~gajonline\/wp-content\/uploads\/2024\/06\/skan-opinia-ws\u0301-1024x460.jpg\" alt=\"\" class=\"wp-image-14713\" srcset=\"https:\/\/online.tvk-gaj.pl\/wp-content\/uploads\/2024\/06\/skan-opinia-ws\u0301-1024x460.jpg 1024w, https:\/\/online.tvk-gaj.pl\/wp-content\/uploads\/2024\/06\/skan-opinia-ws\u0301-300x135.jpg 300w, https:\/\/online.tvk-gaj.pl\/wp-content\/uploads\/2024\/06\/skan-opinia-ws\u0301-768x345.jpg 768w, https:\/\/online.tvk-gaj.pl\/wp-content\/uploads\/2024\/06\/skan-opinia-ws\u0301-1536x689.jpg 1536w, https:\/\/online.tvk-gaj.pl\/wp-content\/uploads\/2024\/06\/skan-opinia-ws\u0301-2048x919.jpg 2048w\" sizes=\"auto, (max-width: 1024px) 100vw, 1024px\" \/><\/figure>\n\n\n\n<p><\/p>\n\n\n\n<p><\/p>\n\n\n\n<p><\/p>\n\n\n\n<p><\/p>\n\n\n\n<p>Drzewa s\u0105 naszym naturalnym sprzymierze\u0144cem w redukcji CO2, wi\u0119c tym bardziej ich ochrona jest wa\u017cna dla lokalnego \u015brodowiska i mieszka\u0144c\u00f3w tej cze\u015bci osiedla Gaj.<\/p>\n\n\n\n<p>Przeprowadzona wycinka spowodowa\u0142a r\u00f3wnie\u017c cz\u0119\u015bciow\u0105 likwidacj\u0119 naturalnego ekranu dzwi\u0119ko i py\u0142ochronnego, co skutkuje wzrostem ha\u0142asu i zapylenia dla mieszka\u0144c\u00f3w s\u0105siedniego budynku mieszkalnego. <\/p>\n\n\n\n<p><\/p>\n\n\n\n<p>W zwi\u0105zku z powy\u017cszym Przewodnicz\u0105cy Zarz\u0105du Rady Osiedla Gaj, Pan Stefan Zydorowicz w imieniu mieszka\u0144c\u00f3w budynku przy ul. Krynickiej 2-6 zadaje publiczne pytanie do w\u0142adz miasta o \u017ar\u00f3d\u0142a decyzji o wycince drzew i krzew\u00f3w, a tak\u017ce o mo\u017cliwej odpowiedzialno\u015bci za to dzia\u0142anie. <\/p>\n\n\n\n<p><\/p>\n\n\n\n<p><\/p>\n\n\n\n<p><\/p>\n\n\n\n<p><\/p>\n","protected":false},"excerpt":{"rendered":"<p>Informacja na temat wycinki drzew i krzew\u00f3w w obr\u0119bie skrzy\u017cowania ulic Krynickiej i Armii Krajowej (przy restauracji McDonald&#8217;s przy ul. Bardzkiej).<\/p>\n","protected":false},"author":3,"featured_media":14718,"comment_status":"open","ping_status":"open","sticky":false,"template":"","format":"standard","meta":{"footnotes":""},"categories":[14],"tags":[198,532,209,1769],"class_list":["post-14711","post","type-post","status-publish","format-standard","has-post-thumbnail","hentry","category-aktualnosci","tag-armii-krajowej","tag-drzewa","tag-krynicka","tag-protest"],"_links":{"self":[{"href":"https:\/\/online.tvk-gaj.pl\/index.php?rest_route=\/wp\/v2\/posts\/14711","targetHints":{"allow":["GET"]}}],"collection":[{"href":"https:\/\/online.tvk-gaj.pl\/index.php?rest_route=\/wp\/v2\/posts"}],"about":[{"href":"https:\/\/online.tvk-gaj.pl\/index.php?rest_route=\/wp\/v2\/types\/post"}],"author":[{"embeddable":true,"href":"https:\/\/online.tvk-gaj.pl\/index.php?rest_route=\/wp\/v2\/users\/3"}],"replies":[{"embeddable":true,"href":"https:\/\/online.tvk-gaj.pl\/index.php?rest_route=%2Fwp%2Fv2%2Fcomments&post=14711"}],"version-history":[{"count":2,"href":"https:\/\/online.tvk-gaj.pl\/index.php?rest_route=\/wp\/v2\/posts\/14711\/revisions"}],"predecessor-version":[{"id":14721,"href":"https:\/\/online.tvk-gaj.pl\/index.php?rest_route=\/wp\/v2\/posts\/14711\/revisions\/14721"}],"wp:featuredmedia":[{"embeddable":true,"href":"https:\/\/online.tvk-gaj.pl\/index.php?rest_route=\/wp\/v2\/media\/14718"}],"wp:attachment":[{"href":"https:\/\/online.tvk-gaj.pl\/index.php?rest_route=%2Fwp%2Fv2%2Fmedia&parent=14711"}],"wp:term":[{"taxonomy":"category","embeddable":true,"href":"https:\/\/online.tvk-gaj.pl\/index.php?rest_route=%2Fwp%2Fv2%2Fcategories&post=14711"},{"taxonomy":"post_tag","embeddable":true,"href":"https:\/\/online.tvk-gaj.pl\/index.php?rest_route=%2Fwp%2Fv2%2Ftags&post=14711"}],"curies":[{"name":"wp","href":"https:\/\/api.w.org\/{rel}","templated":true}]}}