{"id":14738,"date":"2024-07-31T21:33:53","date_gmt":"2024-07-31T19:33:53","guid":{"rendered":"http:\/\/www.tvk-gaj.pl\/~gajonline\/?p=14738"},"modified":"2024-08-07T21:46:06","modified_gmt":"2024-08-07T19:46:06","slug":"plac-zabaw-w-parku-slonecznym-w-nowej-odslonie","status":"publish","type":"post","link":"https:\/\/online.tvk-gaj.pl\/?p=14738","title":{"rendered":"Plac zabaw w Parku S\u0142onecznym w nowej ods\u0142onie"},"content":{"rendered":"\n<p>Miasto zako\u0144czy\u0142o gruntowny remont placu zabaw w Parku S\u0142onecznym. <\/p>\n\n\n\n<!--more-->\n\n\n\n<p><\/p>\n\n\n\n<p>Plac zabaw zlokalizowany jest przy ul. Orzechowej w Parku S\u0142onecznym (na przeciwko wej\u015bcia do Szko\u0142y Podstawowej Nr 90).<\/p>\n\n\n\n<figure class=\"wp-block-gallery has-nested-images columns-default is-cropped wp-block-gallery-1 is-layout-flex wp-block-gallery-is-layout-flex\">\n<figure class=\"wp-block-image size-large\"><img loading=\"lazy\" decoding=\"async\" width=\"1024\" height=\"461\" data-id=\"14743\" src=\"http:\/\/www.tvk-gaj.pl\/~gajonline\/wp-content\/uploads\/2024\/08\/453150273_919923626834451_8195601970572578436_n-2-1024x461.jpg\" alt=\"\" class=\"wp-image-14743\" srcset=\"https:\/\/online.tvk-gaj.pl\/wp-content\/uploads\/2024\/08\/453150273_919923626834451_8195601970572578436_n-2-1024x461.jpg 1024w, https:\/\/online.tvk-gaj.pl\/wp-content\/uploads\/2024\/08\/453150273_919923626834451_8195601970572578436_n-2-300x135.jpg 300w, https:\/\/online.tvk-gaj.pl\/wp-content\/uploads\/2024\/08\/453150273_919923626834451_8195601970572578436_n-2-768x346.jpg 768w, https:\/\/online.tvk-gaj.pl\/wp-content\/uploads\/2024\/08\/453150273_919923626834451_8195601970572578436_n-2.jpg 1422w\" sizes=\"auto, (max-width: 1024px) 100vw, 1024px\" \/><\/figure>\n\n\n\n<figure class=\"wp-block-image size-large\"><img loading=\"lazy\" decoding=\"async\" width=\"1024\" height=\"461\" data-id=\"14742\" src=\"http:\/\/www.tvk-gaj.pl\/~gajonline\/wp-content\/uploads\/2024\/08\/453150273_919923626834451_8195601970572578436_n-1024x461.jpg\" alt=\"\" class=\"wp-image-14742\" srcset=\"https:\/\/online.tvk-gaj.pl\/wp-content\/uploads\/2024\/08\/453150273_919923626834451_8195601970572578436_n-1024x461.jpg 1024w, https:\/\/online.tvk-gaj.pl\/wp-content\/uploads\/2024\/08\/453150273_919923626834451_8195601970572578436_n-300x135.jpg 300w, https:\/\/online.tvk-gaj.pl\/wp-content\/uploads\/2024\/08\/453150273_919923626834451_8195601970572578436_n-768x346.jpg 768w, https:\/\/online.tvk-gaj.pl\/wp-content\/uploads\/2024\/08\/453150273_919923626834451_8195601970572578436_n.jpg 1422w\" sizes=\"auto, (max-width: 1024px) 100vw, 1024px\" \/><\/figure>\n\n\n\n<figure class=\"wp-block-image size-large\"><img loading=\"lazy\" decoding=\"async\" width=\"1024\" height=\"461\" data-id=\"14740\" src=\"http:\/\/www.tvk-gaj.pl\/~gajonline\/wp-content\/uploads\/2024\/08\/453192829_919923660167781_3755445218143160783_n-2-1024x461.jpg\" alt=\"\" class=\"wp-image-14740\" srcset=\"https:\/\/online.tvk-gaj.pl\/wp-content\/uploads\/2024\/08\/453192829_919923660167781_3755445218143160783_n-2-1024x461.jpg 1024w, https:\/\/online.tvk-gaj.pl\/wp-content\/uploads\/2024\/08\/453192829_919923660167781_3755445218143160783_n-2-300x135.jpg 300w, https:\/\/online.tvk-gaj.pl\/wp-content\/uploads\/2024\/08\/453192829_919923660167781_3755445218143160783_n-2-768x346.jpg 768w, https:\/\/online.tvk-gaj.pl\/wp-content\/uploads\/2024\/08\/453192829_919923660167781_3755445218143160783_n-2.jpg 1422w\" sizes=\"auto, (max-width: 1024px) 100vw, 1024px\" \/><\/figure>\n\n\n\n<figure class=\"wp-block-image size-large\"><img loading=\"lazy\" decoding=\"async\" width=\"1024\" height=\"461\" data-id=\"14741\" src=\"http:\/\/www.tvk-gaj.pl\/~gajonline\/wp-content\/uploads\/2024\/08\/453194056_919923590167788_6850297125473945091_n-1024x461.jpg\" alt=\"\" class=\"wp-image-14741\" srcset=\"https:\/\/online.tvk-gaj.pl\/wp-content\/uploads\/2024\/08\/453194056_919923590167788_6850297125473945091_n-1024x461.jpg 1024w, https:\/\/online.tvk-gaj.pl\/wp-content\/uploads\/2024\/08\/453194056_919923590167788_6850297125473945091_n-300x135.jpg 300w, https:\/\/online.tvk-gaj.pl\/wp-content\/uploads\/2024\/08\/453194056_919923590167788_6850297125473945091_n-768x346.jpg 768w, https:\/\/online.tvk-gaj.pl\/wp-content\/uploads\/2024\/08\/453194056_919923590167788_6850297125473945091_n.jpg 1422w\" sizes=\"auto, (max-width: 1024px) 100vw, 1024px\" \/><\/figure>\n\n\n\n<figure class=\"wp-block-image size-large\"><img loading=\"lazy\" decoding=\"async\" width=\"1024\" height=\"461\" data-id=\"14744\" src=\"http:\/\/www.tvk-gaj.pl\/~gajonline\/wp-content\/uploads\/2024\/08\/453384563_919923563501124_477963752877340250_n-1-1024x461.jpg\" alt=\"\" class=\"wp-image-14744\" srcset=\"https:\/\/online.tvk-gaj.pl\/wp-content\/uploads\/2024\/08\/453384563_919923563501124_477963752877340250_n-1-1024x461.jpg 1024w, https:\/\/online.tvk-gaj.pl\/wp-content\/uploads\/2024\/08\/453384563_919923563501124_477963752877340250_n-1-300x135.jpg 300w, https:\/\/online.tvk-gaj.pl\/wp-content\/uploads\/2024\/08\/453384563_919923563501124_477963752877340250_n-1-768x346.jpg 768w, https:\/\/online.tvk-gaj.pl\/wp-content\/uploads\/2024\/08\/453384563_919923563501124_477963752877340250_n-1.jpg 1422w\" sizes=\"auto, (max-width: 1024px) 100vw, 1024px\" \/><\/figure>\n<\/figure>\n\n\n\n<p><\/p>\n\n\n\n<p><\/p>\n\n\n\n<p><\/p>\n\n\n\n<p>Inwestycja obejmowa\u0142a nie monta\u017c nowych urz\u0105dze\u0144, ale i zagospodarowanie terenu w postaci m.in. nowej nawierzchni oraz \u0142awek. <\/p>\n\n\n\n<p>Jednym z miejskich priorytet\u00f3w jest tworzenie integracyjnych plac\u00f3w zabaw, st\u0105d zamontowany zosta\u0142 zestaw wielofunkcyjny z platformami, na kt\u00f3re mo\u017cna wjecha\u0107 w\u00f3zkiem i odpowiednio przystosowanymi modu\u0142ami oraz specjalne trampoliny.<\/p>\n\n\n\n<p><\/p>\n\n\n\n<p><\/p>\n\n\n\n<figure class=\"wp-block-image size-large\"><img loading=\"lazy\" decoding=\"async\" width=\"1024\" height=\"461\" src=\"http:\/\/www.tvk-gaj.pl\/~gajonline\/wp-content\/uploads\/2024\/08\/453384563_919923563501124_477963752877340250_n-2-1024x461.jpg\" alt=\"\" class=\"wp-image-14746\" srcset=\"https:\/\/online.tvk-gaj.pl\/wp-content\/uploads\/2024\/08\/453384563_919923563501124_477963752877340250_n-2-1024x461.jpg 1024w, https:\/\/online.tvk-gaj.pl\/wp-content\/uploads\/2024\/08\/453384563_919923563501124_477963752877340250_n-2-300x135.jpg 300w, https:\/\/online.tvk-gaj.pl\/wp-content\/uploads\/2024\/08\/453384563_919923563501124_477963752877340250_n-2-768x346.jpg 768w, https:\/\/online.tvk-gaj.pl\/wp-content\/uploads\/2024\/08\/453384563_919923563501124_477963752877340250_n-2.jpg 1422w\" sizes=\"auto, (max-width: 1024px) 100vw, 1024px\" \/><\/figure>\n\n\n\n<p><\/p>\n\n\n\n<p><\/p>\n\n\n\n<p>[AKTUALIZACJA z dn. 07.08.2024r.] Relacja Prezydenta Wroc\u0142awia, Jacka Sutryka:<\/p>\n\n\n\n<p><a href=\"https:\/\/www.facebook.com\/reel\/847087267368771\">https:\/\/www.facebook.com\/reel\/847087267368771<\/a><\/p>\n\n\n\n<p><\/p>\n\n\n\n<p><\/p>\n\n\n\n<p><\/p>\n","protected":false},"excerpt":{"rendered":"<p>Miasto zako\u0144czy\u0142o gruntowny remont placu zabaw w Parku S\u0142onecznym.<\/p>\n","protected":false},"author":3,"featured_media":14739,"comment_status":"open","ping_status":"open","sticky":false,"template":"","format":"standard","meta":{"footnotes":""},"categories":[14,12],"tags":[112,218,128,809,1772],"class_list":["post-14738","post","type-post","status-publish","format-standard","has-post-thumbnail","hentry","category-aktualnosci","category-artykuly","tag-gaj","tag-orzechowa","tag-park-sloneczny","tag-plac-zabaw","tag-plac-zabaw-w-parku-slonecznym-na-gaju"],"_links":{"self":[{"href":"https:\/\/online.tvk-gaj.pl\/index.php?rest_route=\/wp\/v2\/posts\/14738","targetHints":{"allow":["GET"]}}],"collection":[{"href":"https:\/\/online.tvk-gaj.pl\/index.php?rest_route=\/wp\/v2\/posts"}],"about":[{"href":"https:\/\/online.tvk-gaj.pl\/index.php?rest_route=\/wp\/v2\/types\/post"}],"author":[{"embeddable":true,"href":"https:\/\/online.tvk-gaj.pl\/index.php?rest_route=\/wp\/v2\/users\/3"}],"replies":[{"embeddable":true,"href":"https:\/\/online.tvk-gaj.pl\/index.php?rest_route=%2Fwp%2Fv2%2Fcomments&post=14738"}],"version-history":[{"count":2,"href":"https:\/\/online.tvk-gaj.pl\/index.php?rest_route=\/wp\/v2\/posts\/14738\/revisions"}],"predecessor-version":[{"id":14748,"href":"https:\/\/online.tvk-gaj.pl\/index.php?rest_route=\/wp\/v2\/posts\/14738\/revisions\/14748"}],"wp:featuredmedia":[{"embeddable":true,"href":"https:\/\/online.tvk-gaj.pl\/index.php?rest_route=\/wp\/v2\/media\/14739"}],"wp:attachment":[{"href":"https:\/\/online.tvk-gaj.pl\/index.php?rest_route=%2Fwp%2Fv2%2Fmedia&parent=14738"}],"wp:term":[{"taxonomy":"category","embeddable":true,"href":"https:\/\/online.tvk-gaj.pl\/index.php?rest_route=%2Fwp%2Fv2%2Fcategories&post=14738"},{"taxonomy":"post_tag","embeddable":true,"href":"https:\/\/online.tvk-gaj.pl\/index.php?rest_route=%2Fwp%2Fv2%2Ftags&post=14738"}],"curies":[{"name":"wp","href":"https:\/\/api.w.org\/{rel}","templated":true}]}}