{"id":14749,"date":"2024-08-07T22:49:55","date_gmt":"2024-08-07T20:49:55","guid":{"rendered":"http:\/\/www.tvk-gaj.pl\/~gajonline\/?p=14749"},"modified":"2024-08-07T22:49:57","modified_gmt":"2024-08-07T20:49:57","slug":"nowe-lawki-na-wzgorzu-gajowym","status":"publish","type":"post","link":"https:\/\/online.tvk-gaj.pl\/?p=14749","title":{"rendered":"Nowe \u0142awki na Wzg\u00f3rzu Gajowym"},"content":{"rendered":"\n<p>|Ma\u0142a rzecz a cieszy&#8221; &#8211; tym powiedzeniem mo\u017cna trafnie opisa\u0107 monta\u017c nowych \u0142awek na Wzg\u00f3rzu Gajowym.<\/p>\n\n\n\n<!--more-->\n\n\n\n<p><\/p>\n\n\n\n<p>Za monta\u017c \u0142aweczek odpowiada M\u0142odzie\u017cowe Centrum Sportu we Wroc\u0142awiu. Pomys\u0142odawc\u0105 \u0142aweczek umo\u017cliwiaj\u0105cych m.in. podziwianie panoramy Wroc\u0142awia na tle Sudet &#8211; prosto z Gaju &#8211; jest Radna Miasta Wroc\u0142awia, Pani Agnieszka Dusza. <\/p>\n\n\n\n<p><\/p>\n\n\n\n<p>Wzg\u00f3rze Gajowe to potoczne okre\u015blenie sztucznie stworzonej g\u00f3rki zlokalizowanej w obr\u0119bie skrzy\u017cowania ulic Bardzkiej i \u015awieradowskiej. Wzg\u00f3rze przyci\u0105ga mieszka\u0144c\u00f3w osiedla i miasta, kt\u00f3rzy pragn\u0105 nie tylko odpocz\u0105\u0107 w otoczeniu zieleni, ale i podziwia\u0107 panoram\u0119 miasta i jego okolic. Miejsce to stworzy\u0142o r\u00f3wnie\u017c wok\u00f3\u0142 siebie spo\u0142eczno\u015b\u0107 aktywist\u00f3w, kt\u00f3rzy dbaj\u0105 o wzg\u00f3rze i ziele\u0144 na Gaju.<\/p>\n\n\n\n<p><\/p>\n\n\n\n<p>Zdj\u0119cia pochodz\u0105 z facebookowego profilu PARK &#8222;Zielony GAJ&#8221;, kt\u00f3ry serdecznie polecamy: <\/p>\n\n\n\n<p><\/p>\n\n\n\n<figure class=\"wp-block-image size-large\"><img loading=\"lazy\" decoding=\"async\" width=\"1024\" height=\"576\" src=\"http:\/\/www.tvk-gaj.pl\/~gajonline\/wp-content\/uploads\/2024\/08\/453655298_885325140295396_6896184430640949117_n-2-1024x576.jpg\" alt=\"\" class=\"wp-image-14750\" srcset=\"https:\/\/online.tvk-gaj.pl\/wp-content\/uploads\/2024\/08\/453655298_885325140295396_6896184430640949117_n-2-1024x576.jpg 1024w, https:\/\/online.tvk-gaj.pl\/wp-content\/uploads\/2024\/08\/453655298_885325140295396_6896184430640949117_n-2-300x169.jpg 300w, https:\/\/online.tvk-gaj.pl\/wp-content\/uploads\/2024\/08\/453655298_885325140295396_6896184430640949117_n-2-768x432.jpg 768w, https:\/\/online.tvk-gaj.pl\/wp-content\/uploads\/2024\/08\/453655298_885325140295396_6896184430640949117_n-2-1536x864.jpg 1536w, https:\/\/online.tvk-gaj.pl\/wp-content\/uploads\/2024\/08\/453655298_885325140295396_6896184430640949117_n-2.jpg 2048w\" sizes=\"auto, (max-width: 1024px) 100vw, 1024px\" \/><figcaption class=\"wp-element-caption\">\u0179r\u00f3d\u0142o: https:\/\/www.facebook.com\/parkowygaj\/<\/figcaption><\/figure>\n\n\n\n<p><\/p>\n\n\n\n<figure class=\"wp-block-image size-large\"><img loading=\"lazy\" decoding=\"async\" width=\"1024\" height=\"576\" src=\"http:\/\/www.tvk-gaj.pl\/~gajonline\/wp-content\/uploads\/2024\/08\/453883368_887030133458230_9022754983660365958_n-2-1024x576.jpg\" alt=\"\" class=\"wp-image-14751\" srcset=\"https:\/\/online.tvk-gaj.pl\/wp-content\/uploads\/2024\/08\/453883368_887030133458230_9022754983660365958_n-2-1024x576.jpg 1024w, https:\/\/online.tvk-gaj.pl\/wp-content\/uploads\/2024\/08\/453883368_887030133458230_9022754983660365958_n-2-300x169.jpg 300w, https:\/\/online.tvk-gaj.pl\/wp-content\/uploads\/2024\/08\/453883368_887030133458230_9022754983660365958_n-2-768x432.jpg 768w, https:\/\/online.tvk-gaj.pl\/wp-content\/uploads\/2024\/08\/453883368_887030133458230_9022754983660365958_n-2-1536x864.jpg 1536w, https:\/\/online.tvk-gaj.pl\/wp-content\/uploads\/2024\/08\/453883368_887030133458230_9022754983660365958_n-2.jpg 2048w\" sizes=\"auto, (max-width: 1024px) 100vw, 1024px\" \/><figcaption class=\"wp-element-caption\">\u0179r\u00f3d\u0142o: https:\/\/www.facebook.com\/parkowygaj\/<\/figcaption><\/figure>\n\n\n\n<p><\/p>\n\n\n\n<figure class=\"wp-block-image size-large\"><img loading=\"lazy\" decoding=\"async\" width=\"1024\" height=\"576\" src=\"http:\/\/www.tvk-gaj.pl\/~gajonline\/wp-content\/uploads\/2024\/08\/454005239_887030103458233_5504996695873091573_n-2-1024x576.jpg\" alt=\"\" class=\"wp-image-14752\" srcset=\"https:\/\/online.tvk-gaj.pl\/wp-content\/uploads\/2024\/08\/454005239_887030103458233_5504996695873091573_n-2-1024x576.jpg 1024w, https:\/\/online.tvk-gaj.pl\/wp-content\/uploads\/2024\/08\/454005239_887030103458233_5504996695873091573_n-2-300x169.jpg 300w, https:\/\/online.tvk-gaj.pl\/wp-content\/uploads\/2024\/08\/454005239_887030103458233_5504996695873091573_n-2-768x432.jpg 768w, https:\/\/online.tvk-gaj.pl\/wp-content\/uploads\/2024\/08\/454005239_887030103458233_5504996695873091573_n-2-1536x864.jpg 1536w, https:\/\/online.tvk-gaj.pl\/wp-content\/uploads\/2024\/08\/454005239_887030103458233_5504996695873091573_n-2.jpg 2048w\" sizes=\"auto, (max-width: 1024px) 100vw, 1024px\" \/><figcaption class=\"wp-element-caption\">\u0179r\u00f3d\u0142o: https:\/\/www.facebook.com\/parkowygaj\/<\/figcaption><\/figure>\n\n\n\n<p><\/p>\n\n\n\n<p><\/p>\n\n\n\n<p>Zapraszamy na Wzg\u00f3rze Gajowe:)<\/p>\n\n\n\n<p><\/p>\n\n\n\n<p><\/p>\n","protected":false},"excerpt":{"rendered":"<p>|Ma\u0142a rzecz a cieszy&#8221; &#8211; tym powiedzeniem mo\u017cna trafnie opisa\u0107 monta\u017c nowych \u0142awek na Wzg\u00f3rzu Gajowym.<\/p>\n","protected":false},"author":3,"featured_media":14750,"comment_status":"open","ping_status":"open","sticky":false,"template":"","format":"standard","meta":{"footnotes":""},"categories":[14,12],"tags":[112,443,301,1773],"class_list":["post-14749","post","type-post","status-publish","format-standard","has-post-thumbnail","hentry","category-aktualnosci","category-artykuly","tag-gaj","tag-park","tag-wzgorze-gajowe","tag-lawki"],"_links":{"self":[{"href":"https:\/\/online.tvk-gaj.pl\/index.php?rest_route=\/wp\/v2\/posts\/14749","targetHints":{"allow":["GET"]}}],"collection":[{"href":"https:\/\/online.tvk-gaj.pl\/index.php?rest_route=\/wp\/v2\/posts"}],"about":[{"href":"https:\/\/online.tvk-gaj.pl\/index.php?rest_route=\/wp\/v2\/types\/post"}],"author":[{"embeddable":true,"href":"https:\/\/online.tvk-gaj.pl\/index.php?rest_route=\/wp\/v2\/users\/3"}],"replies":[{"embeddable":true,"href":"https:\/\/online.tvk-gaj.pl\/index.php?rest_route=%2Fwp%2Fv2%2Fcomments&post=14749"}],"version-history":[{"count":3,"href":"https:\/\/online.tvk-gaj.pl\/index.php?rest_route=\/wp\/v2\/posts\/14749\/revisions"}],"predecessor-version":[{"id":14756,"href":"https:\/\/online.tvk-gaj.pl\/index.php?rest_route=\/wp\/v2\/posts\/14749\/revisions\/14756"}],"wp:featuredmedia":[{"embeddable":true,"href":"https:\/\/online.tvk-gaj.pl\/index.php?rest_route=\/wp\/v2\/media\/14750"}],"wp:attachment":[{"href":"https:\/\/online.tvk-gaj.pl\/index.php?rest_route=%2Fwp%2Fv2%2Fmedia&parent=14749"}],"wp:term":[{"taxonomy":"category","embeddable":true,"href":"https:\/\/online.tvk-gaj.pl\/index.php?rest_route=%2Fwp%2Fv2%2Fcategories&post=14749"},{"taxonomy":"post_tag","embeddable":true,"href":"https:\/\/online.tvk-gaj.pl\/index.php?rest_route=%2Fwp%2Fv2%2Ftags&post=14749"}],"curies":[{"name":"wp","href":"https:\/\/api.w.org\/{rel}","templated":true}]}}