{"id":14757,"date":"2024-08-10T11:12:53","date_gmt":"2024-08-10T09:12:53","guid":{"rendered":"http:\/\/www.tvk-gaj.pl\/~gajonline\/?p=14757"},"modified":"2024-08-09T11:22:00","modified_gmt":"2024-08-09T09:22:00","slug":"vii-edycja-sportowego-gaju","status":"publish","type":"post","link":"https:\/\/online.tvk-gaj.pl\/?p=14757","title":{"rendered":"VII-edycja Sportowego Gaju!"},"content":{"rendered":"\n<p>Serdecznie zapraszamy na VII ju\u017c edycj\u0119 Sportowego Gaju (2024)!<\/p>\n\n\n\n<!--more-->\n\n\n\n<p><\/p>\n\n\n\n<p><\/p>\n\n\n\n<p><\/p>\n\n\n\n<figure class=\"wp-block-image size-large\"><img loading=\"lazy\" decoding=\"async\" width=\"727\" height=\"1024\" src=\"http:\/\/www.tvk-gaj.pl\/~gajonline\/wp-content\/uploads\/2024\/08\/sporotwy-gaj-727x1024.jpg\" alt=\"\" class=\"wp-image-14759\" srcset=\"https:\/\/online.tvk-gaj.pl\/wp-content\/uploads\/2024\/08\/sporotwy-gaj-727x1024.jpg 727w, https:\/\/online.tvk-gaj.pl\/wp-content\/uploads\/2024\/08\/sporotwy-gaj-213x300.jpg 213w, https:\/\/online.tvk-gaj.pl\/wp-content\/uploads\/2024\/08\/sporotwy-gaj-768x1082.jpg 768w, https:\/\/online.tvk-gaj.pl\/wp-content\/uploads\/2024\/08\/sporotwy-gaj-1090x1536.jpg 1090w, https:\/\/online.tvk-gaj.pl\/wp-content\/uploads\/2024\/08\/sporotwy-gaj-1453x2048.jpg 1453w, https:\/\/online.tvk-gaj.pl\/wp-content\/uploads\/2024\/08\/sporotwy-gaj-scaled.jpg 1816w\" sizes=\"auto, (max-width: 727px) 100vw, 727px\" \/><\/figure>\n\n\n\n<p><\/p>\n\n\n\n<p><\/p>\n\n\n\n<p>Sportowy Gaj to mn\u00f3stwo sportowych emocji i rodzinnej zabawy:)<\/p>\n\n\n\n<p><\/p>\n\n\n\n<p>Dzieci mog\u0105 zdobywa\u0107 specjalne piecz\u0105tki (wz\u00f3r poni\u017cej), kt\u00f3re na koniec Sportowego Gaju, podczas wrze\u015bniowego festynu Osiedla Gaj, wymieni\u0107 mo\u017cna na pami\u0105tkowy medal:)<\/p>\n\n\n\n<p><\/p>\n\n\n\n<p><\/p>\n\n\n\n<figure class=\"wp-block-image size-large\"><img loading=\"lazy\" decoding=\"async\" width=\"726\" height=\"1024\" src=\"http:\/\/www.tvk-gaj.pl\/~gajonline\/wp-content\/uploads\/2024\/08\/sportowygajpieczatki-1-726x1024.jpg\" alt=\"\" class=\"wp-image-14762\" srcset=\"https:\/\/online.tvk-gaj.pl\/wp-content\/uploads\/2024\/08\/sportowygajpieczatki-1-726x1024.jpg 726w, https:\/\/online.tvk-gaj.pl\/wp-content\/uploads\/2024\/08\/sportowygajpieczatki-1-213x300.jpg 213w, https:\/\/online.tvk-gaj.pl\/wp-content\/uploads\/2024\/08\/sportowygajpieczatki-1-768x1083.jpg 768w, https:\/\/online.tvk-gaj.pl\/wp-content\/uploads\/2024\/08\/sportowygajpieczatki-1-1089x1536.jpg 1089w, https:\/\/online.tvk-gaj.pl\/wp-content\/uploads\/2024\/08\/sportowygajpieczatki-1-1452x2048.jpg 1452w, https:\/\/online.tvk-gaj.pl\/wp-content\/uploads\/2024\/08\/sportowygajpieczatki-1-scaled.jpg 1816w\" sizes=\"auto, (max-width: 726px) 100vw, 726px\" \/><\/figure>\n\n\n\n<p><\/p>\n\n\n\n<p><\/p>\n\n\n\n<p>Od 2 lipca do 8 sierpnia w VII-edycji Sportowego Gaju w 54 spotkaniach, kt\u00f3re trwa\u0142y \u0142\u0105cznie 144 godzin wzi\u0119\u0142o udzia\u0142 ponad 2650 os\u00f3b!<\/p>\n\n\n\n<p><\/p>\n\n\n\n<p><\/p>\n\n\n\n<figure class=\"wp-block-image size-large\"><img loading=\"lazy\" decoding=\"async\" width=\"726\" height=\"1024\" src=\"http:\/\/www.tvk-gaj.pl\/~gajonline\/wp-content\/uploads\/2024\/08\/sportowygaj2-726x1024.jpg\" alt=\"\" class=\"wp-image-14760\" srcset=\"https:\/\/online.tvk-gaj.pl\/wp-content\/uploads\/2024\/08\/sportowygaj2-726x1024.jpg 726w, https:\/\/online.tvk-gaj.pl\/wp-content\/uploads\/2024\/08\/sportowygaj2-213x300.jpg 213w, https:\/\/online.tvk-gaj.pl\/wp-content\/uploads\/2024\/08\/sportowygaj2-768x1083.jpg 768w, https:\/\/online.tvk-gaj.pl\/wp-content\/uploads\/2024\/08\/sportowygaj2-1090x1536.jpg 1090w, https:\/\/online.tvk-gaj.pl\/wp-content\/uploads\/2024\/08\/sportowygaj2-1453x2048.jpg 1453w, https:\/\/online.tvk-gaj.pl\/wp-content\/uploads\/2024\/08\/sportowygaj2-scaled.jpg 1816w\" sizes=\"auto, (max-width: 726px) 100vw, 726px\" \/><\/figure>\n\n\n\n<p><\/p>\n\n\n\n<p><\/p>\n\n\n\n<p>To rekordowy wynik, cho\u0107 ca\u0142y czas czekamy na nowych uczestnik\u00f3w:) <\/p>\n\n\n\n<p><\/p>\n\n\n\n<p><\/p>\n\n\n\n<p>Dlatego zapraszamy na boisko pi\u0142karskie przy ul. Orzechowej w Parku S\u0142onecznym na Gaju.<\/p>\n\n\n\n<p><\/p>\n\n\n\n<p><\/p>\n\n\n\n<p><\/p>\n\n\n\n<p><\/p>\n","protected":false},"excerpt":{"rendered":"<p>Serdecznie zapraszamy na VII ju\u017c edycj\u0119 Sportowego Gaju (2024)!<\/p>\n","protected":false},"author":3,"featured_media":14758,"comment_status":"open","ping_status":"open","sticky":false,"template":"","format":"standard","meta":{"footnotes":""},"categories":[14,12],"tags":[1012,112,1774,128,135,648,1339],"class_list":["post-14757","post","type-post","status-publish","format-standard","has-post-thumbnail","hentry","category-aktualnosci","category-artykuly","tag-boisko-orzechowa","tag-gaj","tag-gaj-sport","tag-park-sloneczny","tag-rada-osiedla-gaj","tag-sport","tag-sportowy-gaj"],"_links":{"self":[{"href":"https:\/\/online.tvk-gaj.pl\/index.php?rest_route=\/wp\/v2\/posts\/14757","targetHints":{"allow":["GET"]}}],"collection":[{"href":"https:\/\/online.tvk-gaj.pl\/index.php?rest_route=\/wp\/v2\/posts"}],"about":[{"href":"https:\/\/online.tvk-gaj.pl\/index.php?rest_route=\/wp\/v2\/types\/post"}],"author":[{"embeddable":true,"href":"https:\/\/online.tvk-gaj.pl\/index.php?rest_route=\/wp\/v2\/users\/3"}],"replies":[{"embeddable":true,"href":"https:\/\/online.tvk-gaj.pl\/index.php?rest_route=%2Fwp%2Fv2%2Fcomments&post=14757"}],"version-history":[{"count":1,"href":"https:\/\/online.tvk-gaj.pl\/index.php?rest_route=\/wp\/v2\/posts\/14757\/revisions"}],"predecessor-version":[{"id":14763,"href":"https:\/\/online.tvk-gaj.pl\/index.php?rest_route=\/wp\/v2\/posts\/14757\/revisions\/14763"}],"wp:featuredmedia":[{"embeddable":true,"href":"https:\/\/online.tvk-gaj.pl\/index.php?rest_route=\/wp\/v2\/media\/14758"}],"wp:attachment":[{"href":"https:\/\/online.tvk-gaj.pl\/index.php?rest_route=%2Fwp%2Fv2%2Fmedia&parent=14757"}],"wp:term":[{"taxonomy":"category","embeddable":true,"href":"https:\/\/online.tvk-gaj.pl\/index.php?rest_route=%2Fwp%2Fv2%2Fcategories&post=14757"},{"taxonomy":"post_tag","embeddable":true,"href":"https:\/\/online.tvk-gaj.pl\/index.php?rest_route=%2Fwp%2Fv2%2Ftags&post=14757"}],"curies":[{"name":"wp","href":"https:\/\/api.w.org\/{rel}","templated":true}]}}