{"id":14765,"date":"2024-09-05T15:57:00","date_gmt":"2024-09-05T13:57:00","guid":{"rendered":"http:\/\/www.tvk-gaj.pl\/~gajonline\/?p=14765"},"modified":"2024-09-22T20:12:29","modified_gmt":"2024-09-22T18:12:29","slug":"festyn-osiedlowy-na-gaju-2","status":"publish","type":"post","link":"https:\/\/online.tvk-gaj.pl\/?p=14765","title":{"rendered":"Festyn Osiedlowy na Gaju!"},"content":{"rendered":"\n<p>Zapraszamy na Festyn &#8222;Po\u017cegnanie lata na Gaju&#8221;, kt\u00f3ry odb\u0119dzie si\u0119 28 wrze\u015bnia w Parku S\u0142onecznym na Gaju. Impreza rozpocznie si\u0119 o godzinie 13:00!<\/p>\n\n\n\n<!--more-->\n\n\n\n<p><\/p>\n\n\n\n<p><\/p>\n\n\n\n<figure class=\"wp-block-image size-large\"><img loading=\"lazy\" decoding=\"async\" width=\"724\" height=\"1024\" src=\"http:\/\/www.tvk-gaj.pl\/~gajonline\/wp-content\/uploads\/2024\/09\/Festyn-Osiedla-Gaj-28.09.2024-724x1024.png\" alt=\"\" class=\"wp-image-14771\" srcset=\"https:\/\/online.tvk-gaj.pl\/wp-content\/uploads\/2024\/09\/Festyn-Osiedla-Gaj-28.09.2024-724x1024.png 724w, https:\/\/online.tvk-gaj.pl\/wp-content\/uploads\/2024\/09\/Festyn-Osiedla-Gaj-28.09.2024-212x300.png 212w, https:\/\/online.tvk-gaj.pl\/wp-content\/uploads\/2024\/09\/Festyn-Osiedla-Gaj-28.09.2024-768x1086.png 768w, https:\/\/online.tvk-gaj.pl\/wp-content\/uploads\/2024\/09\/Festyn-Osiedla-Gaj-28.09.2024-1086x1536.png 1086w, https:\/\/online.tvk-gaj.pl\/wp-content\/uploads\/2024\/09\/Festyn-Osiedla-Gaj-28.09.2024.png 1414w\" sizes=\"auto, (max-width: 724px) 100vw, 724px\" \/><\/figure>\n\n\n\n<p><\/p>\n\n\n\n<p><\/p>\n\n\n\n<p>Festyn odb\u0119dzie si\u0119 w dniu&nbsp;14 wrze\u015bnia (sobota) 2024&nbsp;r. w godzinach&nbsp;13.00-22.00 w Parku S\u0142onecznym na Gaju (pomi\u0119dzy ulicami Orzechow\u0105 a Krynick\u0105). <\/p>\n\n\n\n<p><\/p>\n\n\n\n<p><strong>Celem<\/strong> imprezy jest m.in. integracja mieszka\u0144c\u00f3w osiedla, propagowanie zdrowego stylu \u017cycia, propagowanie idei samopomocy i rozbudzania wra\u017cliwo\u015bci spo\u0142ecznej oraz zasad bezpiecznego poruszania si\u0119 po drogach. Oczywi\u015bcie, zale\u017cy te\u017c nam przyjemnym i warto\u015bciowym sp\u0119dzeniu wsp\u00f3lnie czasu:)<\/p>\n\n\n\n<p><\/p>\n\n\n\n<p><strong>Atrakcje<\/strong> przewidziane na Festynie to m.in.:<\/p>\n\n\n\n<p>&#8211; Zamki dmuchane dla dzieci<\/p>\n\n\n\n<p>&#8211; Znakowanie rower\u00f3w przez Policj\u0119<\/p>\n\n\n\n<p>&#8211; Kucyki<\/p>\n\n\n\n<p>&#8211; Pa\u0144stwowa Stra\u017c Po\u017carna<\/p>\n\n\n\n<p>&#8211; Maskotka z Hydropolis Wroc\u0142aw<\/p>\n\n\n\n<p>&#8211; Fundacja pi\u0142karskiego \u201e\u015al\u0105ska\u201d<\/p>\n\n\n\n<p>&#8211; Szko\u0142a P\u0142ywania \u201eSwin&amp;Fun<\/p>\n\n\n\n<p>&#8211; Fundacja Dobrych Czas\u00f3w<\/p>\n\n\n\n<p>&#8211; MPK Wroc\u0142aw&nbsp;<\/p>\n\n\n\n<p><\/p>\n\n\n\n<p><\/p>\n\n\n\n<p><\/p>\n\n\n\n<p>Pojawi\u0105 si\u0119 r\u00f3wnie\u017c<strong> stoiska konsultacyjne<\/strong>:<\/p>\n\n\n\n<p>1. Stoisko konsultacyjne WSM Wroc\u0142aw &#8211; Po\u0142udnie<\/p>\n\n\n\n<p>2. Stoisko konsultacyjne WCRS<\/p>\n\n\n\n<p><\/p>\n\n\n\n<p><\/p>\n\n\n\n<p>oraz <strong>stoiska patronackie<\/strong>:<\/p>\n\n\n\n<p>1. Stoisko promocyjne Ferio Gaj Wroc\u0142aw ul. \u015awieradowska&nbsp;<\/p>\n\n\n\n<p>2. Stoisko M\u2019Donald\u2019s<\/p>\n\n\n\n<p>3. Stoisko AGA Wroc\u0142aw ul. Orzechowa&nbsp;<\/p>\n\n\n\n<p>4. Stoisko handlowe Witold Mo\u017cd\u017ce\u0144 \u2013 balony, ba\u0144ki mydlane zabawki.<\/p>\n\n\n\n<p><\/p>\n\n\n\n<p><\/p>\n\n\n\n<p><strong>Sponsorzy<\/strong>:<\/p>\n\n\n\n<p>1. Centrum Handlowe \u201eFerio Gaj\u201d Wroc\u0142aw ul. \u015awieradowska 51-57<\/p>\n\n\n\n<p>2. Krzycka Sp\u00f3\u0142ka Handlowa \u201eCentrum Handlowe Gaj\u201d Wroc\u0142aw<\/p>\n\n\n\n<p>3. Sklep \u201eAga\u201d Wroc\u0142aw ul. Orzechowa 46<\/p>\n\n\n\n<p>4. Zak\u0142ad Elektroniczny \u201eTATAREK\u201d Wroc\u0142aw ul. \u015awieradowska&nbsp;&nbsp;<\/p>\n\n\n\n<p>5. Fabryka Idei Wroc\u0142aw ul. Karkonoska<\/p>\n\n\n\n<p>6. Sklepy \u201e\u017babka\u201d ul. Stro\u0144ska 9<\/p>\n\n\n\n<p>7. Stowarzyszenie &#8222;Pomys\u0142odawcy&#8221;<\/p>\n\n\n\n<p><br><\/p>\n\n\n\n<p><strong>Organizatorzy:<\/strong><\/p>\n\n\n\n<p>Rada Osiedla Gaj<\/p>\n\n\n\n<p>Wroc\u0142awskie Centrum Rozwoju Spo\u0142ecznego<\/p>\n\n\n\n<p>Wroc\u0142awska Sp\u00f3\u0142dzielnia Mieszkaniowa Wroc\u0142aw \u2013 Po\u0142udnie<\/p>\n\n\n\n<p>M\u0142odzie\u017cowe Centrum Sportu Wroc\u0142aw<\/p>\n\n\n\n<p><\/p>\n\n\n\n<p><\/p>\n\n\n\n<p><\/p>\n\n\n\n<p><\/p>\n\n\n\n<p><\/p>\n\n\n\n<p><strong>Serdecznie zapraszamy!<\/strong><\/p>\n\n\n\n<p><\/p>\n\n\n\n<p><\/p>\n\n\n\n<p><\/p>\n","protected":false},"excerpt":{"rendered":"<p>Zapraszamy na Festyn &#8222;Po\u017cegnanie lata na Gaju&#8221;, kt\u00f3ry odb\u0119dzie si\u0119 28 wrze\u015bnia w Parku S\u0142onecznym na Gaju. Impreza rozpocznie si\u0119 o godzinie 13:00!<\/p>\n","protected":false},"author":3,"featured_media":14773,"comment_status":"open","ping_status":"open","sticky":false,"template":"","format":"standard","meta":{"footnotes":""},"categories":[14],"tags":[270,279,1000,166,128,1775,135],"class_list":["post-14765","post","type-post","status-publish","format-standard","has-post-thumbnail","hentry","category-aktualnosci","tag-festyn","tag-festyn-osiedla-gaj","tag-festyn-osiedlowy-na-gaju","tag-osiedle-gaj","tag-park-sloneczny","tag-pozegnanie-lata-na-gaju","tag-rada-osiedla-gaj"],"_links":{"self":[{"href":"https:\/\/online.tvk-gaj.pl\/index.php?rest_route=\/wp\/v2\/posts\/14765","targetHints":{"allow":["GET"]}}],"collection":[{"href":"https:\/\/online.tvk-gaj.pl\/index.php?rest_route=\/wp\/v2\/posts"}],"about":[{"href":"https:\/\/online.tvk-gaj.pl\/index.php?rest_route=\/wp\/v2\/types\/post"}],"author":[{"embeddable":true,"href":"https:\/\/online.tvk-gaj.pl\/index.php?rest_route=\/wp\/v2\/users\/3"}],"replies":[{"embeddable":true,"href":"https:\/\/online.tvk-gaj.pl\/index.php?rest_route=%2Fwp%2Fv2%2Fcomments&post=14765"}],"version-history":[{"count":4,"href":"https:\/\/online.tvk-gaj.pl\/index.php?rest_route=\/wp\/v2\/posts\/14765\/revisions"}],"predecessor-version":[{"id":14774,"href":"https:\/\/online.tvk-gaj.pl\/index.php?rest_route=\/wp\/v2\/posts\/14765\/revisions\/14774"}],"wp:featuredmedia":[{"embeddable":true,"href":"https:\/\/online.tvk-gaj.pl\/index.php?rest_route=\/wp\/v2\/media\/14773"}],"wp:attachment":[{"href":"https:\/\/online.tvk-gaj.pl\/index.php?rest_route=%2Fwp%2Fv2%2Fmedia&parent=14765"}],"wp:term":[{"taxonomy":"category","embeddable":true,"href":"https:\/\/online.tvk-gaj.pl\/index.php?rest_route=%2Fwp%2Fv2%2Fcategories&post=14765"},{"taxonomy":"post_tag","embeddable":true,"href":"https:\/\/online.tvk-gaj.pl\/index.php?rest_route=%2Fwp%2Fv2%2Ftags&post=14765"}],"curies":[{"name":"wp","href":"https:\/\/api.w.org\/{rel}","templated":true}]}}