{"id":14775,"date":"2024-09-11T18:35:02","date_gmt":"2024-09-11T16:35:02","guid":{"rendered":"http:\/\/www.tvk-gaj.pl\/~gajonline\/?p=14775"},"modified":"2024-09-11T18:36:44","modified_gmt":"2024-09-11T16:36:44","slug":"panorama-gaju","status":"publish","type":"post","link":"https:\/\/online.tvk-gaj.pl\/?p=14775","title":{"rendered":"Panoramy Gaju z lotu ptaka"},"content":{"rendered":"\n<p>Prezentujemy panoramy Gaju &#8211; zdj\u0119cia zrobione z pok\u0142adu samolotu, drona oraz tarasu widokowego. <\/p>\n\n\n\n<!--more-->\n\n\n\n<p><\/p>\n\n\n\n<p><\/p>\n\n\n\n<p>Prezentujemy trzy panoramy Gaju &#8211; z lotu ptaka (a w\u0142a\u015bciwie samolotu), z lotu drona oraz z tarasu widokowego w SkyTower. <\/p>\n\n\n\n<p><\/p>\n\n\n\n<p><\/p>\n\n\n\n<p><strong>Gaj widziany z tarasu widokowego w SkyTower:<\/strong><\/p>\n\n\n\n<p><\/p>\n\n\n\n<p><\/p>\n\n\n\n<figure class=\"wp-block-image size-large\"><img loading=\"lazy\" decoding=\"async\" width=\"1024\" height=\"768\" src=\"http:\/\/www.tvk-gaj.pl\/~gajonline\/wp-content\/uploads\/2024\/09\/gajskytower-1024x768.jpg\" alt=\"\" class=\"wp-image-14776\" srcset=\"https:\/\/online.tvk-gaj.pl\/wp-content\/uploads\/2024\/09\/gajskytower-1024x768.jpg 1024w, https:\/\/online.tvk-gaj.pl\/wp-content\/uploads\/2024\/09\/gajskytower-300x225.jpg 300w, https:\/\/online.tvk-gaj.pl\/wp-content\/uploads\/2024\/09\/gajskytower-768x576.jpg 768w, https:\/\/online.tvk-gaj.pl\/wp-content\/uploads\/2024\/09\/gajskytower.jpg 1440w\" sizes=\"auto, (max-width: 1024px) 100vw, 1024px\" \/><\/figure>\n\n\n\n<p><\/p>\n\n\n\n<p><\/p>\n\n\n\n<p><\/p>\n\n\n\n<p><strong>Gaj widziany z pok\u0142adu samolotu:<\/strong><\/p>\n\n\n\n<p><\/p>\n\n\n\n<p><\/p>\n\n\n\n<figure class=\"wp-block-image size-large\"><img loading=\"lazy\" decoding=\"async\" width=\"768\" height=\"1024\" src=\"http:\/\/www.tvk-gaj.pl\/~gajonline\/wp-content\/uploads\/2024\/09\/gajzlotusamolotu-768x1024.jpg\" alt=\"\" class=\"wp-image-14777\" srcset=\"https:\/\/online.tvk-gaj.pl\/wp-content\/uploads\/2024\/09\/gajzlotusamolotu-768x1024.jpg 768w, https:\/\/online.tvk-gaj.pl\/wp-content\/uploads\/2024\/09\/gajzlotusamolotu-225x300.jpg 225w, https:\/\/online.tvk-gaj.pl\/wp-content\/uploads\/2024\/09\/gajzlotusamolotu-1152x1536.jpg 1152w, https:\/\/online.tvk-gaj.pl\/wp-content\/uploads\/2024\/09\/gajzlotusamolotu.jpg 1536w\" sizes=\"auto, (max-width: 768px) 100vw, 768px\" \/><\/figure>\n\n\n\n<p><\/p>\n\n\n\n<p><\/p>\n\n\n\n<p><strong>Gaj widziany z lotu drona:<\/strong><\/p>\n\n\n\n<p><\/p>\n\n\n\n<p><\/p>\n\n\n\n<figure class=\"wp-block-image size-large\"><img loading=\"lazy\" decoding=\"async\" width=\"1024\" height=\"768\" src=\"http:\/\/www.tvk-gaj.pl\/~gajonline\/wp-content\/uploads\/2018\/07\/35776170_1908669405830578_7561047748582047744_o-1024x768.jpg\" alt=\"\" class=\"wp-image-10217\" srcset=\"https:\/\/online.tvk-gaj.pl\/wp-content\/uploads\/2018\/07\/35776170_1908669405830578_7561047748582047744_o-1024x768.jpg 1024w, https:\/\/online.tvk-gaj.pl\/wp-content\/uploads\/2018\/07\/35776170_1908669405830578_7561047748582047744_o-300x225.jpg 300w, https:\/\/online.tvk-gaj.pl\/wp-content\/uploads\/2018\/07\/35776170_1908669405830578_7561047748582047744_o-768x576.jpg 768w, https:\/\/online.tvk-gaj.pl\/wp-content\/uploads\/2018\/07\/35776170_1908669405830578_7561047748582047744_o.jpg 2048w\" sizes=\"auto, (max-width: 1024px) 100vw, 1024px\" \/><figcaption class=\"wp-element-caption\"><em>\u0179r\u00f3d\u0142o: P. Zofia &#8211; Blog Blisko i fajnie<\/em><\/figcaption><\/figure>\n\n\n\n<p><\/p>\n\n\n\n<p><\/p>\n\n\n\n<p><\/p>\n\n\n\n<p>Rozpoznajcie sw\u00f3j dom?:)<\/p>\n\n\n\n<p><\/p>\n\n\n\n<p><\/p>\n\n\n\n<p><\/p>\n","protected":false},"excerpt":{"rendered":"<p>Prezentujemy panoramy Gaju &#8211; zdj\u0119cia zrobione z pok\u0142adu samolotu, drona oraz tarasu widokowego.<\/p>\n","protected":false},"author":3,"featured_media":14781,"comment_status":"open","ping_status":"open","sticky":false,"template":"","format":"standard","meta":{"footnotes":""},"categories":[14],"tags":[112,1778,1148],"class_list":["post-14775","post","type-post","status-publish","format-standard","has-post-thumbnail","hentry","category-aktualnosci","tag-gaj","tag-gaj-ze-skytower","tag-panorama"],"_links":{"self":[{"href":"https:\/\/online.tvk-gaj.pl\/index.php?rest_route=\/wp\/v2\/posts\/14775","targetHints":{"allow":["GET"]}}],"collection":[{"href":"https:\/\/online.tvk-gaj.pl\/index.php?rest_route=\/wp\/v2\/posts"}],"about":[{"href":"https:\/\/online.tvk-gaj.pl\/index.php?rest_route=\/wp\/v2\/types\/post"}],"author":[{"embeddable":true,"href":"https:\/\/online.tvk-gaj.pl\/index.php?rest_route=\/wp\/v2\/users\/3"}],"replies":[{"embeddable":true,"href":"https:\/\/online.tvk-gaj.pl\/index.php?rest_route=%2Fwp%2Fv2%2Fcomments&post=14775"}],"version-history":[{"count":2,"href":"https:\/\/online.tvk-gaj.pl\/index.php?rest_route=\/wp\/v2\/posts\/14775\/revisions"}],"predecessor-version":[{"id":14779,"href":"https:\/\/online.tvk-gaj.pl\/index.php?rest_route=\/wp\/v2\/posts\/14775\/revisions\/14779"}],"wp:featuredmedia":[{"embeddable":true,"href":"https:\/\/online.tvk-gaj.pl\/index.php?rest_route=\/wp\/v2\/media\/14781"}],"wp:attachment":[{"href":"https:\/\/online.tvk-gaj.pl\/index.php?rest_route=%2Fwp%2Fv2%2Fmedia&parent=14775"}],"wp:term":[{"taxonomy":"category","embeddable":true,"href":"https:\/\/online.tvk-gaj.pl\/index.php?rest_route=%2Fwp%2Fv2%2Fcategories&post=14775"},{"taxonomy":"post_tag","embeddable":true,"href":"https:\/\/online.tvk-gaj.pl\/index.php?rest_route=%2Fwp%2Fv2%2Ftags&post=14775"}],"curies":[{"name":"wp","href":"https:\/\/api.w.org\/{rel}","templated":true}]}}