{"id":14788,"date":"2024-09-13T10:14:17","date_gmt":"2024-09-13T08:14:17","guid":{"rendered":"http:\/\/www.tvk-gaj.pl\/~gajonline\/?p=14788"},"modified":"2024-09-13T10:14:19","modified_gmt":"2024-09-13T08:14:19","slug":"festyn-rodzinny-w-sp-nr-90","status":"publish","type":"post","link":"https:\/\/online.tvk-gaj.pl\/?p=14788","title":{"rendered":"Festyn rodzinny w SP Nr 90"},"content":{"rendered":"\n<p>Polecamy Festyn Rodzinny w Szkole Podstawowej Nr 90 przy ul. Orzechowej.<\/p>\n\n\n\n<p><\/p>\n\n\n\n<!--more-->\n\n\n\n<p><\/p>\n\n\n\n<p><\/p>\n\n\n\n<p>Festyn odb\u0119dzie si\u0119 w pi\u0105tek, 27 wrze\u015bnia, o godzinie 14:00 na terenie boisk sportowych SP Nr 90 przy ul. Orzechowej 62.<\/p>\n\n\n\n<p><\/p>\n\n\n\n<p><\/p>\n\n\n\n<figure class=\"wp-block-image size-large\"><img loading=\"lazy\" decoding=\"async\" width=\"724\" height=\"1024\" src=\"http:\/\/www.tvk-gaj.pl\/~gajonline\/wp-content\/uploads\/2024\/09\/plakat-Festyn-2_ostateczny-724x1024.jpg\" alt=\"\" class=\"wp-image-14789\" srcset=\"https:\/\/online.tvk-gaj.pl\/wp-content\/uploads\/2024\/09\/plakat-Festyn-2_ostateczny-724x1024.jpg 724w, https:\/\/online.tvk-gaj.pl\/wp-content\/uploads\/2024\/09\/plakat-Festyn-2_ostateczny-212x300.jpg 212w, https:\/\/online.tvk-gaj.pl\/wp-content\/uploads\/2024\/09\/plakat-Festyn-2_ostateczny-768x1086.jpg 768w, https:\/\/online.tvk-gaj.pl\/wp-content\/uploads\/2024\/09\/plakat-Festyn-2_ostateczny-1086x1536.jpg 1086w, https:\/\/online.tvk-gaj.pl\/wp-content\/uploads\/2024\/09\/plakat-Festyn-2_ostateczny-1448x2048.jpg 1448w, https:\/\/online.tvk-gaj.pl\/wp-content\/uploads\/2024\/09\/plakat-Festyn-2_ostateczny-scaled.jpg 1810w\" sizes=\"auto, (max-width: 724px) 100vw, 724px\" \/><\/figure>\n\n\n\n<p><\/p>\n\n\n\n<p><\/p>\n\n\n\n<p><strong>Polecamy wydarzenie!<\/strong><\/p>\n\n\n\n<p><\/p>\n\n\n\n<p><\/p>\n","protected":false},"excerpt":{"rendered":"<p>Polecamy Festyn Rodzinny w Szkole Podstawowej Nr 90 przy ul. Orzechowej.<\/p>\n","protected":false},"author":3,"featured_media":14790,"comment_status":"open","ping_status":"open","sticky":false,"template":"","format":"standard","meta":{"footnotes":""},"categories":[14],"tags":[1782,1784,1783],"class_list":["post-14788","post","type-post","status-publish","format-standard","has-post-thumbnail","hentry","category-aktualnosci","tag-festyn-rodzinny","tag-festyn-rodzinny-sp-90","tag-festyn-sp-nr-90"],"_links":{"self":[{"href":"https:\/\/online.tvk-gaj.pl\/index.php?rest_route=\/wp\/v2\/posts\/14788","targetHints":{"allow":["GET"]}}],"collection":[{"href":"https:\/\/online.tvk-gaj.pl\/index.php?rest_route=\/wp\/v2\/posts"}],"about":[{"href":"https:\/\/online.tvk-gaj.pl\/index.php?rest_route=\/wp\/v2\/types\/post"}],"author":[{"embeddable":true,"href":"https:\/\/online.tvk-gaj.pl\/index.php?rest_route=\/wp\/v2\/users\/3"}],"replies":[{"embeddable":true,"href":"https:\/\/online.tvk-gaj.pl\/index.php?rest_route=%2Fwp%2Fv2%2Fcomments&post=14788"}],"version-history":[{"count":2,"href":"https:\/\/online.tvk-gaj.pl\/index.php?rest_route=\/wp\/v2\/posts\/14788\/revisions"}],"predecessor-version":[{"id":14792,"href":"https:\/\/online.tvk-gaj.pl\/index.php?rest_route=\/wp\/v2\/posts\/14788\/revisions\/14792"}],"wp:featuredmedia":[{"embeddable":true,"href":"https:\/\/online.tvk-gaj.pl\/index.php?rest_route=\/wp\/v2\/media\/14790"}],"wp:attachment":[{"href":"https:\/\/online.tvk-gaj.pl\/index.php?rest_route=%2Fwp%2Fv2%2Fmedia&parent=14788"}],"wp:term":[{"taxonomy":"category","embeddable":true,"href":"https:\/\/online.tvk-gaj.pl\/index.php?rest_route=%2Fwp%2Fv2%2Fcategories&post=14788"},{"taxonomy":"post_tag","embeddable":true,"href":"https:\/\/online.tvk-gaj.pl\/index.php?rest_route=%2Fwp%2Fv2%2Ftags&post=14788"}],"curies":[{"name":"wp","href":"https:\/\/api.w.org\/{rel}","templated":true}]}}