{"id":14794,"date":"2024-09-22T20:12:01","date_gmt":"2024-09-22T18:12:01","guid":{"rendered":"http:\/\/www.tvk-gaj.pl\/~gajonline\/?p=14794"},"modified":"2024-09-22T20:12:02","modified_gmt":"2024-09-22T18:12:02","slug":"festyn-osiedlowy-zostaje-odwolany","status":"publish","type":"post","link":"https:\/\/online.tvk-gaj.pl\/?p=14794","title":{"rendered":"Festyn Osiedlowy zostaje odwo\u0142any!"},"content":{"rendered":"\n<p>Ze wzgl\u0119du na sytuacj\u0119 powodziow\u0105 w wojew\u00f3dztwie oraz na solidarno\u015b\u0107 z ofiarami powodzi organizatorzy festynu osiedlowego &#8222;Po\u017cegnanie Lata na Gaju&#8221; podj\u0119li decyzj\u0119 o odwo\u0142aniu imprezy. <\/p>\n\n\n\n<p><\/p>\n\n\n\n<!--more-->\n\n\n\n<p><\/p>\n\n\n\n<p><\/p>\n\n\n\n<p><\/p>\n\n\n\n<figure class=\"wp-block-image size-large\"><img loading=\"lazy\" decoding=\"async\" width=\"724\" height=\"1024\" src=\"http:\/\/www.tvk-gaj.pl\/~gajonline\/wp-content\/uploads\/2024\/09\/Kopia-\u2013-Festyn-osiedla-gaj-Plakat-A3-w-pionie-\u2013-kopia-724x1024.png\" alt=\"\" class=\"wp-image-14795\" srcset=\"https:\/\/online.tvk-gaj.pl\/wp-content\/uploads\/2024\/09\/Kopia-\u2013-Festyn-osiedla-gaj-Plakat-A3-w-pionie-\u2013-kopia-724x1024.png 724w, https:\/\/online.tvk-gaj.pl\/wp-content\/uploads\/2024\/09\/Kopia-\u2013-Festyn-osiedla-gaj-Plakat-A3-w-pionie-\u2013-kopia-212x300.png 212w, https:\/\/online.tvk-gaj.pl\/wp-content\/uploads\/2024\/09\/Kopia-\u2013-Festyn-osiedla-gaj-Plakat-A3-w-pionie-\u2013-kopia-768x1086.png 768w, https:\/\/online.tvk-gaj.pl\/wp-content\/uploads\/2024\/09\/Kopia-\u2013-Festyn-osiedla-gaj-Plakat-A3-w-pionie-\u2013-kopia-1086x1536.png 1086w, https:\/\/online.tvk-gaj.pl\/wp-content\/uploads\/2024\/09\/Kopia-\u2013-Festyn-osiedla-gaj-Plakat-A3-w-pionie-\u2013-kopia.png 1414w\" sizes=\"auto, (max-width: 724px) 100vw, 724px\" \/><\/figure>\n\n\n\n<p><\/p>\n\n\n\n<p><\/p>\n\n\n\n<p>Sponsorom oraz wszystkim zaanga\u017cowanym w organizacj\u0119 festynu serdecznie dzi\u0119kujemy!<\/p>\n\n\n\n<p><\/p>\n\n\n\n<p><\/p>\n","protected":false},"excerpt":{"rendered":"<p>Ze wzgl\u0119du na sytuacj\u0119 powodziow\u0105 w wojew\u00f3dztwie oraz na solidarno\u015b\u0107 z ofiarami powodzi organizatorzy festynu osiedlowego &#8222;Po\u017cegnanie Lata na Gaju&#8221; podj\u0119li decyzj\u0119 o odwo\u0142aniu imprezy.<\/p>\n","protected":false},"author":3,"featured_media":14796,"comment_status":"open","ping_status":"open","sticky":false,"template":"","format":"standard","meta":{"footnotes":""},"categories":[14],"tags":[1000,1775,135],"class_list":["post-14794","post","type-post","status-publish","format-standard","has-post-thumbnail","hentry","category-aktualnosci","tag-festyn-osiedlowy-na-gaju","tag-pozegnanie-lata-na-gaju","tag-rada-osiedla-gaj"],"_links":{"self":[{"href":"https:\/\/online.tvk-gaj.pl\/index.php?rest_route=\/wp\/v2\/posts\/14794","targetHints":{"allow":["GET"]}}],"collection":[{"href":"https:\/\/online.tvk-gaj.pl\/index.php?rest_route=\/wp\/v2\/posts"}],"about":[{"href":"https:\/\/online.tvk-gaj.pl\/index.php?rest_route=\/wp\/v2\/types\/post"}],"author":[{"embeddable":true,"href":"https:\/\/online.tvk-gaj.pl\/index.php?rest_route=\/wp\/v2\/users\/3"}],"replies":[{"embeddable":true,"href":"https:\/\/online.tvk-gaj.pl\/index.php?rest_route=%2Fwp%2Fv2%2Fcomments&post=14794"}],"version-history":[{"count":1,"href":"https:\/\/online.tvk-gaj.pl\/index.php?rest_route=\/wp\/v2\/posts\/14794\/revisions"}],"predecessor-version":[{"id":14797,"href":"https:\/\/online.tvk-gaj.pl\/index.php?rest_route=\/wp\/v2\/posts\/14794\/revisions\/14797"}],"wp:featuredmedia":[{"embeddable":true,"href":"https:\/\/online.tvk-gaj.pl\/index.php?rest_route=\/wp\/v2\/media\/14796"}],"wp:attachment":[{"href":"https:\/\/online.tvk-gaj.pl\/index.php?rest_route=%2Fwp%2Fv2%2Fmedia&parent=14794"}],"wp:term":[{"taxonomy":"category","embeddable":true,"href":"https:\/\/online.tvk-gaj.pl\/index.php?rest_route=%2Fwp%2Fv2%2Fcategories&post=14794"},{"taxonomy":"post_tag","embeddable":true,"href":"https:\/\/online.tvk-gaj.pl\/index.php?rest_route=%2Fwp%2Fv2%2Ftags&post=14794"}],"curies":[{"name":"wp","href":"https:\/\/api.w.org\/{rel}","templated":true}]}}