{"id":14822,"date":"2024-10-24T18:24:54","date_gmt":"2024-10-24T16:24:54","guid":{"rendered":"http:\/\/www.tvk-gaj.pl\/~gajonline\/?p=14822"},"modified":"2024-10-24T18:25:58","modified_gmt":"2024-10-24T16:25:58","slug":"mural-pink-floyd-na-gaju","status":"publish","type":"post","link":"https:\/\/online.tvk-gaj.pl\/?p=14822","title":{"rendered":"Mural Pink Floyd na Gaju"},"content":{"rendered":"\n<p>Na podw\u00f3rku przy ulicy Orzechowej 108-114 pojawi\u0142 si\u0119 wyj\u0105tkowy i niezwyk\u0142y mural po\u015bwi\u0119cony tw\u00f3rczo\u015bci legendarnego zespo\u0142u Pink Floyd.<\/p>\n\n\n\n<!--more-->\n\n\n\n<p><\/p>\n\n\n\n<p><\/p>\n\n\n\n<figure class=\"wp-block-image size-large\"><img loading=\"lazy\" decoding=\"async\" width=\"1024\" height=\"768\" src=\"http:\/\/www.tvk-gaj.pl\/~gajonline\/wp-content\/uploads\/2024\/10\/2302b659-57cd-48ae-911b-ac3b8d7ccc9a-1024x768.jpg\" alt=\"\" class=\"wp-image-14824\" srcset=\"https:\/\/online.tvk-gaj.pl\/wp-content\/uploads\/2024\/10\/2302b659-57cd-48ae-911b-ac3b8d7ccc9a-1024x768.jpg 1024w, https:\/\/online.tvk-gaj.pl\/wp-content\/uploads\/2024\/10\/2302b659-57cd-48ae-911b-ac3b8d7ccc9a-300x225.jpg 300w, https:\/\/online.tvk-gaj.pl\/wp-content\/uploads\/2024\/10\/2302b659-57cd-48ae-911b-ac3b8d7ccc9a-768x576.jpg 768w, https:\/\/online.tvk-gaj.pl\/wp-content\/uploads\/2024\/10\/2302b659-57cd-48ae-911b-ac3b8d7ccc9a-1536x1152.jpg 1536w, https:\/\/online.tvk-gaj.pl\/wp-content\/uploads\/2024\/10\/2302b659-57cd-48ae-911b-ac3b8d7ccc9a.jpg 1600w\" sizes=\"auto, (max-width: 1024px) 100vw, 1024px\" \/><\/figure>\n\n\n\n<p><\/p>\n\n\n\n<p><\/p>\n\n\n\n<blockquote class=\"wp-block-quote is-layout-flow wp-block-quote-is-layout-flow\">\n<p>Tw\u00f3rcy muralu o swoim projekcie:<\/p>\n<cite>We Wroc\u0142awiu przy ulicy Orzechowej 114 postanowili\u015bmy uczci\u0107 przypadaj\u0105ce w listopadzie 2024 roku, rocznice wydania albumu &#8222;The Wall&#8221; zespo\u0142u Pink Floyd oraz upadku Muru Berli\u0144skiego. Te dwa wydarzenia mia\u0142y miejsce odpowiednio 45 i 35 lat temu.<\/cite><\/blockquote>\n\n\n\n<p><\/p>\n\n\n\n<p><\/p>\n\n\n\n<p><\/p>\n\n\n\n<p><strong>Prezentujemy kulisy powstawania muralu:<\/strong><\/p>\n\n\n\n<p><\/p>\n\n\n\n<figure class=\"wp-block-embed is-type-video is-provider-youtube wp-block-embed-youtube wp-embed-aspect-16-9 wp-has-aspect-ratio\"><div class=\"wp-block-embed__wrapper\">\n<iframe loading=\"lazy\" title=\"Making of Pink Floyd Mural, Wroc\u0142aw 2024\" width=\"838\" height=\"471\" src=\"https:\/\/www.youtube.com\/embed\/Gatcf3M3ya0?feature=oembed\" frameborder=\"0\" allow=\"accelerometer; autoplay; clipboard-write; encrypted-media; gyroscope; picture-in-picture; web-share\" referrerpolicy=\"strict-origin-when-cross-origin\" allowfullscreen><\/iframe>\n<\/div><\/figure>\n\n\n\n<p><\/p>\n\n\n\n<p><\/p>\n\n\n\n<p><\/p>\n\n\n\n<figure class=\"wp-block-image size-large\"><img loading=\"lazy\" decoding=\"async\" width=\"1024\" height=\"768\" src=\"http:\/\/www.tvk-gaj.pl\/~gajonline\/wp-content\/uploads\/2024\/10\/ee00191f-5a0a-4f5b-9700-85c3c2209254-1024x768.jpg\" alt=\"\" class=\"wp-image-14826\" srcset=\"https:\/\/online.tvk-gaj.pl\/wp-content\/uploads\/2024\/10\/ee00191f-5a0a-4f5b-9700-85c3c2209254-1024x768.jpg 1024w, https:\/\/online.tvk-gaj.pl\/wp-content\/uploads\/2024\/10\/ee00191f-5a0a-4f5b-9700-85c3c2209254-300x225.jpg 300w, https:\/\/online.tvk-gaj.pl\/wp-content\/uploads\/2024\/10\/ee00191f-5a0a-4f5b-9700-85c3c2209254-768x576.jpg 768w, https:\/\/online.tvk-gaj.pl\/wp-content\/uploads\/2024\/10\/ee00191f-5a0a-4f5b-9700-85c3c2209254-1536x1152.jpg 1536w, https:\/\/online.tvk-gaj.pl\/wp-content\/uploads\/2024\/10\/ee00191f-5a0a-4f5b-9700-85c3c2209254.jpg 1600w\" sizes=\"auto, (max-width: 1024px) 100vw, 1024px\" \/><\/figure>\n\n\n\n<p><\/p>\n\n\n\n<p><\/p>\n","protected":false},"excerpt":{"rendered":"<p>Na podw\u00f3rku przy ulicy Orzechowej 108-114 pojawi\u0142 si\u0119 wyj\u0105tkowy i niezwyk\u0142y mural po\u015bwi\u0119cony tw\u00f3rczo\u015bci legendarnego zespo\u0142u Pink Floyd.<\/p>\n","protected":false},"author":3,"featured_media":14823,"comment_status":"open","ping_status":"open","sticky":false,"template":"","format":"standard","meta":{"footnotes":""},"categories":[14,12],"tags":[1793,1795,218,1794],"class_list":["post-14822","post","type-post","status-publish","format-standard","has-post-thumbnail","hentry","category-aktualnosci","category-artykuly","tag-mural","tag-mural-na-orzechowej","tag-orzechowa","tag-pink-floyd"],"_links":{"self":[{"href":"https:\/\/online.tvk-gaj.pl\/index.php?rest_route=\/wp\/v2\/posts\/14822","targetHints":{"allow":["GET"]}}],"collection":[{"href":"https:\/\/online.tvk-gaj.pl\/index.php?rest_route=\/wp\/v2\/posts"}],"about":[{"href":"https:\/\/online.tvk-gaj.pl\/index.php?rest_route=\/wp\/v2\/types\/post"}],"author":[{"embeddable":true,"href":"https:\/\/online.tvk-gaj.pl\/index.php?rest_route=\/wp\/v2\/users\/3"}],"replies":[{"embeddable":true,"href":"https:\/\/online.tvk-gaj.pl\/index.php?rest_route=%2Fwp%2Fv2%2Fcomments&post=14822"}],"version-history":[{"count":2,"href":"https:\/\/online.tvk-gaj.pl\/index.php?rest_route=\/wp\/v2\/posts\/14822\/revisions"}],"predecessor-version":[{"id":14827,"href":"https:\/\/online.tvk-gaj.pl\/index.php?rest_route=\/wp\/v2\/posts\/14822\/revisions\/14827"}],"wp:featuredmedia":[{"embeddable":true,"href":"https:\/\/online.tvk-gaj.pl\/index.php?rest_route=\/wp\/v2\/media\/14823"}],"wp:attachment":[{"href":"https:\/\/online.tvk-gaj.pl\/index.php?rest_route=%2Fwp%2Fv2%2Fmedia&parent=14822"}],"wp:term":[{"taxonomy":"category","embeddable":true,"href":"https:\/\/online.tvk-gaj.pl\/index.php?rest_route=%2Fwp%2Fv2%2Fcategories&post=14822"},{"taxonomy":"post_tag","embeddable":true,"href":"https:\/\/online.tvk-gaj.pl\/index.php?rest_route=%2Fwp%2Fv2%2Ftags&post=14822"}],"curies":[{"name":"wp","href":"https:\/\/api.w.org\/{rel}","templated":true}]}}