{"id":14828,"date":"2024-10-25T18:29:41","date_gmt":"2024-10-25T16:29:41","guid":{"rendered":"http:\/\/www.tvk-gaj.pl\/~gajonline\/?p=14828"},"modified":"2024-10-27T11:57:36","modified_gmt":"2024-10-27T10:57:36","slug":"niezwykly-mural-na-bloku-przy-ul-krynickiej","status":"publish","type":"post","link":"https:\/\/online.tvk-gaj.pl\/?p=14828","title":{"rendered":"Niezwyk\u0142y mural na bloku przy ul. Krynickiej"},"content":{"rendered":"\n<p>18 wrze\u015bnia, na szczytowej \u015bcianie bloku przy ul. Krynickiej 2-52, uroczy\u015bcie ods\u0142oni\u0119to wielkoformatow\u0105 grafik\u0119, kt\u00f3ra stworzona zosta\u0142a w podzi\u0119kowaniu dla s\u0142u\u017cb i mieszka\u0144c\u00f3w za ich dzia\u0142anie podczas tegorocznej powodzi.<\/p>\n\n\n\n<!--more-->\n\n\n\n<p><\/p>\n\n\n\n<p><\/p>\n\n\n\n<p>Autorem imponuj\u0105cej grafiki o powierzchni ponad 260 mkw. jest Ryszard Paurowski.<\/p>\n\n\n\n<p><\/p>\n\n\n\n<p><\/p>\n\n\n\n<figure class=\"wp-block-image size-large\"><img loading=\"lazy\" decoding=\"async\" width=\"576\" height=\"1024\" src=\"http:\/\/www.tvk-gaj.pl\/~gajonline\/wp-content\/uploads\/2024\/10\/463840549_1185336699848771_5184765274682929080_n-576x1024.jpg\" alt=\"\" class=\"wp-image-14829\" srcset=\"https:\/\/online.tvk-gaj.pl\/wp-content\/uploads\/2024\/10\/463840549_1185336699848771_5184765274682929080_n-576x1024.jpg 576w, https:\/\/online.tvk-gaj.pl\/wp-content\/uploads\/2024\/10\/463840549_1185336699848771_5184765274682929080_n-169x300.jpg 169w, https:\/\/online.tvk-gaj.pl\/wp-content\/uploads\/2024\/10\/463840549_1185336699848771_5184765274682929080_n-768x1365.jpg 768w, https:\/\/online.tvk-gaj.pl\/wp-content\/uploads\/2024\/10\/463840549_1185336699848771_5184765274682929080_n.jpg 810w\" sizes=\"auto, (max-width: 576px) 100vw, 576px\" \/><\/figure>\n\n\n\n<p><\/p>\n\n\n\n<p><\/p>\n\n\n\n<p><\/p>\n\n\n\n<figure class=\"wp-block-image size-large\"><img loading=\"lazy\" decoding=\"async\" width=\"576\" height=\"1024\" src=\"http:\/\/www.tvk-gaj.pl\/~gajonline\/wp-content\/uploads\/2024\/10\/463900370_1185336703182104_5686568368025199025_n-576x1024.jpg\" alt=\"\" class=\"wp-image-14830\" srcset=\"https:\/\/online.tvk-gaj.pl\/wp-content\/uploads\/2024\/10\/463900370_1185336703182104_5686568368025199025_n-576x1024.jpg 576w, https:\/\/online.tvk-gaj.pl\/wp-content\/uploads\/2024\/10\/463900370_1185336703182104_5686568368025199025_n-169x300.jpg 169w, https:\/\/online.tvk-gaj.pl\/wp-content\/uploads\/2024\/10\/463900370_1185336703182104_5686568368025199025_n-768x1365.jpg 768w, https:\/\/online.tvk-gaj.pl\/wp-content\/uploads\/2024\/10\/463900370_1185336703182104_5686568368025199025_n.jpg 810w\" sizes=\"auto, (max-width: 576px) 100vw, 576px\" \/><\/figure>\n\n\n\n<p><\/p>\n\n\n\n<p><\/p>\n\n\n\n<p><em>Zdj\u0119cia autorstwa naszego czytelnika o nicku Sophika Smith. Dzi\u0119kujemy.<\/em><\/p>\n\n\n\n<p><\/p>\n\n\n\n<p><\/p>\n\n\n\n<p><\/p>\n","protected":false},"excerpt":{"rendered":"<p>18 wrze\u015bnia, na szczytowej \u015bcianie bloku przy ul. Krynickiej 2-52, uroczy\u015bcie ods\u0142oni\u0119to wielkoformatow\u0105 grafik\u0119, kt\u00f3ra stworzona zosta\u0142a w podzi\u0119kowaniu dla s\u0142u\u017cb i mieszka\u0144c\u00f3w za ich dzia\u0142anie podczas tegorocznej powodzi.<\/p>\n","protected":false},"author":3,"featured_media":14831,"comment_status":"open","ping_status":"open","sticky":false,"template":"","format":"standard","meta":{"footnotes":""},"categories":[14,12],"tags":[1796,1793,1797],"class_list":["post-14828","post","type-post","status-publish","format-standard","has-post-thumbnail","hentry","category-aktualnosci","category-artykuly","tag-grafika","tag-mural","tag-powodz"],"_links":{"self":[{"href":"https:\/\/online.tvk-gaj.pl\/index.php?rest_route=\/wp\/v2\/posts\/14828","targetHints":{"allow":["GET"]}}],"collection":[{"href":"https:\/\/online.tvk-gaj.pl\/index.php?rest_route=\/wp\/v2\/posts"}],"about":[{"href":"https:\/\/online.tvk-gaj.pl\/index.php?rest_route=\/wp\/v2\/types\/post"}],"author":[{"embeddable":true,"href":"https:\/\/online.tvk-gaj.pl\/index.php?rest_route=\/wp\/v2\/users\/3"}],"replies":[{"embeddable":true,"href":"https:\/\/online.tvk-gaj.pl\/index.php?rest_route=%2Fwp%2Fv2%2Fcomments&post=14828"}],"version-history":[{"count":2,"href":"https:\/\/online.tvk-gaj.pl\/index.php?rest_route=\/wp\/v2\/posts\/14828\/revisions"}],"predecessor-version":[{"id":14838,"href":"https:\/\/online.tvk-gaj.pl\/index.php?rest_route=\/wp\/v2\/posts\/14828\/revisions\/14838"}],"wp:featuredmedia":[{"embeddable":true,"href":"https:\/\/online.tvk-gaj.pl\/index.php?rest_route=\/wp\/v2\/media\/14831"}],"wp:attachment":[{"href":"https:\/\/online.tvk-gaj.pl\/index.php?rest_route=%2Fwp%2Fv2%2Fmedia&parent=14828"}],"wp:term":[{"taxonomy":"category","embeddable":true,"href":"https:\/\/online.tvk-gaj.pl\/index.php?rest_route=%2Fwp%2Fv2%2Fcategories&post=14828"},{"taxonomy":"post_tag","embeddable":true,"href":"https:\/\/online.tvk-gaj.pl\/index.php?rest_route=%2Fwp%2Fv2%2Ftags&post=14828"}],"curies":[{"name":"wp","href":"https:\/\/api.w.org\/{rel}","templated":true}]}}