{"id":14845,"date":"2024-11-05T22:16:37","date_gmt":"2024-11-05T21:16:37","guid":{"rendered":"http:\/\/www.tvk-gaj.pl\/~gajonline\/?p=14845"},"modified":"2024-11-05T22:16:41","modified_gmt":"2024-11-05T21:16:41","slug":"zmarla-radna-osiedla-gaj","status":"publish","type":"post","link":"https:\/\/online.tvk-gaj.pl\/?p=14845","title":{"rendered":"Zmar\u0142a radna Osiedla Gaj"},"content":{"rendered":"\n<p>Z g\u0142\u0119bokim \u017calem informujemy, \u017ce zmar\u0142a radna Osiedla Gaj \u2013 Pani Krystyna Samburska. <\/p>\n\n\n\n<!--more-->\n\n\n\n<p><\/p>\n\n\n\n<p> Pogr\u0105\u017conej w \u017calu rodzinie sk\u0142adamy najszczersze kondolencje. <\/p>\n\n\n\n<p><\/p>\n\n\n\n<p><\/p>\n\n\n\n<figure class=\"wp-block-image size-full\"><img loading=\"lazy\" decoding=\"async\" width=\"664\" height=\"454\" src=\"http:\/\/www.tvk-gaj.pl\/~gajonline\/wp-content\/uploads\/2020\/08\/swieca.jpg\" alt=\"\" class=\"wp-image-12154\" srcset=\"https:\/\/online.tvk-gaj.pl\/wp-content\/uploads\/2020\/08\/swieca.jpg 664w, https:\/\/online.tvk-gaj.pl\/wp-content\/uploads\/2020\/08\/swieca-300x205.jpg 300w\" sizes=\"auto, (max-width: 664px) 100vw, 664px\" \/><\/figure>\n\n\n\n<p><\/p>\n\n\n\n<p><\/p>\n\n\n\n<p>Przewodnicz\u0105cy Rady Osiedla Gaj \u2013 Adam Wojtaszewski.<\/p>\n\n\n\n<p><\/p>\n\n\n\n<p><\/p>\n","protected":false},"excerpt":{"rendered":"<p>Z g\u0142\u0119bokim \u017calem informujemy, \u017ce zmar\u0142a radna Osiedla Gaj \u2013 Pani Krystyna Samburska.<\/p>\n","protected":false},"author":3,"featured_media":12154,"comment_status":"open","ping_status":"open","sticky":false,"template":"","format":"standard","meta":{"footnotes":""},"categories":[14],"tags":[968],"class_list":["post-14845","post","type-post","status-publish","format-standard","has-post-thumbnail","hentry","category-aktualnosci","tag-nekrolog"],"_links":{"self":[{"href":"https:\/\/online.tvk-gaj.pl\/index.php?rest_route=\/wp\/v2\/posts\/14845","targetHints":{"allow":["GET"]}}],"collection":[{"href":"https:\/\/online.tvk-gaj.pl\/index.php?rest_route=\/wp\/v2\/posts"}],"about":[{"href":"https:\/\/online.tvk-gaj.pl\/index.php?rest_route=\/wp\/v2\/types\/post"}],"author":[{"embeddable":true,"href":"https:\/\/online.tvk-gaj.pl\/index.php?rest_route=\/wp\/v2\/users\/3"}],"replies":[{"embeddable":true,"href":"https:\/\/online.tvk-gaj.pl\/index.php?rest_route=%2Fwp%2Fv2%2Fcomments&post=14845"}],"version-history":[{"count":1,"href":"https:\/\/online.tvk-gaj.pl\/index.php?rest_route=\/wp\/v2\/posts\/14845\/revisions"}],"predecessor-version":[{"id":14846,"href":"https:\/\/online.tvk-gaj.pl\/index.php?rest_route=\/wp\/v2\/posts\/14845\/revisions\/14846"}],"wp:featuredmedia":[{"embeddable":true,"href":"https:\/\/online.tvk-gaj.pl\/index.php?rest_route=\/wp\/v2\/media\/12154"}],"wp:attachment":[{"href":"https:\/\/online.tvk-gaj.pl\/index.php?rest_route=%2Fwp%2Fv2%2Fmedia&parent=14845"}],"wp:term":[{"taxonomy":"category","embeddable":true,"href":"https:\/\/online.tvk-gaj.pl\/index.php?rest_route=%2Fwp%2Fv2%2Fcategories&post=14845"},{"taxonomy":"post_tag","embeddable":true,"href":"https:\/\/online.tvk-gaj.pl\/index.php?rest_route=%2Fwp%2Fv2%2Ftags&post=14845"}],"curies":[{"name":"wp","href":"https:\/\/api.w.org\/{rel}","templated":true}]}}