{"id":14869,"date":"2024-12-29T23:53:22","date_gmt":"2024-12-29T22:53:22","guid":{"rendered":"http:\/\/www.tvk-gaj.pl\/~gajonline\/?p=14869"},"modified":"2024-12-30T00:34:41","modified_gmt":"2024-12-29T23:34:41","slug":"cos-sie-konczy-cos-sie-zaczyna","status":"publish","type":"post","link":"https:\/\/online.tvk-gaj.pl\/?p=14869","title":{"rendered":"Co\u015b si\u0119 ko\u0144czy, co\u015b si\u0119 zaczyna&#8230;"},"content":{"rendered":"\n<p>Tak najkr\u00f3cej m\u00f3g\u0142bym stre\u015bci\u0107 artyku\u0142 po\u015bwi\u0119cony zmianie prowadz\u0105cego niniejsz\u0105 stron\u0119 internetow\u0105. <\/p>\n\n\n\n<!--more-->\n\n\n\n<p><\/p>\n\n\n\n<p>Kiedy na pocz\u0105tku pierwszej dekady XXI wieku tworzy\u0142em i uruchamia\u0142em stron\u0119 internetow\u0105 i forum osiedla Gaj, przez my\u015bl nie przesz\u0142oby mi, \u017ce temu projektowi po\u015bwi\u0119c\u0119 kolejne ponad 20 lat. <\/p>\n\n\n\n<p><\/p>\n\n\n\n<p><\/p>\n\n\n\n<figure class=\"wp-block-image size-full\"><img loading=\"lazy\" decoding=\"async\" width=\"768\" height=\"591\" src=\"http:\/\/www.tvk-gaj.pl\/~gajonline\/wp-content\/uploads\/2023\/09\/mix.jpg\" alt=\"\" class=\"wp-image-14469\" srcset=\"https:\/\/online.tvk-gaj.pl\/wp-content\/uploads\/2023\/09\/mix.jpg 768w, https:\/\/online.tvk-gaj.pl\/wp-content\/uploads\/2023\/09\/mix-300x231.jpg 300w\" sizes=\"auto, (max-width: 768px) 100vw, 768px\" \/><\/figure>\n\n\n\n<p><\/p>\n\n\n\n<p><\/p>\n\n\n\n<p>20 lat pe\u0142ne zaanga\u017cowania i oddania w projekt najpierw prywatny, a nast\u0119pnie b\u0119d\u0105cy pod oficjalnym patronatem Miasta Wroc\u0142aw oraz Rady Osiedla Gaj.<\/p>\n\n\n\n<p><\/p>\n\n\n\n<p><\/p>\n\n\n\n<p>Dla m\u0142odej osoby mieszkaj\u0105cej od lat 80-tych na Gaju, wychowuj\u0105cej si\u0119 na tym osiedlu oraz wchodz\u0105cej w doros\u0142o\u015b\u0107 na ulicy Orzechowej, a tak\u017ce interesuj\u0105cej si\u0119 nowymi technologiami oraz mo\u017cliwo\u015bciami jakie daje internet, prowadzenie serwisu internetowego osiedla wydawa\u0142o si\u0119 naturaln\u0105 drog\u0105, hobby, pasj\u0105, a tak\u017ce przez pewien czas stylem sp\u0119dzania wolnego czasu. <\/p>\n\n\n\n<p><\/p>\n\n\n\n<p><\/p>\n\n\n\n<p><\/p>\n\n\n\n<figure class=\"wp-block-image size-large\"><img loading=\"lazy\" decoding=\"async\" width=\"1024\" height=\"942\" src=\"http:\/\/www.tvk-gaj.pl\/~gajonline\/wp-content\/uploads\/2023\/09\/Zrzut-ekranu-2020-09-1-o-21.19.20-1024x942.png\" alt=\"\" class=\"wp-image-14474\" srcset=\"https:\/\/online.tvk-gaj.pl\/wp-content\/uploads\/2023\/09\/Zrzut-ekranu-2020-09-1-o-21.19.20-1024x942.png 1024w, https:\/\/online.tvk-gaj.pl\/wp-content\/uploads\/2023\/09\/Zrzut-ekranu-2020-09-1-o-21.19.20-300x276.png 300w, https:\/\/online.tvk-gaj.pl\/wp-content\/uploads\/2023\/09\/Zrzut-ekranu-2020-09-1-o-21.19.20-768x706.png 768w, https:\/\/online.tvk-gaj.pl\/wp-content\/uploads\/2023\/09\/Zrzut-ekranu-2020-09-1-o-21.19.20.png 1279w\" sizes=\"auto, (max-width: 1024px) 100vw, 1024px\" \/><\/figure>\n\n\n\n<p><\/p>\n\n\n\n<p><\/p>\n\n\n\n<p>Od 2003 roku strona napisana w html, powi\u0105zana z forum dyskusyjnym phpbyprzemo, rozwija\u0142a si\u0119 i ewoluowa\u0142a w czasie. Forum dyskusyjne naturalnie zast\u0105pi\u0142 profil na Facebooku, a html serwis oparty na wordpressie. <\/p>\n\n\n\n<p><\/p>\n\n\n\n<p><\/p>\n\n\n\n<p>Od 2005 roku strona sta\u0142a si\u0119 oficjalnym serwisem internetowym Rady Osiedla Gaj. W 2007r. doceniona nagrod\u0105 Prezydenta Wroc\u0142awia za najlepszy serwis internetowy osiedla we Wroc\u0142awiu. <\/p>\n\n\n\n<p><\/p>\n\n\n\n<p><\/p>\n\n\n\n<figure class=\"wp-block-image size-full\"><img loading=\"lazy\" decoding=\"async\" width=\"1024\" height=\"768\" src=\"http:\/\/www.tvk-gaj.pl\/~gajonline\/wp-content\/uploads\/2023\/09\/gol3.jpg\" alt=\"\" class=\"wp-image-14472\" srcset=\"https:\/\/online.tvk-gaj.pl\/wp-content\/uploads\/2023\/09\/gol3.jpg 1024w, https:\/\/online.tvk-gaj.pl\/wp-content\/uploads\/2023\/09\/gol3-300x225.jpg 300w, https:\/\/online.tvk-gaj.pl\/wp-content\/uploads\/2023\/09\/gol3-768x576.jpg 768w\" sizes=\"auto, (max-width: 1024px) 100vw, 1024px\" \/><\/figure>\n\n\n\n<p><\/p>\n\n\n\n<p><\/p>\n\n\n\n<p><\/p>\n\n\n\n<p>Dzi\u015b, na progu 2025r. czas oficjalnie po\u017cegna\u0107 si\u0119\u00a0z GajOnline. Bez w\u0105tpienia ostatnie 20 lat by\u0142o dla mnie fascynuj\u0105c\u0105 przygod\u0105 i warto\u015bciowym do\u015bwiadczeniem. Dzi\u0119kuj\u0119 Wam, Czytelnikom, za zaanga\u017cowanie, wsparcie, dyskusje, motywacje do zmian. Dzi\u0119kuj\u0119 radnym RO Gaj, a tak\u017ce Wroc\u0142awskiemu Centrum Rozwoju Spo\u0142ecznego (a wcze\u015bniej Zarz\u0105dowi Obs\u0142ugi Jednostek Miejskich) za zaufanie, wsparcie oraz swobod\u0119 w prowadzeniu internetowego bloga osiedla. <\/p>\n\n\n\n<p><\/p>\n\n\n\n<p><\/p>\n\n\n\n<p><\/p>\n\n\n\n<figure class=\"wp-block-image size-full\"><img loading=\"lazy\" decoding=\"async\" width=\"1024\" height=\"768\" src=\"http:\/\/www.tvk-gaj.pl\/~gajonline\/wp-content\/uploads\/2023\/09\/gol2.jpg\" alt=\"\" class=\"wp-image-14471\" srcset=\"https:\/\/online.tvk-gaj.pl\/wp-content\/uploads\/2023\/09\/gol2.jpg 1024w, https:\/\/online.tvk-gaj.pl\/wp-content\/uploads\/2023\/09\/gol2-300x225.jpg 300w, https:\/\/online.tvk-gaj.pl\/wp-content\/uploads\/2023\/09\/gol2-768x576.jpg 768w\" sizes=\"auto, (max-width: 1024px) 100vw, 1024px\" \/><\/figure>\n\n\n\n<p><\/p>\n\n\n\n<p><\/p>\n\n\n\n<p><\/p>\n\n\n\n<p>Co\u015b si\u0119 ko\u0144czy, co\u015b zaczyna. Te s\u0142owa idealnie oddaj\u0105 charakter dzisiejszego tekstu. Od 1 stycznia 2025r. prowadzenie GajOnline przejmuje Pan Tomasz Nawrot. Doskonale Wam znany z aktywno\u015bci na rzecz osiedla oraz pi\u0119knych zdj\u0119\u0107 Wroc\u0142awia. Tomkowi dzi\u0119kuj\u0119 za przej\u0119cie ster\u00f3w GajOnline, a tak\u017ce \u017cycz\u0119 sukces\u00f3w i powodzenia w dalszym rozwoju strony oraz spo\u0142eczno\u015bci skupionej wok\u00f3\u0142 facebookowego profilu osiedla.<\/p>\n\n\n\n<p><\/p>\n\n\n\n<p><\/p>\n\n\n\n<p> <\/p>\n\n\n\n<figure class=\"wp-block-image size-large\"><img loading=\"lazy\" decoding=\"async\" width=\"724\" height=\"1024\" src=\"http:\/\/www.tvk-gaj.pl\/~gajonline\/wp-content\/uploads\/2024\/12\/gaj-w-sieci-724x1024.jpg\" alt=\"\" class=\"wp-image-14871\" srcset=\"https:\/\/online.tvk-gaj.pl\/wp-content\/uploads\/2024\/12\/gaj-w-sieci-724x1024.jpg 724w, https:\/\/online.tvk-gaj.pl\/wp-content\/uploads\/2024\/12\/gaj-w-sieci-212x300.jpg 212w, https:\/\/online.tvk-gaj.pl\/wp-content\/uploads\/2024\/12\/gaj-w-sieci-768x1086.jpg 768w, https:\/\/online.tvk-gaj.pl\/wp-content\/uploads\/2024\/12\/gaj-w-sieci-1086x1536.jpg 1086w, https:\/\/online.tvk-gaj.pl\/wp-content\/uploads\/2024\/12\/gaj-w-sieci.jpg 1240w\" sizes=\"auto, (max-width: 724px) 100vw, 724px\" \/><\/figure>\n\n\n\n<p><\/p>\n\n\n\n<p><\/p>\n\n\n\n<p><\/p>\n\n\n\n<p>Piotr Nawrotek,<\/p>\n\n\n\n<p>redaktor naczelny GajOnline w latach 2002-2024r. <\/p>\n","protected":false},"excerpt":{"rendered":"<p>Tak najkr\u00f3cej m\u00f3g\u0142bym stre\u015bci\u0107 artyku\u0142 po\u015bwi\u0119cony zmianie prowadz\u0105cego niniejsz\u0105 stron\u0119 internetow\u0105.<\/p>\n","protected":false},"author":3,"featured_media":14469,"comment_status":"open","ping_status":"open","sticky":false,"template":"","format":"standard","meta":{"footnotes":""},"categories":[14,12],"tags":[1802,18,1151,1803,1801],"class_list":["post-14869","post","type-post","status-publish","format-standard","has-post-thumbnail","hentry","category-aktualnosci","category-artykuly","tag-administrator","tag-gol","tag-pozegnanie","tag-rada-osiedla-gaj-strona-www","tag-strona-internetowa-osiedla-gaj"],"_links":{"self":[{"href":"https:\/\/online.tvk-gaj.pl\/index.php?rest_route=\/wp\/v2\/posts\/14869","targetHints":{"allow":["GET"]}}],"collection":[{"href":"https:\/\/online.tvk-gaj.pl\/index.php?rest_route=\/wp\/v2\/posts"}],"about":[{"href":"https:\/\/online.tvk-gaj.pl\/index.php?rest_route=\/wp\/v2\/types\/post"}],"author":[{"embeddable":true,"href":"https:\/\/online.tvk-gaj.pl\/index.php?rest_route=\/wp\/v2\/users\/3"}],"replies":[{"embeddable":true,"href":"https:\/\/online.tvk-gaj.pl\/index.php?rest_route=%2Fwp%2Fv2%2Fcomments&post=14869"}],"version-history":[{"count":4,"href":"https:\/\/online.tvk-gaj.pl\/index.php?rest_route=\/wp\/v2\/posts\/14869\/revisions"}],"predecessor-version":[{"id":14874,"href":"https:\/\/online.tvk-gaj.pl\/index.php?rest_route=\/wp\/v2\/posts\/14869\/revisions\/14874"}],"wp:featuredmedia":[{"embeddable":true,"href":"https:\/\/online.tvk-gaj.pl\/index.php?rest_route=\/wp\/v2\/media\/14469"}],"wp:attachment":[{"href":"https:\/\/online.tvk-gaj.pl\/index.php?rest_route=%2Fwp%2Fv2%2Fmedia&parent=14869"}],"wp:term":[{"taxonomy":"category","embeddable":true,"href":"https:\/\/online.tvk-gaj.pl\/index.php?rest_route=%2Fwp%2Fv2%2Fcategories&post=14869"},{"taxonomy":"post_tag","embeddable":true,"href":"https:\/\/online.tvk-gaj.pl\/index.php?rest_route=%2Fwp%2Fv2%2Ftags&post=14869"}],"curies":[{"name":"wp","href":"https:\/\/api.w.org\/{rel}","templated":true}]}}