{"id":15007,"date":"2025-01-15T18:04:24","date_gmt":"2025-01-15T17:04:24","guid":{"rendered":"http:\/\/www.tvk-gaj.pl\/~gajonline\/?p=15007"},"modified":"2025-01-15T18:04:24","modified_gmt":"2025-01-15T17:04:24","slug":"inwestycja-przebudowa-torowiska-tramwajowego-na-ulicy-bardzkiej","status":"publish","type":"post","link":"https:\/\/online.tvk-gaj.pl\/?p=15007","title":{"rendered":"Inwestycja : Przebudowa torowiska tramwajowego na ulicy Bardzkiej"},"content":{"rendered":"\n<figure class=\"wp-block-image size-large\"><img loading=\"lazy\" decoding=\"async\" width=\"1024\" height=\"699\" src=\"http:\/\/www.tvk-gaj.pl\/~gajonline\/wp-content\/uploads\/2025\/01\/473800979_1152593712900168_1629118256792906167_n-1024x699.jpg\" alt=\"\" class=\"wp-image-15006\" srcset=\"https:\/\/online.tvk-gaj.pl\/wp-content\/uploads\/2025\/01\/473800979_1152593712900168_1629118256792906167_n-1024x699.jpg 1024w, https:\/\/online.tvk-gaj.pl\/wp-content\/uploads\/2025\/01\/473800979_1152593712900168_1629118256792906167_n-300x205.jpg 300w, https:\/\/online.tvk-gaj.pl\/wp-content\/uploads\/2025\/01\/473800979_1152593712900168_1629118256792906167_n-768x524.jpg 768w, https:\/\/online.tvk-gaj.pl\/wp-content\/uploads\/2025\/01\/473800979_1152593712900168_1629118256792906167_n-1536x1049.jpg 1536w, https:\/\/online.tvk-gaj.pl\/wp-content\/uploads\/2025\/01\/473800979_1152593712900168_1629118256792906167_n.jpg 2048w\" sizes=\"auto, (max-width: 1024px) 100vw, 1024px\" \/><\/figure>\n\n\n\n<p>Powstanie kolejny fragment trasy autobusowo-tramwajowej we Wroc\u0142awiu, kt\u00f3ry poprawi funkcjonowanie komunikacji zbiorowej.<\/p>\n\n\n\n<p>Tym razem planujemy inwestycj\u0119 na ulicy Bardzkiej trasa pozwoli je\u017adzi\u0107 autobusom po torowisku tramwajowym od al. Armii Krajowej do ul. Pi\u0119knej\/ Kamiennej. W\u0142a\u015bnie otworzyli\u015bmy oferty w tym post\u0119powaniu przetargowym na projekt wykonawczy oraz prace budowlane. Teraz b\u0119dziemy analizowa\u0107 je pod wzgl\u0119dem formalnym.<\/p>\n\n\n\n<p>Kilkaset metr\u00f3w inwestycji umo\u017cliwi autobusom <a><\/a>wygodne przejechanie przez ten ruchliwy fragment osiedla. Dzi\u015b autobus w wje\u017cd\u017ca na przystanek, aby wr\u00f3ci\u0107 na og\u00f3ln\u0105 jezdni\u0119 po wschodniej stronie, natomiast po zachodniej jedzie tylko i wy\u0142\u0105cznie jezdni\u0105.<\/p>\n\n\n\n<p>Po zako\u0144czeniu prac nie b\u0119dzie musia\u0142 wykonywa\u0107 tego manewru, pojedzie wydzielonym traktem razem z tramwajami, co u\u0142atwi tak\u017ce poruszanie si\u0119 kierowcom aut osobowych na tym obszarze.<\/p>\n\n\n\n<p>Podczas zadania przebudowany zostanie przystanek tramwajowy w kierunku Gaju i Tarnogaju tak, aby mog\u0142y na nim zatrzymywa\u0107 si\u0119 r\u00f3wnocze\u015bnie tramwaj i autobus. U\u0142atwi to ewentualne przesiadki pasa\u017cerom, a tak\u017ce usprawni przejazd komunikacj\u0105 zbiorow\u0105 w kierunku Gaju, Tarnogaju czy Jagodna.<\/p>\n\n\n\n<p>W ramach zadania wykonawca wybuduje nowe przej\u015bcie dla pieszych i przejazd rowerowy. Podczas inwestycji przeprowadzi tak\u017ce prace przy zieleni. Przesadzi 10 m\u0142odych drzew, kt\u00f3re koliduj\u0105 z budow\u0105, nasadzi kilkaset krzew\u00f3w: irg oraz tawu\u0142 japo\u0144skich.<\/p>\n\n\n\n<p>Inwestycja zosta\u0142a zaplanowana tak, aby do minimum w okresie wakacyjnym ograniczy\u0107 konieczno\u015b\u0107 wy\u0142\u0105czania ruchu tramwajowego na tym obszarze.<\/p>\n\n\n\n<figure class=\"wp-block-image size-large\"><img loading=\"lazy\" decoding=\"async\" width=\"1024\" height=\"768\" src=\"http:\/\/www.tvk-gaj.pl\/~gajonline\/wp-content\/uploads\/2025\/01\/473390394_1152593736233499_7204839906511620162_n-1024x768.jpg\" alt=\"\" class=\"wp-image-15004\" srcset=\"https:\/\/online.tvk-gaj.pl\/wp-content\/uploads\/2025\/01\/473390394_1152593736233499_7204839906511620162_n-1024x768.jpg 1024w, https:\/\/online.tvk-gaj.pl\/wp-content\/uploads\/2025\/01\/473390394_1152593736233499_7204839906511620162_n-300x225.jpg 300w, https:\/\/online.tvk-gaj.pl\/wp-content\/uploads\/2025\/01\/473390394_1152593736233499_7204839906511620162_n-768x576.jpg 768w, https:\/\/online.tvk-gaj.pl\/wp-content\/uploads\/2025\/01\/473390394_1152593736233499_7204839906511620162_n-1536x1152.jpg 1536w, https:\/\/online.tvk-gaj.pl\/wp-content\/uploads\/2025\/01\/473390394_1152593736233499_7204839906511620162_n.jpg 2048w\" sizes=\"auto, (max-width: 1024px) 100vw, 1024px\" \/><\/figure>\n\n\n\n<figure class=\"wp-block-image size-large\"><img loading=\"lazy\" decoding=\"async\" width=\"1024\" height=\"768\" src=\"http:\/\/www.tvk-gaj.pl\/~gajonline\/wp-content\/uploads\/2025\/01\/473656649_1152593839566822_5125890095850889407_n-1024x768.jpg\" alt=\"\" class=\"wp-image-15005\" srcset=\"https:\/\/online.tvk-gaj.pl\/wp-content\/uploads\/2025\/01\/473656649_1152593839566822_5125890095850889407_n-1024x768.jpg 1024w, https:\/\/online.tvk-gaj.pl\/wp-content\/uploads\/2025\/01\/473656649_1152593839566822_5125890095850889407_n-300x225.jpg 300w, https:\/\/online.tvk-gaj.pl\/wp-content\/uploads\/2025\/01\/473656649_1152593839566822_5125890095850889407_n-768x576.jpg 768w, https:\/\/online.tvk-gaj.pl\/wp-content\/uploads\/2025\/01\/473656649_1152593839566822_5125890095850889407_n-1536x1152.jpg 1536w, https:\/\/online.tvk-gaj.pl\/wp-content\/uploads\/2025\/01\/473656649_1152593839566822_5125890095850889407_n.jpg 2048w\" sizes=\"auto, (max-width: 1024px) 100vw, 1024px\" \/><\/figure>\n\n\n\n<p>\u0179r\u00f3d\u0142o tekstu i zdj\u0119\u0107 : <a href=\"https:\/\/www.facebook.com\/wroclawskieinwestycje\" data-type=\"URL\" data-id=\"https:\/\/www.facebook.com\/wroclawskieinwestycje\">https:\/\/www.facebook.com\/wroclawskieinwestycje<\/a><\/p>\n","protected":false},"excerpt":{"rendered":"<p>Powstanie kolejny fragment trasy autobusowo-tramwajowej we Wroc\u0142awiu, kt\u00f3ry poprawi funkcjonowanie komunikacji zbiorowej. Tym razem planujemy inwestycj\u0119 na ulicy Bardzkiej trasa pozwoli je\u017adzi\u0107 autobusom po torowisku tramwajowym od al. Armii Krajowej do ul. Pi\u0119knej\/ Kamiennej. W\u0142a\u015bnie otworzyli\u015bmy oferty w tym post\u0119powaniu przetargowym na projekt wykonawczy oraz prace budowlane. Teraz b\u0119dziemy analizowa\u0107 je pod wzgl\u0119dem formalnym. Kilkaset [&hellip;]<\/p>\n","protected":false},"author":3,"featured_media":15008,"comment_status":"open","ping_status":"open","sticky":false,"template":"","format":"standard","meta":{"footnotes":""},"categories":[14,12],"tags":[112,153,165],"class_list":["post-15007","post","type-post","status-publish","format-standard","has-post-thumbnail","hentry","category-aktualnosci","category-artykuly","tag-gaj","tag-inwestycje","tag-wroclaw"],"_links":{"self":[{"href":"https:\/\/online.tvk-gaj.pl\/index.php?rest_route=\/wp\/v2\/posts\/15007","targetHints":{"allow":["GET"]}}],"collection":[{"href":"https:\/\/online.tvk-gaj.pl\/index.php?rest_route=\/wp\/v2\/posts"}],"about":[{"href":"https:\/\/online.tvk-gaj.pl\/index.php?rest_route=\/wp\/v2\/types\/post"}],"author":[{"embeddable":true,"href":"https:\/\/online.tvk-gaj.pl\/index.php?rest_route=\/wp\/v2\/users\/3"}],"replies":[{"embeddable":true,"href":"https:\/\/online.tvk-gaj.pl\/index.php?rest_route=%2Fwp%2Fv2%2Fcomments&post=15007"}],"version-history":[{"count":1,"href":"https:\/\/online.tvk-gaj.pl\/index.php?rest_route=\/wp\/v2\/posts\/15007\/revisions"}],"predecessor-version":[{"id":15009,"href":"https:\/\/online.tvk-gaj.pl\/index.php?rest_route=\/wp\/v2\/posts\/15007\/revisions\/15009"}],"wp:featuredmedia":[{"embeddable":true,"href":"https:\/\/online.tvk-gaj.pl\/index.php?rest_route=\/wp\/v2\/media\/15008"}],"wp:attachment":[{"href":"https:\/\/online.tvk-gaj.pl\/index.php?rest_route=%2Fwp%2Fv2%2Fmedia&parent=15007"}],"wp:term":[{"taxonomy":"category","embeddable":true,"href":"https:\/\/online.tvk-gaj.pl\/index.php?rest_route=%2Fwp%2Fv2%2Fcategories&post=15007"},{"taxonomy":"post_tag","embeddable":true,"href":"https:\/\/online.tvk-gaj.pl\/index.php?rest_route=%2Fwp%2Fv2%2Ftags&post=15007"}],"curies":[{"name":"wp","href":"https:\/\/api.w.org\/{rel}","templated":true}]}}