{"id":15011,"date":"2025-01-20T15:09:23","date_gmt":"2025-01-20T14:09:23","guid":{"rendered":"http:\/\/www.tvk-gaj.pl\/~gajonline\/?p=15011"},"modified":"2025-01-20T15:09:49","modified_gmt":"2025-01-20T14:09:49","slug":"wazna-inwestycja-na-gaju","status":"publish","type":"post","link":"https:\/\/online.tvk-gaj.pl\/?p=15011","title":{"rendered":"Wa\u017cna inwestycja na Gaju"},"content":{"rendered":"\n<p>Og\u0142osili\u015bmy przetarg projekt na rozbudowy ulicy Kukuczki. Kilkaset metr\u00f3w nowej ulicy ma powsta\u0107 mi\u0119dzy ul. Pirenejsk\u0105, a Stro\u0144sk\u0105 i poszerzy to mo\u017cliwo\u015bci dojazdu m.in. do szko\u0142y przy ul. K\u0142odzkiej.<br>Przy jezdni wybudowany zostanie chodnik. Projektant ma zaplanowa\u0107 r\u00f3wnie\u017c o\u015bwietlenie, zagospodarowanie w\u00f3d opadowych i budow\u0119 MKT, a tak\u017ce zaprojektowa\u0107 ziele\u0144. Od momentu podpisania umowy na realizacj\u0119 prac projektowych b\u0119dzie mia\u0142 11 miesi\u0119cy.<\/p>\n\n\n\n<p>Warto <a><\/a>doda\u0107, \u017ce w okolicy ul. Kukuczki planowana jest tak\u017ce budowa nowej drogi rowerowej &#8211; dok\u0142adnie po stronie wschodniej ul. Borowskiej od Kukuczki do al. Armii Krajowej wraz z popraw\u0105 bezpiecze\u0144stwa na skrzy\u017cowaniu Kukuczki i Borowskiej. Inwestycja jest obj\u0119ta innym zadaniem i dokumentacja projektowa powstaje w ramach planowania trasy tramwajowej do szpitala przy ul. Borowskiej.<\/p>\n\n\n\n<figure class=\"wp-block-image size-large\"><img loading=\"lazy\" decoding=\"async\" width=\"1024\" height=\"576\" src=\"http:\/\/www.tvk-gaj.pl\/~gajonline\/wp-content\/uploads\/2025\/01\/473444739_943807141200929_8102457629128127032_n-1024x576.jpg\" alt=\"\" class=\"wp-image-15012\" srcset=\"https:\/\/online.tvk-gaj.pl\/wp-content\/uploads\/2025\/01\/473444739_943807141200929_8102457629128127032_n-1024x576.jpg 1024w, https:\/\/online.tvk-gaj.pl\/wp-content\/uploads\/2025\/01\/473444739_943807141200929_8102457629128127032_n-300x169.jpg 300w, https:\/\/online.tvk-gaj.pl\/wp-content\/uploads\/2025\/01\/473444739_943807141200929_8102457629128127032_n-768x432.jpg 768w, https:\/\/online.tvk-gaj.pl\/wp-content\/uploads\/2025\/01\/473444739_943807141200929_8102457629128127032_n-1536x864.jpg 1536w, https:\/\/online.tvk-gaj.pl\/wp-content\/uploads\/2025\/01\/473444739_943807141200929_8102457629128127032_n.jpg 2048w\" sizes=\"auto, (max-width: 1024px) 100vw, 1024px\" \/><\/figure>\n\n\n\n<figure class=\"wp-block-image size-large\"><img loading=\"lazy\" decoding=\"async\" width=\"1024\" height=\"576\" src=\"http:\/\/www.tvk-gaj.pl\/~gajonline\/wp-content\/uploads\/2025\/01\/473387850_943807344534242_8407694218768443975_n-1024x576.jpg\" alt=\"\" class=\"wp-image-15013\" srcset=\"https:\/\/online.tvk-gaj.pl\/wp-content\/uploads\/2025\/01\/473387850_943807344534242_8407694218768443975_n-1024x576.jpg 1024w, https:\/\/online.tvk-gaj.pl\/wp-content\/uploads\/2025\/01\/473387850_943807344534242_8407694218768443975_n-300x169.jpg 300w, https:\/\/online.tvk-gaj.pl\/wp-content\/uploads\/2025\/01\/473387850_943807344534242_8407694218768443975_n-768x432.jpg 768w, https:\/\/online.tvk-gaj.pl\/wp-content\/uploads\/2025\/01\/473387850_943807344534242_8407694218768443975_n-1536x864.jpg 1536w, https:\/\/online.tvk-gaj.pl\/wp-content\/uploads\/2025\/01\/473387850_943807344534242_8407694218768443975_n.jpg 2048w\" sizes=\"auto, (max-width: 1024px) 100vw, 1024px\" \/><\/figure>\n\n\n\n<p>\u017ar\u00f3d\u0142o tekstu i zdj\u0119\u0107 : <a href=\"https:\/\/www.facebook.com\/wroclawskieinwestycje\" data-type=\"URL\" data-id=\"https:\/\/www.facebook.com\/wroclawskieinwestycje\">https:\/\/www.facebook.com\/wroclawskieinwestycje<\/a><\/p>\n","protected":false},"excerpt":{"rendered":"<p>Og\u0142osili\u015bmy przetarg projekt na rozbudowy ulicy Kukuczki. Kilkaset metr\u00f3w nowej ulicy ma powsta\u0107 mi\u0119dzy ul. Pirenejsk\u0105, a Stro\u0144sk\u0105 i poszerzy to mo\u017cliwo\u015bci dojazdu m.in. do szko\u0142y przy ul. K\u0142odzkiej.Przy jezdni wybudowany zostanie chodnik. Projektant ma zaplanowa\u0107 r\u00f3wnie\u017c o\u015bwietlenie, zagospodarowanie w\u00f3d opadowych i budow\u0119 MKT, a tak\u017ce zaprojektowa\u0107 ziele\u0144. Od momentu podpisania umowy na realizacj\u0119 prac [&hellip;]<\/p>\n","protected":false},"author":3,"featured_media":15012,"comment_status":"open","ping_status":"open","sticky":false,"template":"","format":"standard","meta":{"footnotes":""},"categories":[14,12],"tags":[112,153,165],"class_list":["post-15011","post","type-post","status-publish","format-standard","has-post-thumbnail","hentry","category-aktualnosci","category-artykuly","tag-gaj","tag-inwestycje","tag-wroclaw"],"_links":{"self":[{"href":"https:\/\/online.tvk-gaj.pl\/index.php?rest_route=\/wp\/v2\/posts\/15011","targetHints":{"allow":["GET"]}}],"collection":[{"href":"https:\/\/online.tvk-gaj.pl\/index.php?rest_route=\/wp\/v2\/posts"}],"about":[{"href":"https:\/\/online.tvk-gaj.pl\/index.php?rest_route=\/wp\/v2\/types\/post"}],"author":[{"embeddable":true,"href":"https:\/\/online.tvk-gaj.pl\/index.php?rest_route=\/wp\/v2\/users\/3"}],"replies":[{"embeddable":true,"href":"https:\/\/online.tvk-gaj.pl\/index.php?rest_route=%2Fwp%2Fv2%2Fcomments&post=15011"}],"version-history":[{"count":1,"href":"https:\/\/online.tvk-gaj.pl\/index.php?rest_route=\/wp\/v2\/posts\/15011\/revisions"}],"predecessor-version":[{"id":15014,"href":"https:\/\/online.tvk-gaj.pl\/index.php?rest_route=\/wp\/v2\/posts\/15011\/revisions\/15014"}],"wp:featuredmedia":[{"embeddable":true,"href":"https:\/\/online.tvk-gaj.pl\/index.php?rest_route=\/wp\/v2\/media\/15012"}],"wp:attachment":[{"href":"https:\/\/online.tvk-gaj.pl\/index.php?rest_route=%2Fwp%2Fv2%2Fmedia&parent=15011"}],"wp:term":[{"taxonomy":"category","embeddable":true,"href":"https:\/\/online.tvk-gaj.pl\/index.php?rest_route=%2Fwp%2Fv2%2Fcategories&post=15011"},{"taxonomy":"post_tag","embeddable":true,"href":"https:\/\/online.tvk-gaj.pl\/index.php?rest_route=%2Fwp%2Fv2%2Ftags&post=15011"}],"curies":[{"name":"wp","href":"https:\/\/api.w.org\/{rel}","templated":true}]}}