{"id":15029,"date":"2025-02-03T19:18:28","date_gmt":"2025-02-03T18:18:28","guid":{"rendered":"http:\/\/www.tvk-gaj.pl\/~gajonline\/?p=15029"},"modified":"2025-02-03T19:18:29","modified_gmt":"2025-02-03T18:18:29","slug":"ferie-zimowe-z-nasz-wroclaw","status":"publish","type":"post","link":"https:\/\/online.tvk-gaj.pl\/?p=15029","title":{"rendered":"Ferie zimowe z Nasz Wroc\u0142aw"},"content":{"rendered":"\n<p>Kino, teatr, a mo\u017ce muzeum? Mamy ferie, wi\u0119c czasu na zwiedzanie jest sporo.<\/p>\n\n\n\n<figure class=\"wp-block-image size-large\"><img loading=\"lazy\" decoding=\"async\" width=\"683\" height=\"1024\" src=\"http:\/\/www.tvk-gaj.pl\/~gajonline\/wp-content\/uploads\/2025\/02\/475771861_1024938672991903_8338720153660274303_n-683x1024.jpg\" alt=\"\" class=\"wp-image-15031\" srcset=\"https:\/\/online.tvk-gaj.pl\/wp-content\/uploads\/2025\/02\/475771861_1024938672991903_8338720153660274303_n-683x1024.jpg 683w, https:\/\/online.tvk-gaj.pl\/wp-content\/uploads\/2025\/02\/475771861_1024938672991903_8338720153660274303_n-200x300.jpg 200w, https:\/\/online.tvk-gaj.pl\/wp-content\/uploads\/2025\/02\/475771861_1024938672991903_8338720153660274303_n-768x1151.jpg 768w, https:\/\/online.tvk-gaj.pl\/wp-content\/uploads\/2025\/02\/475771861_1024938672991903_8338720153660274303_n-1025x1536.jpg 1025w, https:\/\/online.tvk-gaj.pl\/wp-content\/uploads\/2025\/02\/475771861_1024938672991903_8338720153660274303_n.jpg 1366w\" sizes=\"auto, (max-width: 683px) 100vw, 683px\" \/><\/figure>\n\n\n\n<p>Najlepsze wroc\u0142awskie atrakcje mo\u017cecie poznawa\u0107 z <a href=\"https:\/\/www.facebook.com\/NaszWroclawProgramMiejski?__cft__%5b0%5d=AZW3bHdKd42oUjQEaJmyXWrFZqnQ-uB4y4A077Wxzf-kXp1t-A7pHSyZR19bRhmazXU1oRLCbeTyjbxEDHjDb69GvNkMbMkM6sI4l1xbUfoKF3wpT8TR1G9MMzAIMd4Exc24p0ryr80IslFeWirta9mgsHo49VBtoZBUqUWh7KQcRMtT65G_Bivqi_hyLNXHt0o&amp;__tn__=-%5dK-R\"><strong>Nasz Wroc\u0142aw &#8211; Program Miejski<\/strong><\/a>, <br>kt\u00f3ry daje Wam mo\u017cliwo\u015b\u0107 skorzystania z wielu atrakcyjnych zni\u017cek.<br><\/p>\n\n\n\n<figure class=\"wp-block-image size-large is-resized\"><img loading=\"lazy\" decoding=\"async\" src=\"http:\/\/www.tvk-gaj.pl\/~gajonline\/wp-content\/uploads\/2025\/02\/475286574_1035733888581497_5223942939259391605_n-1024x1024.jpg\" alt=\"\" class=\"wp-image-15030\" width=\"686\" height=\"686\" srcset=\"https:\/\/online.tvk-gaj.pl\/wp-content\/uploads\/2025\/02\/475286574_1035733888581497_5223942939259391605_n-1024x1024.jpg 1024w, https:\/\/online.tvk-gaj.pl\/wp-content\/uploads\/2025\/02\/475286574_1035733888581497_5223942939259391605_n-300x300.jpg 300w, https:\/\/online.tvk-gaj.pl\/wp-content\/uploads\/2025\/02\/475286574_1035733888581497_5223942939259391605_n-150x150.jpg 150w, https:\/\/online.tvk-gaj.pl\/wp-content\/uploads\/2025\/02\/475286574_1035733888581497_5223942939259391605_n-768x768.jpg 768w, https:\/\/online.tvk-gaj.pl\/wp-content\/uploads\/2025\/02\/475286574_1035733888581497_5223942939259391605_n-160x160.jpg 160w, https:\/\/online.tvk-gaj.pl\/wp-content\/uploads\/2025\/02\/475286574_1035733888581497_5223942939259391605_n-240x240.jpg 240w, https:\/\/online.tvk-gaj.pl\/wp-content\/uploads\/2025\/02\/475286574_1035733888581497_5223942939259391605_n-60x60.jpg 60w, https:\/\/online.tvk-gaj.pl\/wp-content\/uploads\/2025\/02\/475286574_1035733888581497_5223942939259391605_n-184x184.jpg 184w, https:\/\/online.tvk-gaj.pl\/wp-content\/uploads\/2025\/02\/475286574_1035733888581497_5223942939259391605_n.jpg 1080w\" sizes=\"auto, (max-width: 686px) 100vw, 686px\" \/><\/figure>\n\n\n\n<p>\u0179r\u00f3d\u0142o tekstu i zdj\u0119\u0107 : <a href=\"https:\/\/www.facebook.com\/NaszWroclawProgramMiejski\">https:\/\/www.facebook.com\/NaszWroclawProgramMiejski<\/a><\/p>\n\n\n\n<p><a href=\"https:\/\/www.facebook.com\/wroclaw.wroclove\">https:\/\/www.facebook.com\/wroclaw.wroclove<\/a><\/p>\n","protected":false},"excerpt":{"rendered":"<p>Kino, teatr, a mo\u017ce muzeum? Mamy ferie, wi\u0119c czasu na zwiedzanie jest sporo. Najlepsze wroc\u0142awskie atrakcje mo\u017cecie poznawa\u0107 z Nasz Wroc\u0142aw &#8211; Program Miejski, kt\u00f3ry daje Wam mo\u017cliwo\u015b\u0107 skorzystania z wielu atrakcyjnych zni\u017cek. \u0179r\u00f3d\u0142o tekstu i zdj\u0119\u0107 : https:\/\/www.facebook.com\/NaszWroclawProgramMiejski https:\/\/www.facebook.com\/wroclaw.wroclove<\/p>\n","protected":false},"author":3,"featured_media":15031,"comment_status":"open","ping_status":"open","sticky":false,"template":"","format":"standard","meta":{"footnotes":""},"categories":[14,12],"tags":[1808,1809],"class_list":["post-15029","post","type-post","status-publish","format-standard","has-post-thumbnail","hentry","category-aktualnosci","category-artykuly","tag-ferie-zimowe","tag-naszwroclaw"],"_links":{"self":[{"href":"https:\/\/online.tvk-gaj.pl\/index.php?rest_route=\/wp\/v2\/posts\/15029","targetHints":{"allow":["GET"]}}],"collection":[{"href":"https:\/\/online.tvk-gaj.pl\/index.php?rest_route=\/wp\/v2\/posts"}],"about":[{"href":"https:\/\/online.tvk-gaj.pl\/index.php?rest_route=\/wp\/v2\/types\/post"}],"author":[{"embeddable":true,"href":"https:\/\/online.tvk-gaj.pl\/index.php?rest_route=\/wp\/v2\/users\/3"}],"replies":[{"embeddable":true,"href":"https:\/\/online.tvk-gaj.pl\/index.php?rest_route=%2Fwp%2Fv2%2Fcomments&post=15029"}],"version-history":[{"count":1,"href":"https:\/\/online.tvk-gaj.pl\/index.php?rest_route=\/wp\/v2\/posts\/15029\/revisions"}],"predecessor-version":[{"id":15032,"href":"https:\/\/online.tvk-gaj.pl\/index.php?rest_route=\/wp\/v2\/posts\/15029\/revisions\/15032"}],"wp:featuredmedia":[{"embeddable":true,"href":"https:\/\/online.tvk-gaj.pl\/index.php?rest_route=\/wp\/v2\/media\/15031"}],"wp:attachment":[{"href":"https:\/\/online.tvk-gaj.pl\/index.php?rest_route=%2Fwp%2Fv2%2Fmedia&parent=15029"}],"wp:term":[{"taxonomy":"category","embeddable":true,"href":"https:\/\/online.tvk-gaj.pl\/index.php?rest_route=%2Fwp%2Fv2%2Fcategories&post=15029"},{"taxonomy":"post_tag","embeddable":true,"href":"https:\/\/online.tvk-gaj.pl\/index.php?rest_route=%2Fwp%2Fv2%2Ftags&post=15029"}],"curies":[{"name":"wp","href":"https:\/\/api.w.org\/{rel}","templated":true}]}}