{"id":15033,"date":"2025-02-05T16:22:13","date_gmt":"2025-02-05T15:22:13","guid":{"rendered":"http:\/\/www.tvk-gaj.pl\/~gajonline\/?p=15033"},"modified":"2025-02-05T16:22:14","modified_gmt":"2025-02-05T15:22:14","slug":"tramwaj-na-jagodno","status":"publish","type":"post","link":"https:\/\/online.tvk-gaj.pl\/?p=15033","title":{"rendered":"Tramwaj na Jagodno"},"content":{"rendered":"\n<figure class=\"wp-block-image size-large\"><img loading=\"lazy\" decoding=\"async\" width=\"1024\" height=\"512\" src=\"http:\/\/www.tvk-gaj.pl\/~gajonline\/wp-content\/uploads\/2025\/02\/475890687_1167443464748526_4901975747880896696_n-1024x512.jpg\" alt=\"\" class=\"wp-image-15034\" srcset=\"https:\/\/online.tvk-gaj.pl\/wp-content\/uploads\/2025\/02\/475890687_1167443464748526_4901975747880896696_n-1024x512.jpg 1024w, https:\/\/online.tvk-gaj.pl\/wp-content\/uploads\/2025\/02\/475890687_1167443464748526_4901975747880896696_n-300x150.jpg 300w, https:\/\/online.tvk-gaj.pl\/wp-content\/uploads\/2025\/02\/475890687_1167443464748526_4901975747880896696_n-768x384.jpg 768w, https:\/\/online.tvk-gaj.pl\/wp-content\/uploads\/2025\/02\/475890687_1167443464748526_4901975747880896696_n-319x160.jpg 319w, https:\/\/online.tvk-gaj.pl\/wp-content\/uploads\/2025\/02\/475890687_1167443464748526_4901975747880896696_n.jpg 1200w\" sizes=\"auto, (max-width: 1024px) 100vw, 1024px\" \/><\/figure>\n\n\n\n<p><img loading=\"lazy\" decoding=\"async\" height=\"16\" width=\"16\" alt=\"&#x1f68b;\" src=\"https:\/\/static.xx.fbcdn.net\/images\/emoji.php\/v9\/tf8\/1\/16\/1f68b.png\"> Prze\u0142om dla Wroc\u0142awia \u2013 kluczowe przepisy dla tramwaju na Jagodno ju\u017c obowi\u0105zuj\u0105! <img loading=\"lazy\" decoding=\"async\" height=\"16\" width=\"16\" alt=\"&#x1f68b;\" src=\"https:\/\/static.xx.fbcdn.net\/images\/emoji.php\/v9\/tf8\/1\/16\/1f68b.png\"><\/p>\n\n\n\n<p>Po 5 latach stara\u0144 wreszcie mamy rozporz\u0105dzenie Ministra Infrastruktury, kt\u00f3re precyzyjnie okre\u015bla warunki techniczne dla skrzy\u017cowa\u0144 tor\u00f3w tramwajowych z kolejowymi. Panie Ministrze <a href=\"https:\/\/www.facebook.com\/klimczakdariusz?__cft__[0]=AZWUZf9b87nnG70Yv3ItWbI-a0AG_w0l9uSeHOuITlNBowK1tAKJyowqYN5-gJHbyaevb8qHZzL2FZRIzcWhW1Q1Rgw_7x0cwDiPZx7N9OF6P90dfB80qCPEtMQ7T-EFhg4eeErD4_u-wq69BDsKnq_c1iMXurEC2DlKlXhR-RofC1q_3JYc3mgoVDEMGuM8lZA&amp;__tn__=-]K-R\">Dariusz Klimczak<\/a> \u2013 dzi\u0119kujemy!<\/p>\n\n\n\n<p>To <a><\/a>odblokowuje mo\u017cliwo\u015b\u0107 zako\u0144czenia przetargu na projektowanie linii tramwajowej na Jagodno \u2013 jednej z najbardziej wyczekiwanych inwestycji we Wroc\u0142awiu.<\/p>\n\n\n\n<p><img loading=\"lazy\" decoding=\"async\" height=\"16\" width=\"16\" alt=\"&#x1f6a6;\" src=\"https:\/\/static.xx.fbcdn.net\/images\/emoji.php\/v9\/t43\/1\/16\/1f6a6.png\"> Co si\u0119 zmienia?<\/p>\n\n\n\n<p>Nowe przepisy reguluj\u0105 m.in. zasady budowy skrzy\u017cowa\u0144 jednopoziomowych, takich jak na Jagodnie, gdzie tory tramwajowe przetn\u0105 kolejowe pod k\u0105tem mi\u0119dzy 45\u00b0 a 90\u00b0. Obejmuj\u0105 m.in.:<\/p>\n\n\n\n<p>\u2022 Geometri\u0119 tor\u00f3w \u2013 precyzyjne parametry dotycz\u0105ce przeci\u0119cia i krzy\u017cowania tor\u00f3w tramwajowych z kolejowymi.<\/p>\n\n\n\n<p>\u2022 Systemy zabezpiecze\u0144 \u2013 zaawansowana sygnalizacja \u015bwietlna i d\u017awi\u0119kowa zsynchronizowana z ruchem kolejowym i tramwajowym.<\/p>\n\n\n\n<p>\u2022 Bezpiecze\u0144stwo \u2013 ograniczenie pr\u0119dko\u015bci poci\u0105g\u00f3w do 80 km\/h w rejonie skrzy\u017cowania.<\/p>\n\n\n\n<p><img loading=\"lazy\" decoding=\"async\" height=\"16\" width=\"16\" alt=\"&#x1f91d;\" src=\"https:\/\/static.xx.fbcdn.net\/images\/emoji.php\/v9\/t64\/1\/16\/1f91d.png\"> Jak dosz\u0142o do prze\u0142omu?<\/p>\n\n\n\n<p>Dzi\u0119kuj\u0119 r\u00f3wnie\u017c Premierowi <a href=\"https:\/\/www.facebook.com\/donaldtusk?__cft__[0]=AZWUZf9b87nnG70Yv3ItWbI-a0AG_w0l9uSeHOuITlNBowK1tAKJyowqYN5-gJHbyaevb8qHZzL2FZRIzcWhW1Q1Rgw_7x0cwDiPZx7N9OF6P90dfB80qCPEtMQ7T-EFhg4eeErD4_u-wq69BDsKnq_c1iMXurEC2DlKlXhR-RofC1q_3JYc3mgoVDEMGuM8lZA&amp;__tn__=-]K-R\">Donald Tusk<\/a>, kt\u00f3ry podczas wizyty na Jagodnie po wygranych wyborach zadeklarowa\u0142, \u017ce \u201eten tramwaj b\u0119dzie\u201d.<\/p>\n\n\n\n<p>To odczarowa\u0142o trwaj\u0105c\u0105 latami ministerialn\u0105 niemoc poprzedniej ekipy. Deklaracja Premiera o wsparciu dla inwestycji znacz\u0105co przyspieszy\u0142a prace legislacyjne.<\/p>\n\n\n\n<p><img loading=\"lazy\" decoding=\"async\" height=\"16\" width=\"16\" alt=\"&#x1f4c5;\" src=\"https:\/\/static.xx.fbcdn.net\/images\/emoji.php\/v9\/t7e\/1\/16\/1f4c5.png\"> Co dalej?<\/p>\n\n\n\n<p>W po\u0142owie 2025 roku b\u0119dzie gotowa wydzielona trasa autobusowa, kt\u00f3ra ju\u017c teraz zawiera m.in.:<\/p>\n\n\n\n<p><img loading=\"lazy\" decoding=\"async\" height=\"16\" width=\"16\" alt=\"&#x2705;\" src=\"https:\/\/static.xx.fbcdn.net\/images\/emoji.php\/v9\/t33\/1\/16\/2705.png\"> wzmocnion\u0105 podbudow\u0119 pod torowisko,<\/p>\n\n\n\n<p><img loading=\"lazy\" decoding=\"async\" height=\"16\" width=\"16\" alt=\"&#x2705;\" src=\"https:\/\/static.xx.fbcdn.net\/images\/emoji.php\/v9\/t33\/1\/16\/2705.png\"> tramwajow\u0105 geometri\u0119 przystank\u00f3w autobusowych,<\/p>\n\n\n\n<p><img loading=\"lazy\" decoding=\"async\" height=\"16\" width=\"16\" src=\"https:\/\/static.xx.fbcdn.net\/images\/emoji.php\/v9\/t33\/1\/16\/2705.png\" alt=\"&#x2705;\"> niekt\u00f3re s\u0142upy przysz\u0142ej trakcji tramwajowej.<\/p>\n\n\n\n<figure class=\"wp-block-image size-large\"><img loading=\"lazy\" decoding=\"async\" width=\"1024\" height=\"683\" src=\"http:\/\/www.tvk-gaj.pl\/~gajonline\/wp-content\/uploads\/2025\/02\/475980147_1167443478081858_7466528479649108361_n-1024x683.jpg\" alt=\"\" class=\"wp-image-15035\" srcset=\"https:\/\/online.tvk-gaj.pl\/wp-content\/uploads\/2025\/02\/475980147_1167443478081858_7466528479649108361_n-1024x683.jpg 1024w, https:\/\/online.tvk-gaj.pl\/wp-content\/uploads\/2025\/02\/475980147_1167443478081858_7466528479649108361_n-300x200.jpg 300w, https:\/\/online.tvk-gaj.pl\/wp-content\/uploads\/2025\/02\/475980147_1167443478081858_7466528479649108361_n-768x513.jpg 768w, https:\/\/online.tvk-gaj.pl\/wp-content\/uploads\/2025\/02\/475980147_1167443478081858_7466528479649108361_n-1536x1025.jpg 1536w, https:\/\/online.tvk-gaj.pl\/wp-content\/uploads\/2025\/02\/475980147_1167443478081858_7466528479649108361_n-321x214.jpg 321w, https:\/\/online.tvk-gaj.pl\/wp-content\/uploads\/2025\/02\/475980147_1167443478081858_7466528479649108361_n-140x94.jpg 140w, https:\/\/online.tvk-gaj.pl\/wp-content\/uploads\/2025\/02\/475980147_1167443478081858_7466528479649108361_n.jpg 1900w\" sizes=\"auto, (max-width: 1024px) 100vw, 1024px\" \/><\/figure>\n\n\n\n<p>Mamy teraz otwart\u0105 drog\u0119 do otwarcia ofert w przetargu na projekt tramwaju!<\/p>\n\n\n\n<p>Przygotowali\u015bmy ju\u017c porozumienia z Dolno\u015bl\u0105sk\u0105 S\u0142u\u017cb\u0105 Dr\u00f3g i Kolei oraz gmin\u0105 Siechnice, aby formalnie projektowa\u0107 na terenach poza granicami miasta. To porozumienie pozwoli w przysz\u0142o\u015bci poprowadzi\u0107 ten tramwaj dalej w kierunku Iwin i Siechnic. Jeste\u015bmy otwarci na wyd\u0142u\u017cenie tej linii poza granice Wroc\u0142awia w kolejnych etapach.<\/p>\n\n\n\n<p><img loading=\"lazy\" decoding=\"async\" height=\"16\" width=\"16\" alt=\"&#x1f4cd;\" src=\"https:\/\/static.xx.fbcdn.net\/images\/emoji.php\/v9\/t2d\/1\/16\/1f4cd.png\"> Projekt tramwaju to tylko jeden z element\u00f3w przetargu. Obejmuje on tak\u017ce:<\/p>\n\n\n\n<p>\u2022 projektowanie drugiej jezdni ul. Buforowej a\u017c do ronda w Iwinach,<\/p>\n\n\n\n<p>\u2022 wyznaczenie rezerwy na ewentualne przed\u0142u\u017cenie tramwaju do Iwin.<\/p>\n\n\n\n<p>Teraz przed nami uzupe\u0142nienie og\u0142oszenia przetargowego o te porozumienia i oczekiwanie na oferty projektant\u00f3w. Liczymy, \u017ce uda si\u0119 utrzyma\u0107 obecny termin zamkni\u0119cia przetargu \u2013 28 lutego br.<\/p>\n\n\n\n<p><\/p>\n\n\n\n<p>\u017ar\u00f3d\u0142o tekstu i zdj\u0119\u0107 : <a href=\"https:\/\/www.facebook.com\/sutrykjacek\" data-type=\"URL\" data-id=\"https:\/\/www.facebook.com\/sutrykjacek\">https:\/\/www.facebook.com\/sutrykjacek<\/a><\/p>\n","protected":false},"excerpt":{"rendered":"<p>Prze\u0142om dla Wroc\u0142awia \u2013 kluczowe przepisy dla tramwaju na Jagodno ju\u017c obowi\u0105zuj\u0105! Po 5 latach stara\u0144 wreszcie mamy rozporz\u0105dzenie Ministra Infrastruktury, kt\u00f3re precyzyjnie okre\u015bla warunki techniczne dla skrzy\u017cowa\u0144 tor\u00f3w tramwajowych z kolejowymi. Panie Ministrze Dariusz Klimczak \u2013 dzi\u0119kujemy! To odblokowuje mo\u017cliwo\u015b\u0107 zako\u0144czenia przetargu na projektowanie linii tramwajowej na Jagodno \u2013 jednej z najbardziej wyczekiwanych inwestycji [&hellip;]<\/p>\n","protected":false},"author":3,"featured_media":15035,"comment_status":"open","ping_status":"open","sticky":false,"template":"","format":"standard","meta":{"footnotes":""},"categories":[14,12],"tags":[112,554,231],"class_list":["post-15033","post","type-post","status-publish","format-standard","has-post-thumbnail","hentry","category-aktualnosci","category-artykuly","tag-gaj","tag-jagodno","tag-tramwaj"],"_links":{"self":[{"href":"https:\/\/online.tvk-gaj.pl\/index.php?rest_route=\/wp\/v2\/posts\/15033","targetHints":{"allow":["GET"]}}],"collection":[{"href":"https:\/\/online.tvk-gaj.pl\/index.php?rest_route=\/wp\/v2\/posts"}],"about":[{"href":"https:\/\/online.tvk-gaj.pl\/index.php?rest_route=\/wp\/v2\/types\/post"}],"author":[{"embeddable":true,"href":"https:\/\/online.tvk-gaj.pl\/index.php?rest_route=\/wp\/v2\/users\/3"}],"replies":[{"embeddable":true,"href":"https:\/\/online.tvk-gaj.pl\/index.php?rest_route=%2Fwp%2Fv2%2Fcomments&post=15033"}],"version-history":[{"count":1,"href":"https:\/\/online.tvk-gaj.pl\/index.php?rest_route=\/wp\/v2\/posts\/15033\/revisions"}],"predecessor-version":[{"id":15036,"href":"https:\/\/online.tvk-gaj.pl\/index.php?rest_route=\/wp\/v2\/posts\/15033\/revisions\/15036"}],"wp:featuredmedia":[{"embeddable":true,"href":"https:\/\/online.tvk-gaj.pl\/index.php?rest_route=\/wp\/v2\/media\/15035"}],"wp:attachment":[{"href":"https:\/\/online.tvk-gaj.pl\/index.php?rest_route=%2Fwp%2Fv2%2Fmedia&parent=15033"}],"wp:term":[{"taxonomy":"category","embeddable":true,"href":"https:\/\/online.tvk-gaj.pl\/index.php?rest_route=%2Fwp%2Fv2%2Fcategories&post=15033"},{"taxonomy":"post_tag","embeddable":true,"href":"https:\/\/online.tvk-gaj.pl\/index.php?rest_route=%2Fwp%2Fv2%2Ftags&post=15033"}],"curies":[{"name":"wp","href":"https:\/\/api.w.org\/{rel}","templated":true}]}}