{"id":15080,"date":"2025-02-22T10:28:48","date_gmt":"2025-02-22T09:28:48","guid":{"rendered":"http:\/\/www.tvk-gaj.pl\/~gajonline\/?p=15080"},"modified":"2025-02-22T10:28:49","modified_gmt":"2025-02-22T09:28:49","slug":"nowe-wyremontowane-podworko-na-orzechowej","status":"publish","type":"post","link":"https:\/\/online.tvk-gaj.pl\/?p=15080","title":{"rendered":"Nowe, wyremontowane podw\u00f3rko na Orzechowej"},"content":{"rendered":"\n<p>Tre\u015b\u0107 wiadomo\u015bci Biura Prasowego Urz\u0119du Miejskiego Wroc\u0142awia oraz Wroc\u0142awskie Mieszkania :<\/p>\n\n\n\n<p>Uwaga, Gaj i Kleczk\u00f3w! Wkr\u00f3tce b\u0119dziecie mieli dwa nowe, wyremontowane podw\u00f3rka.<\/p>\n\n\n\n<p>Zarz\u0105dzaj\u0105ca w imieniu Miasta na tych osiedlach mieniem komunalnym sp\u00f3\u0142ka <a href=\"https:\/\/www.facebook.com\/WroclawskieMieszkaniaSpolka?__cft__[0]=AZWYozoplaOAmNdVFNrY7Vsj61AzN0W6rVtCsevMX2yQ1XOypFMwrV16R2HlAmugkpaHG5wQ5GpHgIiYwwYvsEn2dSDF67ngQFTUniBLKP8iw9G2NRzQ5YRnL1OmHP5HJQdL2-sFq76GoCHcTEVhO0NXGXc4vklWa6IZ9Xot-dylr2v3f4rq4nY2174ERiN5SYoBSX7pCnqvDSf4mqdPtWwubo17Wg6qkusq35VwAbaaJQ&amp;__tn__=-]K-y-R\">Wroc\u0142awskie Mieszkania<\/a> podpisa\u0142a umowy na wykonanie dokumentacji projektowej podw\u00f3rza przy Orzechowej (dzia\u0142ka wok\u00f3\u0142 blok\u00f3w nr 49-59) oraz wn\u0119trza kwarta\u0142owego Kraszewskiego-Zegad\u0142owicza-Kleczkowska-Siemie\u0144skiego.<\/p>\n\n\n\n<p><img loading=\"lazy\" decoding=\"async\" height=\"16\" width=\"16\" alt=\"&#x1f333;\" src=\"https:\/\/static.xx.fbcdn.net\/images\/emoji.php\/v9\/t6b\/1\/16\/1f333.png\"><img loading=\"lazy\" decoding=\"async\" height=\"16\" width=\"16\" alt=\"&#x1f6dd;\" src=\"https:\/\/static.xx.fbcdn.net\/images\/emoji.php\/v9\/t4e\/1\/16\/1f6dd.png\">Projekty obejm\u0105: nasadzenia zieleni, ma\u0142\u0105 architektur\u0119, urz\u0105dzenia zabawowe, miejsca parkingowe, o\u015bwietlenie.<\/p>\n\n\n\n<p><img loading=\"lazy\" decoding=\"async\" height=\"16\" width=\"16\" src=\"https:\/\/static.xx.fbcdn.net\/images\/emoji.php\/v9\/tdb\/1\/16\/1f5d2.png\" alt=\"&#x1f5d2;\">Tradycyjnie ju\u017c, inwestor prowadzi\u0142 konsultacje spo\u0142eczne dla mieszka\u0144c\u00f3w, aby najpierw pozna\u0107 ich oczekiwania wobec projektowanych przestrzeni. O ich przebiegu przeczytacie tutaj: <a rel=\"noreferrer noopener\" href=\"https:\/\/www.wroclaw.pl\/rozmawia\/konsultacje-spoleczne\/strona-1\/?fbclid=IwZXh0bgNhZW0CMTAAAR1w9VzlxS-03sDOD7xYHq5wtEj78-xFUuFq9-Z9BhSHhrLtI8G0wkaNxxs_aem_0q4A4QoNPTB9LG5FfKb0JQ\" target=\"_blank\">https:\/\/www.wroclaw.pl\/&#8230;\/konsultacje-spoleczne\/strona-1\/<\/a><\/p>\n\n\n\n<figure class=\"wp-block-image size-large\"><img loading=\"lazy\" decoding=\"async\" width=\"1024\" height=\"775\" src=\"http:\/\/www.tvk-gaj.pl\/~gajonline\/wp-content\/uploads\/2025\/02\/480698054_1545932083014268_5331512581241885930_n-1024x775.jpg\" alt=\"\" class=\"wp-image-15081\" srcset=\"https:\/\/online.tvk-gaj.pl\/wp-content\/uploads\/2025\/02\/480698054_1545932083014268_5331512581241885930_n-1024x775.jpg 1024w, https:\/\/online.tvk-gaj.pl\/wp-content\/uploads\/2025\/02\/480698054_1545932083014268_5331512581241885930_n-300x227.jpg 300w, https:\/\/online.tvk-gaj.pl\/wp-content\/uploads\/2025\/02\/480698054_1545932083014268_5331512581241885930_n-768x581.jpg 768w, https:\/\/online.tvk-gaj.pl\/wp-content\/uploads\/2025\/02\/480698054_1545932083014268_5331512581241885930_n.jpg 1366w\" sizes=\"auto, (max-width: 1024px) 100vw, 1024px\" \/><figcaption class=\"wp-element-caption\">Teren, na kt\u00f3rym b\u0119dzie nowe, wyremontowane podw\u00f3rko na Gaju<\/figcaption><\/figure>\n\n\n\n<p>\u017ar\u00f3d\u0142o tekstu i zdj\u0119\u0107 : Biuro Prasowe Urz\u0119du Miejskiego Wroc\u0142awia<\/p>\n","protected":false},"excerpt":{"rendered":"<p>Tre\u015b\u0107 wiadomo\u015bci Biura Prasowego Urz\u0119du Miejskiego Wroc\u0142awia oraz Wroc\u0142awskie Mieszkania : Uwaga, Gaj i Kleczk\u00f3w! Wkr\u00f3tce b\u0119dziecie mieli dwa nowe, wyremontowane podw\u00f3rka. Zarz\u0105dzaj\u0105ca w imieniu Miasta na tych osiedlach mieniem komunalnym sp\u00f3\u0142ka Wroc\u0142awskie Mieszkania podpisa\u0142a umowy na wykonanie dokumentacji projektowej podw\u00f3rza przy Orzechowej (dzia\u0142ka wok\u00f3\u0142 blok\u00f3w nr 49-59) oraz wn\u0119trza kwarta\u0142owego Kraszewskiego-Zegad\u0142owicza-Kleczkowska-Siemie\u0144skiego. Projekty obejm\u0105: nasadzenia [&hellip;]<\/p>\n","protected":false},"author":3,"featured_media":15082,"comment_status":"open","ping_status":"open","sticky":false,"template":"","format":"standard","meta":{"footnotes":""},"categories":[14,12],"tags":[112,515],"class_list":["post-15080","post","type-post","status-publish","format-standard","has-post-thumbnail","hentry","category-aktualnosci","category-artykuly","tag-gaj","tag-remont"],"_links":{"self":[{"href":"https:\/\/online.tvk-gaj.pl\/index.php?rest_route=\/wp\/v2\/posts\/15080","targetHints":{"allow":["GET"]}}],"collection":[{"href":"https:\/\/online.tvk-gaj.pl\/index.php?rest_route=\/wp\/v2\/posts"}],"about":[{"href":"https:\/\/online.tvk-gaj.pl\/index.php?rest_route=\/wp\/v2\/types\/post"}],"author":[{"embeddable":true,"href":"https:\/\/online.tvk-gaj.pl\/index.php?rest_route=\/wp\/v2\/users\/3"}],"replies":[{"embeddable":true,"href":"https:\/\/online.tvk-gaj.pl\/index.php?rest_route=%2Fwp%2Fv2%2Fcomments&post=15080"}],"version-history":[{"count":1,"href":"https:\/\/online.tvk-gaj.pl\/index.php?rest_route=\/wp\/v2\/posts\/15080\/revisions"}],"predecessor-version":[{"id":15083,"href":"https:\/\/online.tvk-gaj.pl\/index.php?rest_route=\/wp\/v2\/posts\/15080\/revisions\/15083"}],"wp:featuredmedia":[{"embeddable":true,"href":"https:\/\/online.tvk-gaj.pl\/index.php?rest_route=\/wp\/v2\/media\/15082"}],"wp:attachment":[{"href":"https:\/\/online.tvk-gaj.pl\/index.php?rest_route=%2Fwp%2Fv2%2Fmedia&parent=15080"}],"wp:term":[{"taxonomy":"category","embeddable":true,"href":"https:\/\/online.tvk-gaj.pl\/index.php?rest_route=%2Fwp%2Fv2%2Fcategories&post=15080"},{"taxonomy":"post_tag","embeddable":true,"href":"https:\/\/online.tvk-gaj.pl\/index.php?rest_route=%2Fwp%2Fv2%2Ftags&post=15080"}],"curies":[{"name":"wp","href":"https:\/\/api.w.org\/{rel}","templated":true}]}}