{"id":15091,"date":"2025-03-03T16:15:04","date_gmt":"2025-03-03T15:15:04","guid":{"rendered":"http:\/\/www.tvk-gaj.pl\/~gajonline\/?p=15091"},"modified":"2025-03-05T20:04:54","modified_gmt":"2025-03-05T19:04:54","slug":"przedluzamy-konsultacje-spoleczne-dot-wykorzystania-srodkow-funduszu-osiedlowego-na-lata-2025-2026","status":"publish","type":"post","link":"https:\/\/online.tvk-gaj.pl\/?p=15091","title":{"rendered":"Przed\u0142u\u017camy konsultacje spo\u0142eczne dot. wykorzystania \u015brodk\u00f3w funduszu osiedlowego na lata 2025-2026"},"content":{"rendered":"\n<p>W zwi\u0105zku z du\u017cym zainteresowaniem mieszka\u0144c\u00f3w naszego Osiedla przed\u0142u\u017camy konsultacje spo\u0142eczne<\/p>\n\n\n\n<p>dot. wykorzystania \u015brodk\u00f3w funduszu osiedlowego na lata 2025 &#8211; 2026<\/p>\n\n\n\n<figure class=\"wp-block-gallery has-nested-images columns-default is-cropped wp-block-gallery-1 is-layout-flex wp-block-gallery-is-layout-flex\">\n<figure class=\"wp-block-image size-large\"><img loading=\"lazy\" decoding=\"async\" width=\"724\" height=\"1024\" data-id=\"15095\" src=\"http:\/\/www.tvk-gaj.pl\/~gajonline\/wp-content\/uploads\/2025\/03\/przedluzenie-724x1024.jpg\" alt=\"\" class=\"wp-image-15095\" srcset=\"https:\/\/online.tvk-gaj.pl\/wp-content\/uploads\/2025\/03\/przedluzenie-724x1024.jpg 724w, https:\/\/online.tvk-gaj.pl\/wp-content\/uploads\/2025\/03\/przedluzenie-212x300.jpg 212w, https:\/\/online.tvk-gaj.pl\/wp-content\/uploads\/2025\/03\/przedluzenie-768x1086.jpg 768w, https:\/\/online.tvk-gaj.pl\/wp-content\/uploads\/2025\/03\/przedluzenie-1086x1536.jpg 1086w, https:\/\/online.tvk-gaj.pl\/wp-content\/uploads\/2025\/03\/przedluzenie-1448x2048.jpg 1448w, https:\/\/online.tvk-gaj.pl\/wp-content\/uploads\/2025\/03\/przedluzenie-scaled.jpg 1810w\" sizes=\"auto, (max-width: 724px) 100vw, 724px\" \/><\/figure>\n<\/figure>\n","protected":false},"excerpt":{"rendered":"<p>W zwi\u0105zku z du\u017cym zainteresowaniem mieszka\u0144c\u00f3w naszego Osiedla przed\u0142u\u017camy konsultacje spo\u0142eczne dot. wykorzystania \u015brodk\u00f3w funduszu osiedlowego na lata 2025 &#8211; 2026<\/p>\n","protected":false},"author":3,"featured_media":15093,"comment_status":"open","ping_status":"open","sticky":false,"template":"","format":"standard","meta":{"footnotes":""},"categories":[14,12],"tags":[],"class_list":["post-15091","post","type-post","status-publish","format-standard","has-post-thumbnail","hentry","category-aktualnosci","category-artykuly"],"_links":{"self":[{"href":"https:\/\/online.tvk-gaj.pl\/index.php?rest_route=\/wp\/v2\/posts\/15091","targetHints":{"allow":["GET"]}}],"collection":[{"href":"https:\/\/online.tvk-gaj.pl\/index.php?rest_route=\/wp\/v2\/posts"}],"about":[{"href":"https:\/\/online.tvk-gaj.pl\/index.php?rest_route=\/wp\/v2\/types\/post"}],"author":[{"embeddable":true,"href":"https:\/\/online.tvk-gaj.pl\/index.php?rest_route=\/wp\/v2\/users\/3"}],"replies":[{"embeddable":true,"href":"https:\/\/online.tvk-gaj.pl\/index.php?rest_route=%2Fwp%2Fv2%2Fcomments&post=15091"}],"version-history":[{"count":2,"href":"https:\/\/online.tvk-gaj.pl\/index.php?rest_route=\/wp\/v2\/posts\/15091\/revisions"}],"predecessor-version":[{"id":15096,"href":"https:\/\/online.tvk-gaj.pl\/index.php?rest_route=\/wp\/v2\/posts\/15091\/revisions\/15096"}],"wp:featuredmedia":[{"embeddable":true,"href":"https:\/\/online.tvk-gaj.pl\/index.php?rest_route=\/wp\/v2\/media\/15093"}],"wp:attachment":[{"href":"https:\/\/online.tvk-gaj.pl\/index.php?rest_route=%2Fwp%2Fv2%2Fmedia&parent=15091"}],"wp:term":[{"taxonomy":"category","embeddable":true,"href":"https:\/\/online.tvk-gaj.pl\/index.php?rest_route=%2Fwp%2Fv2%2Fcategories&post=15091"},{"taxonomy":"post_tag","embeddable":true,"href":"https:\/\/online.tvk-gaj.pl\/index.php?rest_route=%2Fwp%2Fv2%2Ftags&post=15091"}],"curies":[{"name":"wp","href":"https:\/\/api.w.org\/{rel}","templated":true}]}}