{"id":15121,"date":"2025-03-08T15:52:19","date_gmt":"2025-03-08T14:52:19","guid":{"rendered":"http:\/\/www.tvk-gaj.pl\/~gajonline\/?p=15121"},"modified":"2025-03-08T15:57:32","modified_gmt":"2025-03-08T14:57:32","slug":"advadf","status":"publish","type":"post","link":"https:\/\/online.tvk-gaj.pl\/?p=15121","title":{"rendered":"Wiosna na Gaju !"},"content":{"rendered":"\n<p>Zdj\u0119cia od naszej Czytelniczki ,<br>kt\u00f3re pokazuj\u0105, \u017ce na Gaj na dobre zawita\u0142a Wiosna i b\u0119dzie ju\u017c tylko pi\u0119kniej i bardziej kolorowo. <br>A je\u015bli mowa o kwiatach to z okazji Dnia Kobiet, wszystkim Paniom<br>\u017cyczymy wszystkiego co najlepsze.<\/p>\n\n\n\n<figure class=\"wp-block-image size-large is-resized\"><img loading=\"lazy\" decoding=\"async\" src=\"http:\/\/www.tvk-gaj.pl\/~gajonline\/wp-content\/uploads\/2025\/03\/482240792_1300406478341792_5243405004431255811_n-768x1024.jpg\" alt=\"\" class=\"wp-image-15098\" width=\"839\" height=\"1119\" srcset=\"https:\/\/online.tvk-gaj.pl\/wp-content\/uploads\/2025\/03\/482240792_1300406478341792_5243405004431255811_n-768x1024.jpg 768w, https:\/\/online.tvk-gaj.pl\/wp-content\/uploads\/2025\/03\/482240792_1300406478341792_5243405004431255811_n-225x300.jpg 225w, https:\/\/online.tvk-gaj.pl\/wp-content\/uploads\/2025\/03\/482240792_1300406478341792_5243405004431255811_n-1152x1536.jpg 1152w, https:\/\/online.tvk-gaj.pl\/wp-content\/uploads\/2025\/03\/482240792_1300406478341792_5243405004431255811_n.jpg 1536w\" sizes=\"auto, (max-width: 839px) 100vw, 839px\" \/><\/figure>\n\n\n\n<figure class=\"wp-block-video\"><video height=\"1280\" style=\"aspect-ratio: 720 \/ 1280;\" width=\"720\" controls src=\"http:\/\/www.tvk-gaj.pl\/~gajonline\/wp-content\/uploads\/2025\/03\/FDownloader.Net_AQN4tA1Qk_do5DCeoURRHAuVTKBHivMvShlaJG7uL5GLBE9OrSCL1llQbjg_tHIYZzl2D_iHPawMjZJrHd8EEkMi_720p_HD-2.mp4\"><\/video><\/figure>\n\n\n\n<p>Video zalecamy ogl\u0105da\u0107 na pe\u0142nym ekranie<\/p>\n","protected":false},"excerpt":{"rendered":"<p>Zdj\u0119cia od naszej Czytelniczki ,kt\u00f3re pokazuj\u0105, \u017ce na Gaj na dobre zawita\u0142a Wiosna i b\u0119dzie ju\u017c tylko pi\u0119kniej i bardziej kolorowo. A je\u015bli mowa o kwiatach to z okazji Dnia Kobiet, wszystkim Paniom\u017cyczymy wszystkiego co najlepsze. Video zalecamy ogl\u0105da\u0107 na pe\u0142nym ekranie<\/p>\n","protected":false},"author":3,"featured_media":15100,"comment_status":"open","ping_status":"open","sticky":false,"template":"","format":"standard","meta":{"footnotes":""},"categories":[14,12],"tags":[],"class_list":["post-15121","post","type-post","status-publish","format-standard","has-post-thumbnail","hentry","category-aktualnosci","category-artykuly"],"_links":{"self":[{"href":"https:\/\/online.tvk-gaj.pl\/index.php?rest_route=\/wp\/v2\/posts\/15121","targetHints":{"allow":["GET"]}}],"collection":[{"href":"https:\/\/online.tvk-gaj.pl\/index.php?rest_route=\/wp\/v2\/posts"}],"about":[{"href":"https:\/\/online.tvk-gaj.pl\/index.php?rest_route=\/wp\/v2\/types\/post"}],"author":[{"embeddable":true,"href":"https:\/\/online.tvk-gaj.pl\/index.php?rest_route=\/wp\/v2\/users\/3"}],"replies":[{"embeddable":true,"href":"https:\/\/online.tvk-gaj.pl\/index.php?rest_route=%2Fwp%2Fv2%2Fcomments&post=15121"}],"version-history":[{"count":5,"href":"https:\/\/online.tvk-gaj.pl\/index.php?rest_route=\/wp\/v2\/posts\/15121\/revisions"}],"predecessor-version":[{"id":15129,"href":"https:\/\/online.tvk-gaj.pl\/index.php?rest_route=\/wp\/v2\/posts\/15121\/revisions\/15129"}],"wp:featuredmedia":[{"embeddable":true,"href":"https:\/\/online.tvk-gaj.pl\/index.php?rest_route=\/wp\/v2\/media\/15100"}],"wp:attachment":[{"href":"https:\/\/online.tvk-gaj.pl\/index.php?rest_route=%2Fwp%2Fv2%2Fmedia&parent=15121"}],"wp:term":[{"taxonomy":"category","embeddable":true,"href":"https:\/\/online.tvk-gaj.pl\/index.php?rest_route=%2Fwp%2Fv2%2Fcategories&post=15121"},{"taxonomy":"post_tag","embeddable":true,"href":"https:\/\/online.tvk-gaj.pl\/index.php?rest_route=%2Fwp%2Fv2%2Ftags&post=15121"}],"curies":[{"name":"wp","href":"https:\/\/api.w.org\/{rel}","templated":true}]}}