{"id":15131,"date":"2025-03-13T11:54:10","date_gmt":"2025-03-13T10:54:10","guid":{"rendered":"http:\/\/www.tvk-gaj.pl\/~gajonline\/?p=15131"},"modified":"2025-03-13T11:56:43","modified_gmt":"2025-03-13T10:56:43","slug":"mural-depeche-mode-powstanie-na-orzechowej","status":"publish","type":"post","link":"https:\/\/online.tvk-gaj.pl\/?p=15131","title":{"rendered":"Mural Depeche Mode powstanie na Orzechowej !"},"content":{"rendered":"\n<p>Niedziela, 16 Marca 2025, godzina 17:00 &#8211; Ods\u0142oni\u0119cie muralu + koncert<br>Wi\u0119cej informacji ju\u017c wkr\u00f3tce !<\/p>\n\n\n\n<figure class=\"wp-block-image size-full is-resized\"><img loading=\"lazy\" decoding=\"async\" src=\"http:\/\/www.tvk-gaj.pl\/~gajonline\/wp-content\/uploads\/2025\/03\/483859749_1194714502656236_6024784463407962821_n.jpg\" alt=\"\" class=\"wp-image-15132\" width=\"840\" height=\"704\" srcset=\"https:\/\/online.tvk-gaj.pl\/wp-content\/uploads\/2025\/03\/483859749_1194714502656236_6024784463407962821_n.jpg 716w, https:\/\/online.tvk-gaj.pl\/wp-content\/uploads\/2025\/03\/483859749_1194714502656236_6024784463407962821_n-300x251.jpg 300w\" sizes=\"auto, (max-width: 840px) 100vw, 840px\" \/><\/figure>\n\n\n\n<p>\u0179r\u00f3d\u0142o zdj\u0119cia : https:\/\/www.facebook.com\/GolebskiMaszynskiWelyczko<\/p>\n","protected":false},"excerpt":{"rendered":"<p>Niedziela, 16 Marca 2025, godzina 17:00 &#8211; Ods\u0142oni\u0119cie muralu + koncertWi\u0119cej informacji ju\u017c wkr\u00f3tce ! \u0179r\u00f3d\u0142o zdj\u0119cia : https:\/\/www.facebook.com\/GolebskiMaszynskiWelyczko<\/p>\n","protected":false},"author":3,"featured_media":15132,"comment_status":"open","ping_status":"open","sticky":false,"template":"","format":"standard","meta":{"footnotes":""},"categories":[14,12],"tags":[112,1793],"class_list":["post-15131","post","type-post","status-publish","format-standard","has-post-thumbnail","hentry","category-aktualnosci","category-artykuly","tag-gaj","tag-mural"],"_links":{"self":[{"href":"https:\/\/online.tvk-gaj.pl\/index.php?rest_route=\/wp\/v2\/posts\/15131","targetHints":{"allow":["GET"]}}],"collection":[{"href":"https:\/\/online.tvk-gaj.pl\/index.php?rest_route=\/wp\/v2\/posts"}],"about":[{"href":"https:\/\/online.tvk-gaj.pl\/index.php?rest_route=\/wp\/v2\/types\/post"}],"author":[{"embeddable":true,"href":"https:\/\/online.tvk-gaj.pl\/index.php?rest_route=\/wp\/v2\/users\/3"}],"replies":[{"embeddable":true,"href":"https:\/\/online.tvk-gaj.pl\/index.php?rest_route=%2Fwp%2Fv2%2Fcomments&post=15131"}],"version-history":[{"count":2,"href":"https:\/\/online.tvk-gaj.pl\/index.php?rest_route=\/wp\/v2\/posts\/15131\/revisions"}],"predecessor-version":[{"id":15135,"href":"https:\/\/online.tvk-gaj.pl\/index.php?rest_route=\/wp\/v2\/posts\/15131\/revisions\/15135"}],"wp:featuredmedia":[{"embeddable":true,"href":"https:\/\/online.tvk-gaj.pl\/index.php?rest_route=\/wp\/v2\/media\/15132"}],"wp:attachment":[{"href":"https:\/\/online.tvk-gaj.pl\/index.php?rest_route=%2Fwp%2Fv2%2Fmedia&parent=15131"}],"wp:term":[{"taxonomy":"category","embeddable":true,"href":"https:\/\/online.tvk-gaj.pl\/index.php?rest_route=%2Fwp%2Fv2%2Fcategories&post=15131"},{"taxonomy":"post_tag","embeddable":true,"href":"https:\/\/online.tvk-gaj.pl\/index.php?rest_route=%2Fwp%2Fv2%2Ftags&post=15131"}],"curies":[{"name":"wp","href":"https:\/\/api.w.org\/{rel}","templated":true}]}}