{"id":15146,"date":"2025-03-18T09:33:38","date_gmt":"2025-03-18T08:33:38","guid":{"rendered":"http:\/\/www.tvk-gaj.pl\/~gajonline\/?p=15146"},"modified":"2025-03-18T09:33:39","modified_gmt":"2025-03-18T08:33:39","slug":"relacja-z-odsloniecia-murali-depeche-mode-oraz-koncertu-gmw-play-depeche-mode-na-orzechowej","status":"publish","type":"post","link":"https:\/\/online.tvk-gaj.pl\/?p=15146","title":{"rendered":"Relacja z ods\u0142oni\u0119cia murali Depeche Mode oraz Koncertu GMW Play Depeche Mode na Orzechowej"},"content":{"rendered":"\n<p>W Sobot\u0119 15.03 ekipa 46 Rocking Streets stworzy\u0142a murale zespo\u0142u Depeche Mode na ulicy Orzechowej.<\/p>\n\n\n\n<p>Dzie\u0144 p\u00f3\u017aniej zesp\u00f3\u0142 GMW Play Depeche Mode zaszczyci\u0142 nas wyst\u0119pem z okazji  <\/p>\n\n\n\n<p>35 lecia albumu &#8222;Violator&#8221;. Ten koncert przejdzie do historii naszego osiedla, dlatego <\/p>\n\n\n\n<p>Panowie Muzycy &#8211; bardzo dzi\u0119kujemy !<\/p>\n\n\n\n<p>Frekwencja dopisa\u0142a, a atmosfera by\u0142a niesamowita.<\/p>\n\n\n\n<p>Zapraszamy do obejrzenia video z intensywnego, rockowego weekendu.<\/p>\n\n\n\n<figure class=\"wp-block-embed is-type-video is-provider-youtube wp-block-embed-youtube wp-embed-aspect-16-9 wp-has-aspect-ratio\"><div class=\"wp-block-embed__wrapper\">\n<iframe loading=\"lazy\" title=\"46 Rocking Streets \/ GMW PLAY DEPECHE MODE \/ Murale Depeche Mode na Orzechowej na Osiedlu Gaj\" width=\"838\" height=\"471\" src=\"https:\/\/www.youtube.com\/embed\/OB1boLkEIhI?feature=oembed\" frameborder=\"0\" allow=\"accelerometer; autoplay; clipboard-write; encrypted-media; gyroscope; picture-in-picture; web-share\" referrerpolicy=\"strict-origin-when-cross-origin\" allowfullscreen><\/iframe>\n<\/div><\/figure>\n","protected":false},"excerpt":{"rendered":"<p>W Sobot\u0119 15.03 ekipa 46 Rocking Streets stworzy\u0142a murale zespo\u0142u Depeche Mode na ulicy Orzechowej. Dzie\u0144 p\u00f3\u017aniej zesp\u00f3\u0142 GMW Play Depeche Mode zaszczyci\u0142 nas wyst\u0119pem z okazji 35 lecia albumu &#8222;Violator&#8221;. Ten koncert przejdzie do historii naszego osiedla, dlatego Panowie Muzycy &#8211; bardzo dzi\u0119kujemy ! Frekwencja dopisa\u0142a, a atmosfera by\u0142a niesamowita. Zapraszamy do obejrzenia video [&hellip;]<\/p>\n","protected":false},"author":3,"featured_media":15147,"comment_status":"open","ping_status":"open","sticky":false,"template":"","format":"standard","meta":{"footnotes":""},"categories":[14,12],"tags":[1815,112],"class_list":["post-15146","post","type-post","status-publish","format-standard","has-post-thumbnail","hentry","category-aktualnosci","category-artykuly","tag-depechemode","tag-gaj"],"_links":{"self":[{"href":"https:\/\/online.tvk-gaj.pl\/index.php?rest_route=\/wp\/v2\/posts\/15146","targetHints":{"allow":["GET"]}}],"collection":[{"href":"https:\/\/online.tvk-gaj.pl\/index.php?rest_route=\/wp\/v2\/posts"}],"about":[{"href":"https:\/\/online.tvk-gaj.pl\/index.php?rest_route=\/wp\/v2\/types\/post"}],"author":[{"embeddable":true,"href":"https:\/\/online.tvk-gaj.pl\/index.php?rest_route=\/wp\/v2\/users\/3"}],"replies":[{"embeddable":true,"href":"https:\/\/online.tvk-gaj.pl\/index.php?rest_route=%2Fwp%2Fv2%2Fcomments&post=15146"}],"version-history":[{"count":1,"href":"https:\/\/online.tvk-gaj.pl\/index.php?rest_route=\/wp\/v2\/posts\/15146\/revisions"}],"predecessor-version":[{"id":15148,"href":"https:\/\/online.tvk-gaj.pl\/index.php?rest_route=\/wp\/v2\/posts\/15146\/revisions\/15148"}],"wp:featuredmedia":[{"embeddable":true,"href":"https:\/\/online.tvk-gaj.pl\/index.php?rest_route=\/wp\/v2\/media\/15147"}],"wp:attachment":[{"href":"https:\/\/online.tvk-gaj.pl\/index.php?rest_route=%2Fwp%2Fv2%2Fmedia&parent=15146"}],"wp:term":[{"taxonomy":"category","embeddable":true,"href":"https:\/\/online.tvk-gaj.pl\/index.php?rest_route=%2Fwp%2Fv2%2Fcategories&post=15146"},{"taxonomy":"post_tag","embeddable":true,"href":"https:\/\/online.tvk-gaj.pl\/index.php?rest_route=%2Fwp%2Fv2%2Ftags&post=15146"}],"curies":[{"name":"wp","href":"https:\/\/api.w.org\/{rel}","templated":true}]}}