{"id":15149,"date":"2025-03-18T19:19:56","date_gmt":"2025-03-18T18:19:56","guid":{"rendered":"http:\/\/www.tvk-gaj.pl\/~gajonline\/?p=15149"},"modified":"2025-03-18T19:21:14","modified_gmt":"2025-03-18T18:21:14","slug":"konsultacje-spoleczne-jaka-bedzie-strategia-wroclaw-2050","status":"publish","type":"post","link":"https:\/\/online.tvk-gaj.pl\/?p=15149","title":{"rendered":"Konsultacje spo\u0142eczne : &#8222;Jaka b\u0119dzie Strategia Wroc\u0142aw 2050?&#8221;"},"content":{"rendered":"\n<p>Otwarci na przysz\u0142o\u015b\u0107 \u2014 nastawieni na Wroc\u0142aw.<\/p>\n\n\n\n<p>Do 22 kwietnia 2025 r. trwaj\u0105 konsultacje spo\u0142eczne projektu <\/p>\n\n\n\n<p>Strategii Rozwoju Wroc\u0142awia \u201eWroc\u0142aw 2050\u201d.<\/p>\n\n\n\n<p>We\u017a w nich udzia\u0142 i zg\u0142o\u015b swoj\u0105 uwag\u0119.<\/p>\n\n\n\n<figure class=\"wp-block-image size-large\"><img loading=\"lazy\" decoding=\"async\" width=\"729\" height=\"1024\" src=\"http:\/\/www.tvk-gaj.pl\/~gajonline\/wp-content\/uploads\/2025\/03\/plakat_Strategia-Wroclaw-2050_page-0001-729x1024.jpg\" alt=\"\" class=\"wp-image-15151\" srcset=\"https:\/\/online.tvk-gaj.pl\/wp-content\/uploads\/2025\/03\/plakat_Strategia-Wroclaw-2050_page-0001-729x1024.jpg 729w, https:\/\/online.tvk-gaj.pl\/wp-content\/uploads\/2025\/03\/plakat_Strategia-Wroclaw-2050_page-0001-213x300.jpg 213w, https:\/\/online.tvk-gaj.pl\/wp-content\/uploads\/2025\/03\/plakat_Strategia-Wroclaw-2050_page-0001-768x1079.jpg 768w, https:\/\/online.tvk-gaj.pl\/wp-content\/uploads\/2025\/03\/plakat_Strategia-Wroclaw-2050_page-0001-1093x1536.jpg 1093w, https:\/\/online.tvk-gaj.pl\/wp-content\/uploads\/2025\/03\/plakat_Strategia-Wroclaw-2050_page-0001-1457x2048.jpg 1457w, https:\/\/online.tvk-gaj.pl\/wp-content\/uploads\/2025\/03\/plakat_Strategia-Wroclaw-2050_page-0001.jpg 1790w\" sizes=\"auto, (max-width: 729px) 100vw, 729px\" \/><\/figure>\n","protected":false},"excerpt":{"rendered":"<p>Otwarci na przysz\u0142o\u015b\u0107 \u2014 nastawieni na Wroc\u0142aw. Do 22 kwietnia 2025 r. trwaj\u0105 konsultacje spo\u0142eczne projektu Strategii Rozwoju Wroc\u0142awia \u201eWroc\u0142aw 2050\u201d. We\u017a w nich udzia\u0142 i zg\u0142o\u015b swoj\u0105 uwag\u0119.<\/p>\n","protected":false},"author":3,"featured_media":13480,"comment_status":"open","ping_status":"open","sticky":false,"template":"","format":"standard","meta":{"footnotes":""},"categories":[14,12],"tags":[112,165],"class_list":["post-15149","post","type-post","status-publish","format-standard","has-post-thumbnail","hentry","category-aktualnosci","category-artykuly","tag-gaj","tag-wroclaw"],"_links":{"self":[{"href":"https:\/\/online.tvk-gaj.pl\/index.php?rest_route=\/wp\/v2\/posts\/15149","targetHints":{"allow":["GET"]}}],"collection":[{"href":"https:\/\/online.tvk-gaj.pl\/index.php?rest_route=\/wp\/v2\/posts"}],"about":[{"href":"https:\/\/online.tvk-gaj.pl\/index.php?rest_route=\/wp\/v2\/types\/post"}],"author":[{"embeddable":true,"href":"https:\/\/online.tvk-gaj.pl\/index.php?rest_route=\/wp\/v2\/users\/3"}],"replies":[{"embeddable":true,"href":"https:\/\/online.tvk-gaj.pl\/index.php?rest_route=%2Fwp%2Fv2%2Fcomments&post=15149"}],"version-history":[{"count":1,"href":"https:\/\/online.tvk-gaj.pl\/index.php?rest_route=\/wp\/v2\/posts\/15149\/revisions"}],"predecessor-version":[{"id":15152,"href":"https:\/\/online.tvk-gaj.pl\/index.php?rest_route=\/wp\/v2\/posts\/15149\/revisions\/15152"}],"wp:featuredmedia":[{"embeddable":true,"href":"https:\/\/online.tvk-gaj.pl\/index.php?rest_route=\/wp\/v2\/media\/13480"}],"wp:attachment":[{"href":"https:\/\/online.tvk-gaj.pl\/index.php?rest_route=%2Fwp%2Fv2%2Fmedia&parent=15149"}],"wp:term":[{"taxonomy":"category","embeddable":true,"href":"https:\/\/online.tvk-gaj.pl\/index.php?rest_route=%2Fwp%2Fv2%2Fcategories&post=15149"},{"taxonomy":"post_tag","embeddable":true,"href":"https:\/\/online.tvk-gaj.pl\/index.php?rest_route=%2Fwp%2Fv2%2Ftags&post=15149"}],"curies":[{"name":"wp","href":"https:\/\/api.w.org\/{rel}","templated":true}]}}