{"id":15154,"date":"2025-03-24T14:58:31","date_gmt":"2025-03-24T13:58:31","guid":{"rendered":"http:\/\/www.tvk-gaj.pl\/~gajonline\/?p=15154"},"modified":"2025-03-24T14:58:31","modified_gmt":"2025-03-24T13:58:31","slug":"rozbudowa-ulicy-kukuczki-wybor-projektanta","status":"publish","type":"post","link":"https:\/\/online.tvk-gaj.pl\/?p=15154","title":{"rendered":"Rozbudowa ulicy Kukuczki &#8211; wyb\u00f3r projektanta"},"content":{"rendered":"\n<p>\u0179r\u00f3d\u0142o : Inwestycje we Wroc\u0142awiu<\/p>\n\n\n\n<figure class=\"wp-block-image size-large\"><img loading=\"lazy\" decoding=\"async\" width=\"1024\" height=\"576\" src=\"http:\/\/www.tvk-gaj.pl\/~gajonline\/wp-content\/uploads\/2025\/03\/486655555_990131639901812_2442457837064692354_n-1024x576.jpg\" alt=\"\" class=\"wp-image-15155\" srcset=\"https:\/\/online.tvk-gaj.pl\/wp-content\/uploads\/2025\/03\/486655555_990131639901812_2442457837064692354_n-1024x576.jpg 1024w, https:\/\/online.tvk-gaj.pl\/wp-content\/uploads\/2025\/03\/486655555_990131639901812_2442457837064692354_n-300x169.jpg 300w, https:\/\/online.tvk-gaj.pl\/wp-content\/uploads\/2025\/03\/486655555_990131639901812_2442457837064692354_n-768x432.jpg 768w, https:\/\/online.tvk-gaj.pl\/wp-content\/uploads\/2025\/03\/486655555_990131639901812_2442457837064692354_n.jpg 1067w\" sizes=\"auto, (max-width: 1024px) 100vw, 1024px\" \/><\/figure>\n\n\n\n<p>Wybrali\u015bmy projektanta, kt\u00f3ry przygotuje dokumentacj\u0119 zwi\u0105zan\u0105 z rozbudow\u0105 ulicy Kukuczki na Gaju. Projekt powstanie dla kilkuset metr\u00f3w nowej ulicy mi\u0119dzy ul. <a><\/a>Pirenejsk\u0105, a Stro\u0144sk\u0105 i poszerzy to mo\u017cliwo\u015bci dojazdu m.in. do szko\u0142y przy ul. K\u0142odzkiej. Przy jezdni wybudowany zostanie chodnik. Projektant ma zaplanowa\u0107 r\u00f3wnie\u017c ziele\u0144, o\u015bwietlenie, zagospodarowanie w\u00f3d opadowych i budow\u0119 miejskich kana\u0142\u00f3w technologicznych. Od momentu podpisania umowy na realizacj\u0119 prac projektowych b\u0119dzie mia\u0142 11 miesi\u0119cy. Koszt przygotowania dokumentacji to 321 tys. z\u0142.<\/p>\n\n\n\n<p>Warto doda\u0107, \u017ce w okolicy ul. Kukuczki planowana jest tak\u017ce budowa nowej drogi rowerowej &#8211; dok\u0142adnie po stronie wschodniej ul. Borowskiej od Kukuczki do al. Armii Krajowej wraz z popraw\u0105 bezpiecze\u0144stwa na skrzy\u017cowaniu Kukuczki i Borowskiej. Inwestycja jest obj\u0119ta innym zadaniem i dokumentacja projektowa powstaje w ramach planowania trasy tramwajowej do szpitala przy ul. Borowskiej.<\/p>\n","protected":false},"excerpt":{"rendered":"<p>\u0179r\u00f3d\u0142o : Inwestycje we Wroc\u0142awiu Wybrali\u015bmy projektanta, kt\u00f3ry przygotuje dokumentacj\u0119 zwi\u0105zan\u0105 z rozbudow\u0105 ulicy Kukuczki na Gaju. Projekt powstanie dla kilkuset metr\u00f3w nowej ulicy mi\u0119dzy ul. Pirenejsk\u0105, a Stro\u0144sk\u0105 i poszerzy to mo\u017cliwo\u015bci dojazdu m.in. do szko\u0142y przy ul. K\u0142odzkiej. Przy jezdni wybudowany zostanie chodnik. Projektant ma zaplanowa\u0107 r\u00f3wnie\u017c ziele\u0144, o\u015bwietlenie, zagospodarowanie w\u00f3d opadowych i [&hellip;]<\/p>\n","protected":false},"author":3,"featured_media":15155,"comment_status":"open","ping_status":"open","sticky":false,"template":"","format":"standard","meta":{"footnotes":""},"categories":[14,12],"tags":[112,242],"class_list":["post-15154","post","type-post","status-publish","format-standard","has-post-thumbnail","hentry","category-aktualnosci","category-artykuly","tag-gaj","tag-kukuczki"],"_links":{"self":[{"href":"https:\/\/online.tvk-gaj.pl\/index.php?rest_route=\/wp\/v2\/posts\/15154","targetHints":{"allow":["GET"]}}],"collection":[{"href":"https:\/\/online.tvk-gaj.pl\/index.php?rest_route=\/wp\/v2\/posts"}],"about":[{"href":"https:\/\/online.tvk-gaj.pl\/index.php?rest_route=\/wp\/v2\/types\/post"}],"author":[{"embeddable":true,"href":"https:\/\/online.tvk-gaj.pl\/index.php?rest_route=\/wp\/v2\/users\/3"}],"replies":[{"embeddable":true,"href":"https:\/\/online.tvk-gaj.pl\/index.php?rest_route=%2Fwp%2Fv2%2Fcomments&post=15154"}],"version-history":[{"count":1,"href":"https:\/\/online.tvk-gaj.pl\/index.php?rest_route=\/wp\/v2\/posts\/15154\/revisions"}],"predecessor-version":[{"id":15156,"href":"https:\/\/online.tvk-gaj.pl\/index.php?rest_route=\/wp\/v2\/posts\/15154\/revisions\/15156"}],"wp:featuredmedia":[{"embeddable":true,"href":"https:\/\/online.tvk-gaj.pl\/index.php?rest_route=\/wp\/v2\/media\/15155"}],"wp:attachment":[{"href":"https:\/\/online.tvk-gaj.pl\/index.php?rest_route=%2Fwp%2Fv2%2Fmedia&parent=15154"}],"wp:term":[{"taxonomy":"category","embeddable":true,"href":"https:\/\/online.tvk-gaj.pl\/index.php?rest_route=%2Fwp%2Fv2%2Fcategories&post=15154"},{"taxonomy":"post_tag","embeddable":true,"href":"https:\/\/online.tvk-gaj.pl\/index.php?rest_route=%2Fwp%2Fv2%2Ftags&post=15154"}],"curies":[{"name":"wp","href":"https:\/\/api.w.org\/{rel}","templated":true}]}}