{"id":15157,"date":"2025-03-26T20:52:01","date_gmt":"2025-03-26T19:52:01","guid":{"rendered":"http:\/\/www.tvk-gaj.pl\/~gajonline\/?p=15157"},"modified":"2025-03-26T20:52:01","modified_gmt":"2025-03-26T19:52:01","slug":"strategia-wroclaw-2050","status":"publish","type":"post","link":"https:\/\/online.tvk-gaj.pl\/?p=15157","title":{"rendered":"Strategia Wroc\u0142aw 2050"},"content":{"rendered":"\n<p>Czy wyobra\u017caj\u0105 sobie Panie i Panowie, jak b\u0119dzie wygl\u0105da\u0142 Wroc\u0142aw<\/p>\n\n\n\n<p>w 2050 roku? Z jakich rozwi\u0105za\u0144 b\u0119d\u0105 korzysta\u0142y mieszkanki i<\/p>\n\n\n\n<p>mieszka\u0144cy, aby wygodniej si\u0119 przemieszcza\u0107, uczy\u0107 i odpoczywa\u0107? A<\/p>\n\n\n\n<p>co z zieleni\u0105 i bezpiecze\u0144stwem w naszej dzielnicy?<\/p>\n\n\n\n<figure class=\"wp-block-image size-large is-resized\"><img loading=\"lazy\" decoding=\"async\" src=\"http:\/\/www.tvk-gaj.pl\/~gajonline\/wp-content\/uploads\/2025\/03\/plakat_Strategia-Wroclaw-2050_page-0001-729x1024.jpg\" alt=\"\" class=\"wp-image-15151\" width=\"482\" height=\"677\" srcset=\"https:\/\/online.tvk-gaj.pl\/wp-content\/uploads\/2025\/03\/plakat_Strategia-Wroclaw-2050_page-0001-729x1024.jpg 729w, https:\/\/online.tvk-gaj.pl\/wp-content\/uploads\/2025\/03\/plakat_Strategia-Wroclaw-2050_page-0001-213x300.jpg 213w, https:\/\/online.tvk-gaj.pl\/wp-content\/uploads\/2025\/03\/plakat_Strategia-Wroclaw-2050_page-0001-768x1079.jpg 768w, https:\/\/online.tvk-gaj.pl\/wp-content\/uploads\/2025\/03\/plakat_Strategia-Wroclaw-2050_page-0001-1093x1536.jpg 1093w, https:\/\/online.tvk-gaj.pl\/wp-content\/uploads\/2025\/03\/plakat_Strategia-Wroclaw-2050_page-0001-1457x2048.jpg 1457w, https:\/\/online.tvk-gaj.pl\/wp-content\/uploads\/2025\/03\/plakat_Strategia-Wroclaw-2050_page-0001.jpg 1790w\" sizes=\"auto, (max-width: 482px) 100vw, 482px\" \/><\/figure>\n\n\n\n<p>Strategia Rozwoju Wroc\u0142awia \u201eWroc\u0142aw 2050\u201d to plan, kt\u00f3ry wska\u017ce<\/p>\n\n\n\n<p>kierunki rozwoju miasta na najbli\u017csze dekady. Jej za\u0142o\u017cenia b\u0119d\u0105<\/p>\n\n\n\n<p>mia\u0142y rzeczywisty wp\u0142yw na \u017cycie we wszystkich osiedlach, w tym<\/p>\n\n\n\n<p>r\u00f3wnie\u017c na naszym. Zale\u017cy nam, aby w procesie tworzenia tej wizji<\/p>\n\n\n\n<p>uwzgl\u0119dni\u0107 g\u0142os jak najwi\u0119kszej liczby mieszka\u0144c\u00f3w.<\/p>\n\n\n\n<p><\/p>\n\n\n\n<p>Dlaczego to wa\u017cne?<\/p>\n\n\n\n<p>\u2022 Strategia obejmuje kluczowe obszary \u017cycia: transport, ziele\u0144,<\/p>\n\n\n\n<p>edukacj\u0119, kultur\u0119 i bezpiecze\u0144stwo.<\/p>\n\n\n\n<p>\u2022 Rada Osiedla doskonale zna lokalne potrzeby i bol\u0105czki \u2013 mo\u017ce<\/p>\n\n\n\n<p>pom\u00f3c wypracowa\u0107 rozwi\u0105zania wspieraj\u0105ce ca\u0142\u0105 spo\u0142eczno\u015b\u0107.<\/p>\n\n\n\n<p>\u2022 Dokument opiera si\u0119 na trzech warto\u015bciach: Pi\u0119kno, M\u0105dro\u015b\u0107 i<\/p>\n\n\n\n<p>Bezpiecze\u0144stwo.<\/p>\n\n\n\n<p><\/p>\n\n\n\n<p>Jak mo\u017cna si\u0119 w\u0142\u0105czy\u0107?<\/p>\n\n\n\n<p>\u2022 Promowa\u0107 informacje na oficjalnych kana\u0142ach Rady (strony, media<\/p>\n\n\n\n<p>spo\u0142eczno\u015bciowe, grupy s\u0105siedzkie).<\/p>\n\n\n\n<p>\u2022 Udost\u0119pni\u0107 wydarzenie na Facebooku:&nbsp;<a href=\"https:\/\/fb.me\/e\/5tibwQPY2\" target=\"_blank\" rel=\"noreferrer noopener\">https:\/\/fb.me\/e\/5tibwQPY2<\/a><\/p>\n\n\n\n<p>\u2022 Wydrukowa\u0107 i wywiesi\u0107 plakat (za\u0142\u0105cznik PDF) w widocznych<\/p>\n\n\n\n<p>miejscach.<\/p>\n\n\n\n<p>\u2022 Zach\u0119ca\u0107 mieszkanki i mieszka\u0144c\u00f3w do zg\u0142aszania opinii w<\/p>\n\n\n\n<p>e-formularzu (do 22 kwietnia 2025):<\/p>\n\n\n\n<p><a href=\"https:\/\/www.wroclaw.pl\/rozmawia\/jaka-bedzie-strategia-wroclaw-2050-zglos-uwage\">https:\/\/www.wroclaw.pl\/rozmawia\/jaka-bedzie-strategia-wroclaw-2050-zglos-uwage<\/a><\/p>\n\n\n\n<p>\u2022 Zaprosi\u0107 na najbli\u017csze spotkania konsultacyjne (ka\u017cde o godz.<\/p>\n\n\n\n<p>17:30, poza Kongresem M\u0142odzie\u017cy):<\/p>\n\n\n\n<p>27 marca, godz. 17:30 \u2013 Centrum Biblioteczno-Kulturalne FAMA, ul. B.<\/p>\n\n\n\n<p>Krzywoustego 286<\/p>\n\n\n\n<p>1 kwietnia, godz. 17:30 \u2013 SEKTOR 3, ul. Legnicka 65<\/p>\n\n\n\n<p>3 kwietnia, godz. 17:30 \u2013 CK Agora, ul. Serbska 5a<\/p>\n\n\n\n<p>8 kwietnia, godz. 17:30 \u2013 Szko\u0142a Podstawowa nr 11, ul. Asfaltowa 6<\/p>\n\n\n\n<p>10 kwietnia, godz. 10:00\u201314:00 \u2013 Kongres M\u0142odzie\u017cy, Stadion<\/p>\n\n\n\n<p>Olimpijski<\/p>\n\n\n\n<p>Pierwsze spotkanie konsultacyjne odby\u0142o si\u0119 25 marca w Barbarze.<\/p>\n\n\n\n<p>Mo\u017cna je w ca\u0142o\u015bci obejrze\u0107 online pod tym linkiem:<\/p>\n\n\n\n<p><a href=\"https:\/\/www.wroclaw.pl\/rozmawia\/jaka-bedzie-strategia-wroclaw-2050\">https:\/\/www.wroclaw.pl\/rozmawia\/jaka-bedzie-strategia-wroclaw-2050<\/a><\/p>\n\n\n\n<p>Chcemy, by ka\u017cda wroc\u0142awianka i ka\u017cdy wroc\u0142awianin m\u00f3g\u0142 wzi\u0105\u0107<\/p>\n\n\n\n<p>udzia\u0142 w procesie i wp\u0142yn\u0105\u0107 na ostateczny kszta\u0142t dokumentu. Rady<\/p>\n\n\n\n<p>Osiedli s\u0105 naszymi kluczowymi sojusznikami w dotarciu do spo\u0142eczno\u015bci<\/p>\n\n\n\n<p>lokalnych i zebraniu ich g\u0142osu.<\/p>\n\n\n\n<p>Wszytskie informacje odno\u015bnie procesu konultacyjnego znajduj\u0105 si\u0119 na<\/p>\n\n\n\n<p>stronie:<\/p>\n\n\n\n<p><a rel=\"noreferrer noopener\" href=\"https:\/\/www.wroclaw.pl\/rozmawia\/jaka-bedzie-strategia-wroclaw-2050\" target=\"_blank\">https:\/\/www.wroclaw.pl\/rozmawia\/jaka-bedzie-strategia-wroclaw-2050<\/a>\u00a0<\/p>\n\n\n\n<p><\/p>\n\n\n\n<p>Konsultacje prowadzi Fundacja na Rzecz Studi\u00f3w Europejskich, w ramach<\/p>\n\n\n\n<p>zadania publicznego wsp\u00f3\u0142finansowanego przez Gmin\u0119 Wroc\u0142aw. W razie<\/p>\n\n\n\n<p>jakichkolwiek pyta\u0144 prosimy o kontakt:<\/p>\n\n\n\n<p>konsultacje@feps.pl<\/p>\n","protected":false},"excerpt":{"rendered":"<p>Czy wyobra\u017caj\u0105 sobie Panie i Panowie, jak b\u0119dzie wygl\u0105da\u0142 Wroc\u0142aw w 2050 roku? Z jakich rozwi\u0105za\u0144 b\u0119d\u0105 korzysta\u0142y mieszkanki i mieszka\u0144cy, aby wygodniej si\u0119 przemieszcza\u0107, uczy\u0107 i odpoczywa\u0107? A co z zieleni\u0105 i bezpiecze\u0144stwem w naszej dzielnicy? Strategia Rozwoju Wroc\u0142awia \u201eWroc\u0142aw 2050\u201d to plan, kt\u00f3ry wska\u017ce kierunki rozwoju miasta na najbli\u017csze dekady. Jej za\u0142o\u017cenia b\u0119d\u0105 [&hellip;]<\/p>\n","protected":false},"author":3,"featured_media":14081,"comment_status":"open","ping_status":"open","sticky":false,"template":"","format":"standard","meta":{"footnotes":""},"categories":[14,12],"tags":[112,1817],"class_list":["post-15157","post","type-post","status-publish","format-standard","has-post-thumbnail","hentry","category-aktualnosci","category-artykuly","tag-gaj","tag-wroclaw2050"],"_links":{"self":[{"href":"https:\/\/online.tvk-gaj.pl\/index.php?rest_route=\/wp\/v2\/posts\/15157","targetHints":{"allow":["GET"]}}],"collection":[{"href":"https:\/\/online.tvk-gaj.pl\/index.php?rest_route=\/wp\/v2\/posts"}],"about":[{"href":"https:\/\/online.tvk-gaj.pl\/index.php?rest_route=\/wp\/v2\/types\/post"}],"author":[{"embeddable":true,"href":"https:\/\/online.tvk-gaj.pl\/index.php?rest_route=\/wp\/v2\/users\/3"}],"replies":[{"embeddable":true,"href":"https:\/\/online.tvk-gaj.pl\/index.php?rest_route=%2Fwp%2Fv2%2Fcomments&post=15157"}],"version-history":[{"count":1,"href":"https:\/\/online.tvk-gaj.pl\/index.php?rest_route=\/wp\/v2\/posts\/15157\/revisions"}],"predecessor-version":[{"id":15158,"href":"https:\/\/online.tvk-gaj.pl\/index.php?rest_route=\/wp\/v2\/posts\/15157\/revisions\/15158"}],"wp:featuredmedia":[{"embeddable":true,"href":"https:\/\/online.tvk-gaj.pl\/index.php?rest_route=\/wp\/v2\/media\/14081"}],"wp:attachment":[{"href":"https:\/\/online.tvk-gaj.pl\/index.php?rest_route=%2Fwp%2Fv2%2Fmedia&parent=15157"}],"wp:term":[{"taxonomy":"category","embeddable":true,"href":"https:\/\/online.tvk-gaj.pl\/index.php?rest_route=%2Fwp%2Fv2%2Fcategories&post=15157"},{"taxonomy":"post_tag","embeddable":true,"href":"https:\/\/online.tvk-gaj.pl\/index.php?rest_route=%2Fwp%2Fv2%2Ftags&post=15157"}],"curies":[{"name":"wp","href":"https:\/\/api.w.org\/{rel}","templated":true}]}}