{"id":15165,"date":"2025-03-29T10:37:21","date_gmt":"2025-03-29T09:37:21","guid":{"rendered":"http:\/\/www.tvk-gaj.pl\/~gajonline\/?p=15165"},"modified":"2025-03-29T10:37:21","modified_gmt":"2025-03-29T09:37:21","slug":"korytarz-transportowy-na-jagodno","status":"publish","type":"post","link":"https:\/\/online.tvk-gaj.pl\/?p=15165","title":{"rendered":"Korytarz transportowy na Jagodno"},"content":{"rendered":"\n<p>\u0179r\u00f3d\u0142o tekstu i zdj\u0119\u0107 : Inwestycje we Wroc\u0142awiu<\/p>\n\n\n\n<p><a href=\"https:\/\/www.facebook.com\/wroclawskieinwestycje\">https:\/\/www.facebook.com\/wroclawskieinwestycje<\/a><\/p>\n\n\n\n<p>W maju chcemy odda\u0107 do u\u017cytku korytarz transportowy na Jagodno. Wcze\u015bniej jednak musimy zrealizowa\u0107 ostatnie <img loading=\"lazy\" decoding=\"async\" height=\"16\" width=\"16\" alt=\"&#x2692;&#xfe0f;\" src=\"https:\/\/static.xx.fbcdn.net\/images\/emoji.php\/v9\/t6\/1\/16\/2692.png\"><img loading=\"lazy\" decoding=\"async\" height=\"16\" width=\"16\" alt=\"&#x2692;&#xfe0f;\" src=\"https:\/\/static.xx.fbcdn.net\/images\/emoji.php\/v9\/t6\/1\/16\/2692.png\">dodatkowe prace przy skrzy\u017cowaniu ulic Lutos\u0142awskiego i <a><\/a>Buforowej.<\/p>\n\n\n\n<ul class=\"wp-block-list\">\n<li>W zwi\u0105zku z tym od 29 marca (sobota o \u015bwicie) wprowadzona b\u0119dzie czasowa zmiana organizacji ruchu na skrzy\u017cowaniu ul. Lutos\u0142awskiego i Buforowej. W zwi\u0105zku z dodatkowymi pracami, kt\u00f3re musz\u0105 by\u0107 zrealizowane na wylocie ulicy Lutos\u0142awskiego jezdnia w tym obszarze b\u0119dzie wy\u0142\u0105czona z ruchu do maksymalnie dw\u00f3ch tygodni. Oznacza to, \u017ce nie wjedziemy t\u0119dy na Buforow\u0105 i z Buforowej nie wjedziemy w Lutos\u0142awskiego.<\/li>\n<\/ul>\n\n\n\n<ul class=\"wp-block-list\">\n<li>Je\u015bli pogoda dopisze jest du\u017ca szansa na zdecydowane skr\u00f3cenie tego terminu. Wykonawca b\u0119dzie robi\u0107 wszystko, aby tak si\u0119 sta\u0142o. Przepraszamy za wszelkie niedogodno\u015bci.<\/li>\n<\/ul>\n\n\n\n<p>Sugerowany objazd dla kierowc\u00f3w prowadzi przez ulic\u0119 Drabika do Kopyci\u0144skiego lub od strony ulicy Terenowej. Na czas realizacji tego zadania na ulicy Drabika b\u0119dzie w dni robocze zakaz parkowania w godzinach 6-18:30. Ulic\u0105 b\u0119dzie kursowa\u0142 autobus komunikacji miejskiej nr 310. Na ulicach b\u0119d\u0105 porz\u0105dku pilnowa\u0142y patrole stra\u017cy miejskiej.<\/p>\n\n\n\n<p>Na ulicy Buforowej trwaj\u0105 bardzo zaawansowane prace przy budowie korytarza transportowego na Jagodno. Wykonawca robi wszystko, aby ju\u017c w <img loading=\"lazy\" decoding=\"async\" height=\"16\" width=\"16\" src=\"https:\/\/static.xx.fbcdn.net\/images\/emoji.php\/v9\/tb7\/1\/16\/23f3.png\" alt=\"&#x23f3;\">maju 2025 roku pasa\u017cerowie komunikacji miejskiej mogli skorzysta\u0107 z tej wydzielonej trasy. Dzi\u0119ki tej inwestycji \u0142atwiej b\u0119dzie si\u0119 r\u00f3wnie\u017c je\u017adzi\u0107 kierowcom, poniewa\u017c autobusy b\u0119d\u0105 kursowa\u0107 po Bardzkiej i Buforowej &#8211; 2,7 km wydzielon\u0105 tras\u0105.<\/p>\n\n\n\n<figure class=\"wp-block-image size-full\"><img loading=\"lazy\" decoding=\"async\" width=\"597\" height=\"876\" src=\"http:\/\/www.tvk-gaj.pl\/~gajonline\/wp-content\/uploads\/2025\/03\/487023185_992350629679913_5285912856958540377_n.jpg\" alt=\"\" class=\"wp-image-15166\" srcset=\"https:\/\/online.tvk-gaj.pl\/wp-content\/uploads\/2025\/03\/487023185_992350629679913_5285912856958540377_n.jpg 597w, https:\/\/online.tvk-gaj.pl\/wp-content\/uploads\/2025\/03\/487023185_992350629679913_5285912856958540377_n-204x300.jpg 204w\" sizes=\"auto, (max-width: 597px) 100vw, 597px\" \/><\/figure>\n","protected":false},"excerpt":{"rendered":"<p>\u0179r\u00f3d\u0142o tekstu i zdj\u0119\u0107 : Inwestycje we Wroc\u0142awiu https:\/\/www.facebook.com\/wroclawskieinwestycje W maju chcemy odda\u0107 do u\u017cytku korytarz transportowy na Jagodno. Wcze\u015bniej jednak musimy zrealizowa\u0107 ostatnie dodatkowe prace przy skrzy\u017cowaniu ulic Lutos\u0142awskiego i Buforowej. Sugerowany objazd dla kierowc\u00f3w prowadzi przez ulic\u0119 Drabika do Kopyci\u0144skiego lub od strony ulicy Terenowej. Na czas realizacji tego zadania na ulicy Drabika [&hellip;]<\/p>\n","protected":false},"author":3,"featured_media":15166,"comment_status":"open","ping_status":"open","sticky":false,"template":"","format":"standard","meta":{"footnotes":""},"categories":[14,12],"tags":[112,554],"class_list":["post-15165","post","type-post","status-publish","format-standard","has-post-thumbnail","hentry","category-aktualnosci","category-artykuly","tag-gaj","tag-jagodno"],"_links":{"self":[{"href":"https:\/\/online.tvk-gaj.pl\/index.php?rest_route=\/wp\/v2\/posts\/15165","targetHints":{"allow":["GET"]}}],"collection":[{"href":"https:\/\/online.tvk-gaj.pl\/index.php?rest_route=\/wp\/v2\/posts"}],"about":[{"href":"https:\/\/online.tvk-gaj.pl\/index.php?rest_route=\/wp\/v2\/types\/post"}],"author":[{"embeddable":true,"href":"https:\/\/online.tvk-gaj.pl\/index.php?rest_route=\/wp\/v2\/users\/3"}],"replies":[{"embeddable":true,"href":"https:\/\/online.tvk-gaj.pl\/index.php?rest_route=%2Fwp%2Fv2%2Fcomments&post=15165"}],"version-history":[{"count":1,"href":"https:\/\/online.tvk-gaj.pl\/index.php?rest_route=\/wp\/v2\/posts\/15165\/revisions"}],"predecessor-version":[{"id":15167,"href":"https:\/\/online.tvk-gaj.pl\/index.php?rest_route=\/wp\/v2\/posts\/15165\/revisions\/15167"}],"wp:featuredmedia":[{"embeddable":true,"href":"https:\/\/online.tvk-gaj.pl\/index.php?rest_route=\/wp\/v2\/media\/15166"}],"wp:attachment":[{"href":"https:\/\/online.tvk-gaj.pl\/index.php?rest_route=%2Fwp%2Fv2%2Fmedia&parent=15165"}],"wp:term":[{"taxonomy":"category","embeddable":true,"href":"https:\/\/online.tvk-gaj.pl\/index.php?rest_route=%2Fwp%2Fv2%2Fcategories&post=15165"},{"taxonomy":"post_tag","embeddable":true,"href":"https:\/\/online.tvk-gaj.pl\/index.php?rest_route=%2Fwp%2Fv2%2Ftags&post=15165"}],"curies":[{"name":"wp","href":"https:\/\/api.w.org\/{rel}","templated":true}]}}