{"id":15169,"date":"2025-04-01T18:05:03","date_gmt":"2025-04-01T16:05:03","guid":{"rendered":"http:\/\/www.tvk-gaj.pl\/~gajonline\/?p=15169"},"modified":"2025-04-01T18:05:04","modified_gmt":"2025-04-01T16:05:04","slug":"przebudowa-torowiska-na-bardzkiej","status":"publish","type":"post","link":"https:\/\/online.tvk-gaj.pl\/?p=15169","title":{"rendered":"Przebudowa torowiska na Bardzkiej"},"content":{"rendered":"\n<p>\u017ar\u00f3d\u0142o : https:\/\/www.facebook.com\/wroclawskieinwestycje<\/p>\n\n\n\n<figure class=\"wp-block-image size-full is-resized\"><img loading=\"lazy\" decoding=\"async\" src=\"http:\/\/www.tvk-gaj.pl\/~gajonline\/wp-content\/uploads\/2025\/04\/487310994_995568052691504_3886295167879363700_n.jpg\" alt=\"\" class=\"wp-image-15170\" width=\"670\" height=\"456\" srcset=\"https:\/\/online.tvk-gaj.pl\/wp-content\/uploads\/2025\/04\/487310994_995568052691504_3886295167879363700_n.jpg 880w, https:\/\/online.tvk-gaj.pl\/wp-content\/uploads\/2025\/04\/487310994_995568052691504_3886295167879363700_n-300x205.jpg 300w, https:\/\/online.tvk-gaj.pl\/wp-content\/uploads\/2025\/04\/487310994_995568052691504_3886295167879363700_n-768x524.jpg 768w, https:\/\/online.tvk-gaj.pl\/wp-content\/uploads\/2025\/04\/487310994_995568052691504_3886295167879363700_n-140x94.jpg 140w\" sizes=\"auto, (max-width: 670px) 100vw, 670px\" \/><\/figure>\n\n\n\n<p>W\u0142a\u015bnie podpisali\u015bmy umow\u0119 z wykonawc\u0105 na budow\u0119 nowego fragmentu wydzielonej trasy autobusowo-tramwajowej na ul. Bardzkiej. Zanim rozpocznie prace uzupe\u0142ni dokumentacj\u0119 wykonawcz\u0105 dla tego zadania. Co si\u0119 wydarzy na ul. Bardzkiej?<\/p>\n\n\n\n<p>Wybudujemy brakuj\u0105cy fragment korytarza komunikacyjnego, kt\u00f3ry pozwoli autobusom je\u017adzi\u0107 po torowisku tramwajowym od alei Armii Krajowej do ul. Pi\u0119knej. Inwestycja umo\u017cliwi autobusom wygodne przejechanie przez ten ruchliwy fragment osiedla. Dzi\u015b autobus wje\u017cd\u017ca na przystanek, aby wr\u00f3ci\u0107 na og\u00f3ln\u0105 jezdni\u0119 po wschodniej stronie, natomiast po zachodniej jedzie wy\u0142\u0105cznie jezdni\u0105. Po zako\u0144czeniu prac nie b\u0119dzie musia\u0142 wykonywa\u0107 tego manewru, pojedzie wydzielonym pasem, co u\u0142atwi tak\u017ce poruszanie si\u0119 kierowcom aut osobowych na tym obszarze.<\/p>\n\n\n\n<p>Podczas zadania przebudowany zostanie przystanek tramwajowy w kierunku Gaju i Tarnogaju tak, aby mog\u0142y na nim zatrzymywa\u0107 si\u0119 r\u00f3wnocze\u015bnie tramwaj i autobus. U\u0142atwi to ewentualne przesiadki pasa\u017cerom, a w przysz\u0142o\u015bci usprawni przejazd komunikacj\u0105 zbiorow\u0105 w kierunku Jagodna, na kt\u00f3re powstaje tak\u017ce 2,7 km korytarz komunikacyjny.<\/p>\n\n\n\n<p>W ramach zadania wykonawca wybuduje nowe przej\u015bcie dla pieszych i przejazd rowerowy. Podczas inwestycji przeprowadzi tak\u017ce prace przy zieleni. Przesadzi m\u0142ode drzewa, kt\u00f3re koliduj\u0105 z budow\u0105, nasadzi kilkaset krzew\u00f3w: irg oraz tawu\u0142 japo\u0144skich. W obr\u0119bie przystanku pojawi\u0105 si\u0119 w donicy laurowi\u015bnie.<\/p>\n\n\n\n<p>Wi\u0119kszo\u015b\u0107 prac ma by\u0107 realizowana pod ruchem tramwajowym! Wy\u0142\u0105czenie kursowania tramwaj\u00f3w planowane jest na miesi\u0105c w wakacje. O zmianach b\u0119dziemy informowa\u0107 <img loading=\"lazy\" decoding=\"async\" height=\"16\" width=\"16\" src=\"https:\/\/static.xx.fbcdn.net\/images\/emoji.php\/v9\/t6\/1\/16\/2692.png\" alt=\"&#x2692;&#xfe0f;\">Podczas tego etapu b\u0119d\u0105 wykonywane specjalne \u015bcianki szczelne, kt\u00f3re pozwol\u0105 w kolejnych miesi\u0105cach na kursowanie tramwaj\u00f3w.<\/p>\n","protected":false},"excerpt":{"rendered":"<p>\u017ar\u00f3d\u0142o : https:\/\/www.facebook.com\/wroclawskieinwestycje W\u0142a\u015bnie podpisali\u015bmy umow\u0119 z wykonawc\u0105 na budow\u0119 nowego fragmentu wydzielonej trasy autobusowo-tramwajowej na ul. Bardzkiej. Zanim rozpocznie prace uzupe\u0142ni dokumentacj\u0119 wykonawcz\u0105 dla tego zadania. Co si\u0119 wydarzy na ul. Bardzkiej? Wybudujemy brakuj\u0105cy fragment korytarza komunikacyjnego, kt\u00f3ry pozwoli autobusom je\u017adzi\u0107 po torowisku tramwajowym od alei Armii Krajowej do ul. Pi\u0119knej. Inwestycja umo\u017cliwi autobusom [&hellip;]<\/p>\n","protected":false},"author":3,"featured_media":15170,"comment_status":"open","ping_status":"open","sticky":false,"template":"","format":"standard","meta":{"footnotes":""},"categories":[14,12],"tags":[197,112],"class_list":["post-15169","post","type-post","status-publish","format-standard","has-post-thumbnail","hentry","category-aktualnosci","category-artykuly","tag-bardzka","tag-gaj"],"_links":{"self":[{"href":"https:\/\/online.tvk-gaj.pl\/index.php?rest_route=\/wp\/v2\/posts\/15169","targetHints":{"allow":["GET"]}}],"collection":[{"href":"https:\/\/online.tvk-gaj.pl\/index.php?rest_route=\/wp\/v2\/posts"}],"about":[{"href":"https:\/\/online.tvk-gaj.pl\/index.php?rest_route=\/wp\/v2\/types\/post"}],"author":[{"embeddable":true,"href":"https:\/\/online.tvk-gaj.pl\/index.php?rest_route=\/wp\/v2\/users\/3"}],"replies":[{"embeddable":true,"href":"https:\/\/online.tvk-gaj.pl\/index.php?rest_route=%2Fwp%2Fv2%2Fcomments&post=15169"}],"version-history":[{"count":1,"href":"https:\/\/online.tvk-gaj.pl\/index.php?rest_route=\/wp\/v2\/posts\/15169\/revisions"}],"predecessor-version":[{"id":15171,"href":"https:\/\/online.tvk-gaj.pl\/index.php?rest_route=\/wp\/v2\/posts\/15169\/revisions\/15171"}],"wp:featuredmedia":[{"embeddable":true,"href":"https:\/\/online.tvk-gaj.pl\/index.php?rest_route=\/wp\/v2\/media\/15170"}],"wp:attachment":[{"href":"https:\/\/online.tvk-gaj.pl\/index.php?rest_route=%2Fwp%2Fv2%2Fmedia&parent=15169"}],"wp:term":[{"taxonomy":"category","embeddable":true,"href":"https:\/\/online.tvk-gaj.pl\/index.php?rest_route=%2Fwp%2Fv2%2Fcategories&post=15169"},{"taxonomy":"post_tag","embeddable":true,"href":"https:\/\/online.tvk-gaj.pl\/index.php?rest_route=%2Fwp%2Fv2%2Ftags&post=15169"}],"curies":[{"name":"wp","href":"https:\/\/api.w.org\/{rel}","templated":true}]}}