{"id":15172,"date":"2025-04-05T18:10:30","date_gmt":"2025-04-05T16:10:30","guid":{"rendered":"http:\/\/www.tvk-gaj.pl\/~gajonline\/?p=15172"},"modified":"2025-04-05T18:14:38","modified_gmt":"2025-04-05T16:14:38","slug":"otwarcie-trasy-autobusowej-na-jagodno-zmiany-w-trasach-linii-autobusowych","status":"publish","type":"post","link":"https:\/\/online.tvk-gaj.pl\/?p=15172","title":{"rendered":"Otwarcie trasy autobusowej na Jagodno, zmiany w trasach linii autobusowych"},"content":{"rendered":"\n<p>\u0179r\u00f3d\u0142o : <a href=\"https:\/\/www.facebook.com\/biuroprasoweUMW\" data-type=\"URL\" data-id=\"https:\/\/www.facebook.com\/biuroprasoweUMW\">https:\/\/www.facebook.com\/biuroprasoweUMW<\/a><br>Biuro Prasowe Urz\u0119du Miejskiego Wroc\u0142awia<\/p>\n\n\n\n<p>W maju planujemy otworzy\u0107 tras\u0119 autobusow\u0105 na Jagodno. Dzi\u0119ki niej autobusy pojad\u0105 szybciej i bardziej komfortowo, bo ca\u0142kiem niezale\u017cnym od samochod\u00f3w korytarzem.<\/p>\n\n\n\n<p>Nowa trasa ma d\u0142ugo\u015b\u0107 ok. 2,7 km i ko\u0144czy si\u0119 na nowej p\u0119tli przy ul. Kajdasza. Otwarcie takiej inwestycji wi\u0105\u017ce si\u0119 z konieczno\u015bci\u0105 dostosowania tras autobusowych do nowych warunk\u00f3w.<\/p>\n\n\n\n<p>Przy planowaniu nowego uk\u0142adu autobus\u00f3w brane by\u0142y pod uwag\u0119 w\u0142a\u015bnie potrzeby i oczekiwania mieszka\u0144c\u00f3w, kt\u00f3rzy wypowiedzieli si\u0119 w czasie konsultacji spo\u0142ecznych dotycz\u0105cych \u201ePakietu dla Po\u0142udnia\u201d, wnioski Rad Osiedli, dane o obci\u0105\u017ceniu linii autobusowych, dost\u0119pny tabor oraz uk\u0142ad drogowy, p\u0119tle i plany inwestycyjne.<\/p>\n\n\n\n<p>W pi\u0105tek, 4 kwietnia, zaprezentowali\u015bmy mieszka\u0144com zmiany, kt\u00f3re chcemy wprowadzi\u0107 w maju :<\/p>\n\n\n\n<p>-Na Jagodno pojedzie linia N.<\/p>\n\n\n\n<p>-Linia 110 zostanie po\u0142\u0105czona z lini\u0105 149 i po\u0142\u0105czy Jagodno z Pilczycami.<\/p>\n\n\n\n<p>-Linie 112 i 113 zostan\u0105 wyd\u0142u\u017cone od Dworca G\u0142\u00f3wnego do Galerii Dominika\u0144skiej.<\/p>\n\n\n\n<p>-Linia 145 b\u0119dzie mia\u0142a drobn\u0105 korekt\u0119 na ko\u0144c\u00f3wce trasy: sw\u00f3j bieg zako\u0144czy na przystanku Vivaldiego.<\/p>\n\n\n\n<p>-Linia 152 przejdzie drobn\u0105 korekt\u0119 w rejonie Ku\u017anik &#8211; b\u0119dzie jecha\u0142a ul. Ko\u0142obrzesk\u0105 zamiast Hermanowsk\u0105, aby nie dublowa\u0107 przed\u0142u\u017conej linii 110 i zast\u0105pi\u0107 lini\u0119 149.<\/p>\n\n\n\n<p>-Linia 310 zostanie wyd\u0142u\u017cona do ronda Iwiny.<\/p>\n\n\n\n<figure class=\"wp-block-image size-large\"><img loading=\"lazy\" decoding=\"async\" width=\"1024\" height=\"576\" src=\"http:\/\/www.tvk-gaj.pl\/~gajonline\/wp-content\/uploads\/2025\/04\/488747976_1581621786111964_5664002289402888470_n-1024x576.jpg\" alt=\"\" class=\"wp-image-15176\" srcset=\"https:\/\/online.tvk-gaj.pl\/wp-content\/uploads\/2025\/04\/488747976_1581621786111964_5664002289402888470_n-1024x576.jpg 1024w, https:\/\/online.tvk-gaj.pl\/wp-content\/uploads\/2025\/04\/488747976_1581621786111964_5664002289402888470_n-300x169.jpg 300w, https:\/\/online.tvk-gaj.pl\/wp-content\/uploads\/2025\/04\/488747976_1581621786111964_5664002289402888470_n-768x432.jpg 768w, https:\/\/online.tvk-gaj.pl\/wp-content\/uploads\/2025\/04\/488747976_1581621786111964_5664002289402888470_n.jpg 1366w\" sizes=\"auto, (max-width: 1024px) 100vw, 1024px\" \/><\/figure>\n\n\n\n<figure class=\"wp-block-image size-large\"><img loading=\"lazy\" decoding=\"async\" width=\"1024\" height=\"576\" src=\"http:\/\/www.tvk-gaj.pl\/~gajonline\/wp-content\/uploads\/2025\/04\/488073119_1581621772778632_5716431577992718257_n-1024x576.jpg\" alt=\"\" class=\"wp-image-15175\" srcset=\"https:\/\/online.tvk-gaj.pl\/wp-content\/uploads\/2025\/04\/488073119_1581621772778632_5716431577992718257_n-1024x576.jpg 1024w, https:\/\/online.tvk-gaj.pl\/wp-content\/uploads\/2025\/04\/488073119_1581621772778632_5716431577992718257_n-300x169.jpg 300w, https:\/\/online.tvk-gaj.pl\/wp-content\/uploads\/2025\/04\/488073119_1581621772778632_5716431577992718257_n-768x432.jpg 768w, https:\/\/online.tvk-gaj.pl\/wp-content\/uploads\/2025\/04\/488073119_1581621772778632_5716431577992718257_n.jpg 1366w\" sizes=\"auto, (max-width: 1024px) 100vw, 1024px\" \/><\/figure>\n\n\n\n<figure class=\"wp-block-image size-large\"><img loading=\"lazy\" decoding=\"async\" width=\"1024\" height=\"576\" src=\"http:\/\/www.tvk-gaj.pl\/~gajonline\/wp-content\/uploads\/2025\/04\/487358175_1581621792778630_3725920449900716540_n-1024x576.jpg\" alt=\"\" class=\"wp-image-15174\" srcset=\"https:\/\/online.tvk-gaj.pl\/wp-content\/uploads\/2025\/04\/487358175_1581621792778630_3725920449900716540_n-1024x576.jpg 1024w, https:\/\/online.tvk-gaj.pl\/wp-content\/uploads\/2025\/04\/487358175_1581621792778630_3725920449900716540_n-300x169.jpg 300w, https:\/\/online.tvk-gaj.pl\/wp-content\/uploads\/2025\/04\/487358175_1581621792778630_3725920449900716540_n-768x432.jpg 768w, https:\/\/online.tvk-gaj.pl\/wp-content\/uploads\/2025\/04\/487358175_1581621792778630_3725920449900716540_n.jpg 1366w\" sizes=\"auto, (max-width: 1024px) 100vw, 1024px\" \/><\/figure>\n\n\n\n<figure class=\"wp-block-image size-large\"><img loading=\"lazy\" decoding=\"async\" width=\"1024\" height=\"576\" src=\"http:\/\/www.tvk-gaj.pl\/~gajonline\/wp-content\/uploads\/2025\/04\/485894499_1581621852778624_2683667249035205037_n-1024x576.jpg\" alt=\"\" class=\"wp-image-15173\" srcset=\"https:\/\/online.tvk-gaj.pl\/wp-content\/uploads\/2025\/04\/485894499_1581621852778624_2683667249035205037_n-1024x576.jpg 1024w, https:\/\/online.tvk-gaj.pl\/wp-content\/uploads\/2025\/04\/485894499_1581621852778624_2683667249035205037_n-300x169.jpg 300w, https:\/\/online.tvk-gaj.pl\/wp-content\/uploads\/2025\/04\/485894499_1581621852778624_2683667249035205037_n-768x432.jpg 768w, https:\/\/online.tvk-gaj.pl\/wp-content\/uploads\/2025\/04\/485894499_1581621852778624_2683667249035205037_n.jpg 1366w\" sizes=\"auto, (max-width: 1024px) 100vw, 1024px\" \/><\/figure>\n\n\n\n<p>Jagodno zyska nowe bezpo\u015brednie po\u0142\u0105czenia autobusowe z wa\u017cnymi punktami w mie\u015bcie:<\/p>\n\n\n\n<p>-z placem Orl\u0105t Lwowskich i Dworcem \u015awiebodzkim<\/p>\n\n\n\n<p>-z Wroc\u0142awskim Parkiem Przemys\u0142owym i Nowym Dworem<\/p>\n\n\n\n<p>-ze Stadionem od strony ulicy Lotniczej<\/p>\n\n\n\n<p>-z Urz\u0119dem Wojew\u00f3dzkim i Ogrodem Botanicznym<\/p>\n\n\n\n<p>-z Kromera i Psim Polem<\/p>\n\n\n\n<p>-i utrzyma nadal te istniej\u0105ce \u2013 z placem Grunwaldzkim, ZOO, Galeri\u0105 Dominika\u0144sk\u0105, Dworcem G\u0142\u00f3wnym oraz szko\u0142\u0105 na Asfaltowej.<\/p>\n\n\n\n<p>Mieszka\u0144cy Wojszyc i O\u0142taszyna zyskaj\u0105 dodatkowy punkt docelowy na placu Dominika\u0144skim.<\/p>\n\n\n\n<p>Mieszka\u0144cy Psiego Pola, Nowego Dworu, Ku\u017anik, Pilczyc zyskaj\u0105 bezpo\u015brednie po\u0142\u0105czenia z Jagodnem i po\u0142udniowymi osiedlami.<\/p>\n\n\n\n<p>Zyskaj\u0105 te\u017c kierowcy, poniewa\u017c po uruchomieniu jezdni busowej zmieniona zostanie obecna organizacja ruchu \u2013 wyznaczony na jezdni buspas zostanie zlikwidowany.<\/p>\n\n\n\n<p>Na pi\u0105tkowym spotkaniu w szkole przy Asfaltowej by\u0142o sporo emocji, opinii i pyta\u0144. Relacj\u0119 z niego wraz ze szczeg\u00f3\u0142owym opisem nowych po\u0142\u0105cze\u0144 znajd\u0105 Pa\u0144stwo tutaj :<\/p>\n\n\n\n<p><a href=\"https:\/\/www.wroclaw.pl\/komunikacja\/otwarcie-trasy-na-jagodno-zmiany-tras-autobusow-od-5-maja\" data-type=\"URL\" data-id=\"https:\/\/www.wroclaw.pl\/komunikacja\/otwarcie-trasy-na-jagodno-zmiany-tras-autobusow-od-5-maja\">https:\/\/www.wroclaw.pl\/komunikacja\/otwarcie-trasy-na-jagodno-zmiany-tras-autobusow-od-5-maja<\/a><\/p>\n\n\n\n<p>W czasie spotkania urz\u0119dnicy notowali uwagi mieszka\u0144c\u00f3w. Je\u015bli kto\u015b te\u017c je ma, a nie m\u00f3g\u0142 przyj\u015b\u0107 na spotkanie, mo\u017ce do czwartku, 10 kwietnia, przes\u0142a\u0107 je na adres konsultacje@um.wroc.pl. B\u0119dziemy je analizowa\u0107 i sprawdza\u0107, czy mo\u017cna wprowadzi\u0107 korekty w zaproponowanych po\u0142\u0105czeniach.<\/p>\n\n\n\n<p>Nast\u0119pnie \u2013 pod koniec kwietnia &#8211; zaprezentujemy ostateczne rozwi\u0105zania wraz z rozk\u0142adem jazdy komunikacji miejskiej.<\/p>\n","protected":false},"excerpt":{"rendered":"<p>\u0179r\u00f3d\u0142o : https:\/\/www.facebook.com\/biuroprasoweUMWBiuro Prasowe Urz\u0119du Miejskiego Wroc\u0142awia W maju planujemy otworzy\u0107 tras\u0119 autobusow\u0105 na Jagodno. Dzi\u0119ki niej autobusy pojad\u0105 szybciej i bardziej komfortowo, bo ca\u0142kiem niezale\u017cnym od samochod\u00f3w korytarzem. Nowa trasa ma d\u0142ugo\u015b\u0107 ok. 2,7 km i ko\u0144czy si\u0119 na nowej p\u0119tli przy ul. Kajdasza. Otwarcie takiej inwestycji wi\u0105\u017ce si\u0119 z konieczno\u015bci\u0105 dostosowania tras autobusowych [&hellip;]<\/p>\n","protected":false},"author":3,"featured_media":15182,"comment_status":"open","ping_status":"open","sticky":false,"template":"","format":"standard","meta":{"footnotes":""},"categories":[14,12],"tags":[112,554],"class_list":["post-15172","post","type-post","status-publish","format-standard","has-post-thumbnail","hentry","category-aktualnosci","category-artykuly","tag-gaj","tag-jagodno"],"_links":{"self":[{"href":"https:\/\/online.tvk-gaj.pl\/index.php?rest_route=\/wp\/v2\/posts\/15172","targetHints":{"allow":["GET"]}}],"collection":[{"href":"https:\/\/online.tvk-gaj.pl\/index.php?rest_route=\/wp\/v2\/posts"}],"about":[{"href":"https:\/\/online.tvk-gaj.pl\/index.php?rest_route=\/wp\/v2\/types\/post"}],"author":[{"embeddable":true,"href":"https:\/\/online.tvk-gaj.pl\/index.php?rest_route=\/wp\/v2\/users\/3"}],"replies":[{"embeddable":true,"href":"https:\/\/online.tvk-gaj.pl\/index.php?rest_route=%2Fwp%2Fv2%2Fcomments&post=15172"}],"version-history":[{"count":3,"href":"https:\/\/online.tvk-gaj.pl\/index.php?rest_route=\/wp\/v2\/posts\/15172\/revisions"}],"predecessor-version":[{"id":15181,"href":"https:\/\/online.tvk-gaj.pl\/index.php?rest_route=\/wp\/v2\/posts\/15172\/revisions\/15181"}],"wp:featuredmedia":[{"embeddable":true,"href":"https:\/\/online.tvk-gaj.pl\/index.php?rest_route=\/wp\/v2\/media\/15182"}],"wp:attachment":[{"href":"https:\/\/online.tvk-gaj.pl\/index.php?rest_route=%2Fwp%2Fv2%2Fmedia&parent=15172"}],"wp:term":[{"taxonomy":"category","embeddable":true,"href":"https:\/\/online.tvk-gaj.pl\/index.php?rest_route=%2Fwp%2Fv2%2Fcategories&post=15172"},{"taxonomy":"post_tag","embeddable":true,"href":"https:\/\/online.tvk-gaj.pl\/index.php?rest_route=%2Fwp%2Fv2%2Ftags&post=15172"}],"curies":[{"name":"wp","href":"https:\/\/api.w.org\/{rel}","templated":true}]}}