{"id":15189,"date":"2025-04-14T22:13:16","date_gmt":"2025-04-14T20:13:16","guid":{"rendered":"http:\/\/www.tvk-gaj.pl\/~gajonline\/?p=15189"},"modified":"2025-04-14T22:20:21","modified_gmt":"2025-04-14T20:20:21","slug":"obwieszczenie-prezydenta-wroclawia-dot-wyborow-prezydenta-rzeczypospolitej-polskiej","status":"publish","type":"post","link":"https:\/\/online.tvk-gaj.pl\/?p=15189","title":{"rendered":"Obwieszczenie Prezydenta Wroc\u0142awia dot. wybor\u00f3w Prezydenta Rzeczypospolitej Polskiej"},"content":{"rendered":"\n<p>Obwieszczenie Prezydenta Wroc\u0142awia z dnia<\/p>\n\n\n\n<p>25 Marca o numerach i granicach sta\u0142ych i odr\u0119bnych obwod\u00f3w g\u0142osowania,<\/p>\n\n\n\n<p><a><\/a>siedzibach obwodowych komisji wyborczych oraz lokalach obwodowych<\/p>\n\n\n\n<p>komisji wyborczych dostosowanych do potrzeb wyborc\u00f3w niepe\u0142nosprawnych<\/p>\n\n\n\n<p>w wyborach Prezydenta Rzeczypospolitej Polskiej zarz\u0105dzonych na dzie\u0144<\/p>\n\n\n\n<p>18 maja 2025 r.<\/p>\n\n\n\n<p><\/p>\n\n\n\n<div data-wp-interactive=\"core\/file\" class=\"wp-block-file\"><object data-wp-bind--hidden=\"!state.hasPdfPreview\" hidden class=\"wp-block-file__embed\" data=\"http:\/\/www.tvk-gaj.pl\/~gajonline\/wp-content\/uploads\/2025\/04\/3.pdf\" type=\"application\/pdf\" style=\"width:100%;height:1210px\" aria-label=\"Osadzone z 3.\"><\/object><a id=\"wp-block-file--media-5a531923-6313-462b-84f6-ae9254c3f277\" href=\"http:\/\/www.tvk-gaj.pl\/~gajonline\/wp-content\/uploads\/2025\/04\/3.pdf\">3<\/a><a href=\"http:\/\/www.tvk-gaj.pl\/~gajonline\/wp-content\/uploads\/2025\/04\/3.pdf\" class=\"wp-block-file__button wp-element-button\" download aria-describedby=\"wp-block-file--media-5a531923-6313-462b-84f6-ae9254c3f277\">Pobierz<\/a><\/div>\n","protected":false},"excerpt":{"rendered":"<p>Obwieszczenie Prezydenta Wroc\u0142awia z dnia 25 Marca o numerach i granicach sta\u0142ych i odr\u0119bnych obwod\u00f3w g\u0142osowania, siedzibach obwodowych komisji wyborczych oraz lokalach obwodowych komisji wyborczych dostosowanych do potrzeb wyborc\u00f3w niepe\u0142nosprawnych w wyborach Prezydenta Rzeczypospolitej Polskiej zarz\u0105dzonych na dzie\u0144 18 maja 2025 r.<\/p>\n","protected":false},"author":4,"featured_media":15191,"comment_status":"open","ping_status":"open","sticky":false,"template":"","format":"standard","meta":{"footnotes":""},"categories":[14,12],"tags":[112,371],"class_list":["post-15189","post","type-post","status-publish","format-standard","has-post-thumbnail","hentry","category-aktualnosci","category-artykuly","tag-gaj","tag-wybory"],"_links":{"self":[{"href":"https:\/\/online.tvk-gaj.pl\/index.php?rest_route=\/wp\/v2\/posts\/15189","targetHints":{"allow":["GET"]}}],"collection":[{"href":"https:\/\/online.tvk-gaj.pl\/index.php?rest_route=\/wp\/v2\/posts"}],"about":[{"href":"https:\/\/online.tvk-gaj.pl\/index.php?rest_route=\/wp\/v2\/types\/post"}],"author":[{"embeddable":true,"href":"https:\/\/online.tvk-gaj.pl\/index.php?rest_route=\/wp\/v2\/users\/4"}],"replies":[{"embeddable":true,"href":"https:\/\/online.tvk-gaj.pl\/index.php?rest_route=%2Fwp%2Fv2%2Fcomments&post=15189"}],"version-history":[{"count":5,"href":"https:\/\/online.tvk-gaj.pl\/index.php?rest_route=\/wp\/v2\/posts\/15189\/revisions"}],"predecessor-version":[{"id":15202,"href":"https:\/\/online.tvk-gaj.pl\/index.php?rest_route=\/wp\/v2\/posts\/15189\/revisions\/15202"}],"wp:featuredmedia":[{"embeddable":true,"href":"https:\/\/online.tvk-gaj.pl\/index.php?rest_route=\/wp\/v2\/media\/15191"}],"wp:attachment":[{"href":"https:\/\/online.tvk-gaj.pl\/index.php?rest_route=%2Fwp%2Fv2%2Fmedia&parent=15189"}],"wp:term":[{"taxonomy":"category","embeddable":true,"href":"https:\/\/online.tvk-gaj.pl\/index.php?rest_route=%2Fwp%2Fv2%2Fcategories&post=15189"},{"taxonomy":"post_tag","embeddable":true,"href":"https:\/\/online.tvk-gaj.pl\/index.php?rest_route=%2Fwp%2Fv2%2Ftags&post=15189"}],"curies":[{"name":"wp","href":"https:\/\/api.w.org\/{rel}","templated":true}]}}