{"id":15203,"date":"2025-04-15T17:46:40","date_gmt":"2025-04-15T15:46:40","guid":{"rendered":"http:\/\/www.tvk-gaj.pl\/~gajonline\/?p=15203"},"modified":"2025-04-15T17:46:41","modified_gmt":"2025-04-15T15:46:41","slug":"rok-2025-jubileusz-10-lecia-parki-esk-emocje-sport-kultura","status":"publish","type":"post","link":"https:\/\/online.tvk-gaj.pl\/?p=15203","title":{"rendered":"Rok 2025 \u2013 Jubileusz 10-lecia Parki ESK Emocje \u2013 Sport \u2013 Kultura!"},"content":{"rendered":"\n<p>Z tej okazji, jednorocznie, zmieniamy nazw\u0119 projektu na Empatia \u2013 Szacunek \u2013 Kultura.<\/p>\n\n\n\n<p>Dzi\u0119kujemy wszystkim, kt\u00f3rzy przez te 10 lat byli cz\u0119\u015bci\u0105 tej niezwyk\u0142ej historii.<\/p>\n\n\n\n<p>To Wasza energia, zaanga\u017cowanie i pasja sprawiaj\u0105, \u017ce Parki ESK Emocje \u2013 Sport \u2013 Kultura s\u0105 tak wyj\u0105tkowym miejscem spotka\u0144 i aktywno\u015bci.<\/p>\n\n\n\n<p>Ju\u017c niebawem otwartych zostanie dla Was 14 park\u00f3w ESK, kt\u00f3re od samego pocz\u0105tku przyci\u0105gaj\u0105 Was dzi\u0119ki integracji, kulturze i sporcie.<\/p>\n\n\n\n<p>Zapraszamy do \u015bledzenia naszych kana\u0142\u00f3w, by nie przegapi\u0107 jubileuszowych wydarze\u0144!<\/p>\n\n\n\n<p>\u017ar\u00f3d\u0142o : <a href=\"https:\/\/www.facebook.com\/ParkiESK\" data-type=\"URL\" data-id=\"https:\/\/www.facebook.com\/ParkiESK\">https:\/\/www.facebook.com\/ParkiESK<\/a><\/p>\n\n\n\n<figure class=\"wp-block-image size-full\"><img loading=\"lazy\" decoding=\"async\" width=\"851\" height=\"315\" src=\"http:\/\/www.tvk-gaj.pl\/~gajonline\/wp-content\/uploads\/2025\/04\/490799292_1075451224616609_8280414750971430489_n.jpg\" alt=\"\" class=\"wp-image-15204\" srcset=\"https:\/\/online.tvk-gaj.pl\/wp-content\/uploads\/2025\/04\/490799292_1075451224616609_8280414750971430489_n.jpg 851w, https:\/\/online.tvk-gaj.pl\/wp-content\/uploads\/2025\/04\/490799292_1075451224616609_8280414750971430489_n-300x111.jpg 300w, https:\/\/online.tvk-gaj.pl\/wp-content\/uploads\/2025\/04\/490799292_1075451224616609_8280414750971430489_n-768x284.jpg 768w\" sizes=\"auto, (max-width: 851px) 100vw, 851px\" \/><\/figure>\n","protected":false},"excerpt":{"rendered":"<p>Z tej okazji, jednorocznie, zmieniamy nazw\u0119 projektu na Empatia \u2013 Szacunek \u2013 Kultura. Dzi\u0119kujemy wszystkim, kt\u00f3rzy przez te 10 lat byli cz\u0119\u015bci\u0105 tej niezwyk\u0142ej historii. To Wasza energia, zaanga\u017cowanie i pasja sprawiaj\u0105, \u017ce Parki ESK Emocje \u2013 Sport \u2013 Kultura s\u0105 tak wyj\u0105tkowym miejscem spotka\u0144 i aktywno\u015bci. Ju\u017c niebawem otwartych zostanie dla Was 14 park\u00f3w [&hellip;]<\/p>\n","protected":false},"author":3,"featured_media":9975,"comment_status":"open","ping_status":"open","sticky":false,"template":"","format":"standard","meta":{"footnotes":""},"categories":[14,12],"tags":[632,112],"class_list":["post-15203","post","type-post","status-publish","format-standard","has-post-thumbnail","hentry","category-aktualnosci","category-artykuly","tag-esk","tag-gaj"],"_links":{"self":[{"href":"https:\/\/online.tvk-gaj.pl\/index.php?rest_route=\/wp\/v2\/posts\/15203","targetHints":{"allow":["GET"]}}],"collection":[{"href":"https:\/\/online.tvk-gaj.pl\/index.php?rest_route=\/wp\/v2\/posts"}],"about":[{"href":"https:\/\/online.tvk-gaj.pl\/index.php?rest_route=\/wp\/v2\/types\/post"}],"author":[{"embeddable":true,"href":"https:\/\/online.tvk-gaj.pl\/index.php?rest_route=\/wp\/v2\/users\/3"}],"replies":[{"embeddable":true,"href":"https:\/\/online.tvk-gaj.pl\/index.php?rest_route=%2Fwp%2Fv2%2Fcomments&post=15203"}],"version-history":[{"count":1,"href":"https:\/\/online.tvk-gaj.pl\/index.php?rest_route=\/wp\/v2\/posts\/15203\/revisions"}],"predecessor-version":[{"id":15205,"href":"https:\/\/online.tvk-gaj.pl\/index.php?rest_route=\/wp\/v2\/posts\/15203\/revisions\/15205"}],"wp:featuredmedia":[{"embeddable":true,"href":"https:\/\/online.tvk-gaj.pl\/index.php?rest_route=\/wp\/v2\/media\/9975"}],"wp:attachment":[{"href":"https:\/\/online.tvk-gaj.pl\/index.php?rest_route=%2Fwp%2Fv2%2Fmedia&parent=15203"}],"wp:term":[{"taxonomy":"category","embeddable":true,"href":"https:\/\/online.tvk-gaj.pl\/index.php?rest_route=%2Fwp%2Fv2%2Fcategories&post=15203"},{"taxonomy":"post_tag","embeddable":true,"href":"https:\/\/online.tvk-gaj.pl\/index.php?rest_route=%2Fwp%2Fv2%2Ftags&post=15203"}],"curies":[{"name":"wp","href":"https:\/\/api.w.org\/{rel}","templated":true}]}}