{"id":15206,"date":"2025-04-15T17:53:23","date_gmt":"2025-04-15T15:53:23","guid":{"rendered":"http:\/\/www.tvk-gaj.pl\/~gajonline\/?p=15206"},"modified":"2025-04-15T17:53:23","modified_gmt":"2025-04-15T15:53:23","slug":"trasa-autobusowa-na-jagodno-prawie-gotowa-zdjecia-z-lotu-ptaka","status":"publish","type":"post","link":"https:\/\/online.tvk-gaj.pl\/?p=15206","title":{"rendered":"Trasa autobusowa na Jagodno prawie gotowa. Zdj\u0119cia z lotu ptaka"},"content":{"rendered":"\n<p>\u017ar\u00f3d\u0142o : <a href=\"https:\/\/www.wroclaw.pl\/komunikacja\/trasa-autobusowa-na-jagodno-prawie-gotowa-zdjecia-z-lotu-ptaka\">https:\/\/www.wroclaw.pl\/komunikacja\/trasa-autobusowa-na-jagodno-prawie-gotowa-zdjecia-z-lotu-ptaka<\/a><\/p>\n\n\n\n<p>Link do galerii zdj\u0119\u0107 : <a href=\"https:\/\/www.wroclaw.pl\/komunikacja\/galeria\/trasa-autobusowa-na-jagodno-prawie-gotowa-zdjecia-z-lotu-ptaka,p,1\">https:\/\/www.wroclaw.pl\/komunikacja\/galeria\/trasa-autobusowa-na-jagodno-prawie-gotowa-zdjecia-z-lotu-ptaka,p,1<\/a><\/p>\n\n\n\n<p>Autor zdj\u0119\u0107 : Marek Ksi\u0119\u017carek<\/p>\n\n\n\n<figure class=\"wp-block-image size-full\"><img loading=\"lazy\" decoding=\"async\" width=\"835\" height=\"474\" src=\"http:\/\/www.tvk-gaj.pl\/~gajonline\/wp-content\/uploads\/2025\/04\/Zrzut-ekranu-2025-04-15-174935.png\" alt=\"\" class=\"wp-image-15207\" srcset=\"https:\/\/online.tvk-gaj.pl\/wp-content\/uploads\/2025\/04\/Zrzut-ekranu-2025-04-15-174935.png 835w, https:\/\/online.tvk-gaj.pl\/wp-content\/uploads\/2025\/04\/Zrzut-ekranu-2025-04-15-174935-300x170.png 300w, https:\/\/online.tvk-gaj.pl\/wp-content\/uploads\/2025\/04\/Zrzut-ekranu-2025-04-15-174935-768x436.png 768w\" sizes=\"auto, (max-width: 835px) 100vw, 835px\" \/><\/figure>\n\n\n\n<p><strong>Ju\u017c 5 maja autobusy zaczn\u0105 kursowa\u0107 now\u0105, wydzielon\u0105 &#8211; woln\u0105 od kork\u00f3w &#8211; tras\u0105 na Jagodno. Teraz, gdy jest prawie sko\u0144czona, \u0142atwiej sobie uzmys\u0142owi\u0107, jak widowiskowa jest ta inwestycja. Szczeg\u00f3lnie, gdy patrzy si\u0119 na ni\u0105 z lotu ptaka. Przelecieli\u015bmy dronem nad ca\u0142\u0105 tras\u0105 &#8211; od p\u0119tli &#8222;Jagodno&#8221; przy Kajdasza do ulicy Bardziej przy skrzy\u017cowaniu ze \u015awieradowsk\u0105.<\/strong><\/p>\n\n\n\n<p>TA na Jagodno (skr\u00f3t od trasa autobusowa) w przysz\u0142o\u015bci b\u0119dzie TAT-em (tras\u0105 autobusowo-tramwajow\u0105). Czekamy na\u00a0<a rel=\"noreferrer noopener\" href=\"https:\/\/www.wroclaw.pl\/komunikacja\/kto-zaprojektuje-tramwaj-na-jagodno-i-rozbudowe-buforowej\" target=\"_blank\">rozstrzygni\u0119cie przetargu na zaprojektowanie torowiska i jednocze\u015bnie na przebudow\u0119 ulicy Buforowej<\/a>.\u00a0<\/p>\n\n\n\n<p>B\u0119dzie ona czteropasmowa. Tory tramwajowe powstan\u0105 na trasie autobusowej, kt\u00f3ra spe\u0142nia parametry niezb\u0119dne dla tramwaj\u00f3w. Ma odpowiedni\u0105 no\u015bno\u015b\u0107 oraz geometri\u0119, a zbudowane przystanki s\u0105 autobusowo-tramwajowe.<\/p>\n\n\n\n<h2 class=\"wp-block-heading\" id=\"h2_2\">Kr\u00f3tka historia tramwaju na Jagodno<\/h2>\n\n\n\n<p>Emocjonuj\u0105ca historia z tramwajem na Jagodno zwi\u0105zana jest z lini\u0105 kolejow\u0105 nr 285 prowadz\u0105c\u0105 do Sob\u00f3tki. Tory tramwajowe musz\u0105 przeci\u0105\u0107 te kolejowe. Ale dot\u0105d nie by\u0142o przepis\u00f3w, kt\u00f3re by to regulowa\u0142y. Z tego wzgl\u0119du PKP PLK nie zgadza\u0142y si\u0119 na tak\u0105 krzy\u017c\u00f3wk\u0119.<\/p>\n\n\n\n<p>Miasto nie wiedz\u0105c, kiedy i czy w og\u00f3le sprawa zostanie uregulowana, zdecydowa\u0142o si\u0119 na budow\u0119 wydzielonego korytarza tylko dla autobus\u00f3w.\u00a0Projekt powsta\u0142 w oparciu o parametry trasy tramwajowej, aby w przysz\u0142o\u015bci mo\u017cna by\u0142o przerobi\u0107 j\u0105 na autobusowo-tramwajow\u0105.<\/p>\n\n\n\n<p>Jednak kwestia przepis\u00f3w o krzy\u017c\u00f3wkach tramwajowo-kolejowych rozwi\u0105zana zosta\u0142a szybciej, ni\u017c mo\u017cna si\u0119 by\u0142o tego spodziewa\u0107. Ministerstwo Infrastruktury zosta\u0142o zapewne zmobilizowane do zaj\u0119cia si\u0119 tematem przez premiera. Donald Tusk podczas powyborczej wizyty na Jagodnie obieca\u0142 rozwi\u0105za\u0107 problem. Gdyby nie to, z projektowaniem trasy tramwajowej trzeba by by\u0142o czeka\u0107, a\u017c PKP PLK wynios\u0105 lini\u0119 285 na nasyp, a tego mo\u017cna si\u0119 spodziewa\u0107 w perspektywie dekady lub dw\u00f3ch.<\/p>\n\n\n\n<p>Przepisy o skrzy\u017cowaniach wreszcie s\u0105\u00a0<em>(Rozporz\u0105dzenie Ministra Infrastruktury z dnia 24 stycznia 2025 roku w sprawie warunk\u00f3w technicznych, jakim powinny odpowiada\u0107 skrzy\u017cowania linii kolejowych oraz bocznic kolejowych z liniami tramwajowymi i ich usytuowanie &#8211; Dz. U. z 3 lutego 2025 roku, poz. 138)<\/em>\u00a0i dlatego mo\u017cna projektowa\u0107 tramwaj na Jagodno.<\/p>\n\n\n\n<h2 class=\"wp-block-heading\" id=\"h2_3\">Z Jagodna do centrum w kwadrans<\/h2>\n\n\n\n<p>Niemal trzykilometrowa trasa autobusowa pozwoli mieszka\u0144com Jagodna oraz wszystkim tym, kt\u00f3rzy dotr\u0105 samochodami lub rowerami na parking P+R przy Kajdasza, szybko dojecha\u0107 do centrum miasta. Odleg\u0142o\u015b\u0107 pozostaje taka sama, ale autobusy omin\u0105 zat\u0142oczone ulice. Jagodno istotnie zbli\u017cy si\u0119 do centrum. Z p\u0119tli &#8222;Jagodno&#8221; do dworca podr\u00f3\u017c ma zaj\u0105\u0107 13 minut.<\/p>\n\n\n\n<p>Inwestycja rozpocz\u0119\u0142a si\u0119 w kwietniu 2023 roku. Jej koszt to oko\u0142o 45 mln z\u0142, z czego 40 mln z\u0142 to dofinansowanie z programu Polski \u0141ad.<\/p>\n\n\n\n<p>Otwarciu trasy na Jagodno towarzyszy\u0107 b\u0119d\u0105 zmiany w kursowaniu autobus\u00f3w. Najwi\u0119cej emocji budz\u0105 te dotycz\u0105ce linii 110 oraz N. Wi\u0119cej o nowych trasach przeczytasz&nbsp;<a href=\"https:\/\/www.wroclaw.pl\/komunikacja\/otwarcie-trasy-na-jagodno-zmiany-tras-autobusow-od-5-maja\" target=\"_blank\" rel=\"noreferrer noopener\">w artykule &#8222;Nowe trasy autobus\u00f3w od 5 maja po otwarciu trasy na Jagodno&#8221;<\/a>.<\/p>\n","protected":false},"excerpt":{"rendered":"<p>\u017ar\u00f3d\u0142o : https:\/\/www.wroclaw.pl\/komunikacja\/trasa-autobusowa-na-jagodno-prawie-gotowa-zdjecia-z-lotu-ptaka Link do galerii zdj\u0119\u0107 : https:\/\/www.wroclaw.pl\/komunikacja\/galeria\/trasa-autobusowa-na-jagodno-prawie-gotowa-zdjecia-z-lotu-ptaka,p,1 Autor zdj\u0119\u0107 : Marek Ksi\u0119\u017carek Ju\u017c 5 maja autobusy zaczn\u0105 kursowa\u0107 now\u0105, wydzielon\u0105 &#8211; woln\u0105 od kork\u00f3w &#8211; tras\u0105 na Jagodno. Teraz, gdy jest prawie sko\u0144czona, \u0142atwiej sobie uzmys\u0142owi\u0107, jak widowiskowa jest ta inwestycja. Szczeg\u00f3lnie, gdy patrzy si\u0119 na ni\u0105 z lotu ptaka. Przelecieli\u015bmy dronem nad [&hellip;]<\/p>\n","protected":false},"author":3,"featured_media":15207,"comment_status":"open","ping_status":"open","sticky":false,"template":"","format":"standard","meta":{"footnotes":""},"categories":[14,12],"tags":[112,554],"class_list":["post-15206","post","type-post","status-publish","format-standard","has-post-thumbnail","hentry","category-aktualnosci","category-artykuly","tag-gaj","tag-jagodno"],"_links":{"self":[{"href":"https:\/\/online.tvk-gaj.pl\/index.php?rest_route=\/wp\/v2\/posts\/15206","targetHints":{"allow":["GET"]}}],"collection":[{"href":"https:\/\/online.tvk-gaj.pl\/index.php?rest_route=\/wp\/v2\/posts"}],"about":[{"href":"https:\/\/online.tvk-gaj.pl\/index.php?rest_route=\/wp\/v2\/types\/post"}],"author":[{"embeddable":true,"href":"https:\/\/online.tvk-gaj.pl\/index.php?rest_route=\/wp\/v2\/users\/3"}],"replies":[{"embeddable":true,"href":"https:\/\/online.tvk-gaj.pl\/index.php?rest_route=%2Fwp%2Fv2%2Fcomments&post=15206"}],"version-history":[{"count":1,"href":"https:\/\/online.tvk-gaj.pl\/index.php?rest_route=\/wp\/v2\/posts\/15206\/revisions"}],"predecessor-version":[{"id":15208,"href":"https:\/\/online.tvk-gaj.pl\/index.php?rest_route=\/wp\/v2\/posts\/15206\/revisions\/15208"}],"wp:featuredmedia":[{"embeddable":true,"href":"https:\/\/online.tvk-gaj.pl\/index.php?rest_route=\/wp\/v2\/media\/15207"}],"wp:attachment":[{"href":"https:\/\/online.tvk-gaj.pl\/index.php?rest_route=%2Fwp%2Fv2%2Fmedia&parent=15206"}],"wp:term":[{"taxonomy":"category","embeddable":true,"href":"https:\/\/online.tvk-gaj.pl\/index.php?rest_route=%2Fwp%2Fv2%2Fcategories&post=15206"},{"taxonomy":"post_tag","embeddable":true,"href":"https:\/\/online.tvk-gaj.pl\/index.php?rest_route=%2Fwp%2Fv2%2Ftags&post=15206"}],"curies":[{"name":"wp","href":"https:\/\/api.w.org\/{rel}","templated":true}]}}