{"id":15209,"date":"2025-04-16T15:50:06","date_gmt":"2025-04-16T13:50:06","guid":{"rendered":"http:\/\/www.tvk-gaj.pl\/~gajonline\/?p=15209"},"modified":"2025-04-16T15:50:45","modified_gmt":"2025-04-16T13:50:45","slug":"jak-pojada-autobusy-po-otwarciu-wydzielonego-korytarza-na-jagodno","status":"publish","type":"post","link":"https:\/\/online.tvk-gaj.pl\/?p=15209","title":{"rendered":"Jak pojad\u0105 autobusy po otwarciu wydzielonego korytarza na Jagodno ?"},"content":{"rendered":"\n<p>5 maja we Wroc\u0142awiu \u2013 w zwi\u0105zku z otwarciem wydzielonego korytarza dla autobus\u00f3w na Jagodno &#8211; uruchomiona zostanie te\u017c nowa siatka po\u0142\u0105cze\u0144. to najwa\u017cniejsze punkty uwzgl\u0119dnione na pro\u015bb\u0119 mieszka\u0144c\u00f3w przy organizowaniu nowej siatki po\u0142\u0105cze\u0144.<\/p>\n\n\n\n<p>-Linia 110 pozostanie na obecnej trasie &#8211; Rondo Iwiny \u2013 Galeria Dominika\u0144ska i tutaj zako\u0144czy przejazd. Linia 149 pozostanie bez zmian &#8211; to najwa\u017cniejsze punkty uwzgl\u0119dnione na pro\u015bb\u0119 mieszka\u0144c\u00f3w przy organizowaniu nowej siatki po\u0142\u0105cze\u0144.<\/p>\n\n\n\n<p>-Dla zapewnienia bezpo\u015bredniego po\u0142\u0105czenia Jagodna z zachodni\u0105 cz\u0119\u015bci\u0105 miasta linia 148, kt\u00f3ra teraz \u0142\u0105czy Le\u015bnic\u0119 z Dworcem PKP &#8211; zostanie przed\u0142u\u017cona z dworca do p\u0119tli Jagodno. Po przed\u0142u\u017ceniu b\u0119dzie obs\u0142ugiwa\u0107 dworzec od strony ul. Suchej i dalej, podobnie jak linia N, pojedzie wydzielonym korytarzem dla komunikacji zbiorowej.<\/p>\n\n\n\n<p>-Linia N, zgodnie z pierwotnym za\u0142o\u017ceniem, zostanie przed\u0142u\u017cona z dworca do p\u0119tli Jagodno. To zapewni mieszka\u0144com Jagodna bezpo\u015brednie po\u0142\u0105czenie z centrum, Kromera i Psim Polem, a mieszka\u0144com Psiego Pola po\u0142\u0105czenie z centrum i dalej z Jagodnem.<\/p>\n\n\n\n<p>-Linie 112 i 113 zgodnie z pierwotnym za\u0142o\u017ceniem &#8211; zostan\u0105 wyd\u0142u\u017cone od Dworca G\u0142\u00f3wnego do Galerii Dominika\u0144skiej. To korzystna zmiana dla Wojszyc i O\u0142taszyna, bo zapewnia dodatkowe po\u0142\u0105czenie z w\u0119z\u0142em przesiadkowym w centrum miasta.<\/p>\n\n\n\n<p>-Linia 145 sw\u00f3j bieg zako\u0144czy na przystanku Vivaldiego, zamiast na Rondo Iwiny. Musimy wyd\u0142u\u017cy\u0107 t\u0119 zatok\u0119, by mie\u015bci\u0142y si\u0119 autobusy przegubowe.<\/p>\n\n\n\n<p>-Linia 310 zostanie wyd\u0142u\u017cona do ronda Iwiny. Autobus 310 obs\u0142ugiwany jest \u201dkr\u00f3tkimi\u201d autobusami \u2013 nie ma wi\u0119c k\u0142opot\u00f3w z kumulacj\u0105 w zatoce. Przed\u0142u\u017cenie 310 w kierunku ul. Zwyci\u0119skiej planowane jest wraz z otwarciem nowej szko\u0142y na Zwyci\u0119skiej.<\/p>\n\n\n\n<p>-Linia 133 \u2013 skorzysta z wydzielonej trasy autobusowo-tramwajowej na ulicy Bardzkiej w kierunku centrum &#8211; tak jak obecnie. Mo\u017cliwo\u015b\u0107 wprowadzenia 133 na buspas ju\u017c w rejonie Konduktorskiej zostanie uwzgl\u0119dniona w zlecanym projekcie Buforowej.<\/p>\n\n\n\n<p>-Przystanki na Jagodnie zmieni\u0105 swoje nazwy zgodnie z rekomendacj\u0105 Rady Osiedla. Przystanek \u201eKajdasza\u201d otrzyma nazw\u0119 \u201eJagodno (P+R)\u201d, przystanek \u201eJagodzi\u0144ska\u201d \u2013 \u201eKopyci\u0144skiego\u201d, \u201eLutos\u0142awskiego\u201d na \u201eMaszkowskiego\u201d. Nazwa przystanku \u201eMalinowskiego\u201d zostanie zmieniona na \u201eLutos\u0142awskiego\u201d w p\u00f3\u017aniejszym terminie.<\/p>\n\n\n\n<figure class=\"wp-block-image size-large\"><img loading=\"lazy\" decoding=\"async\" width=\"1024\" height=\"576\" src=\"http:\/\/www.tvk-gaj.pl\/~gajonline\/wp-content\/uploads\/2025\/04\/491746486_1219955599497312_3554321599786700133_n-1024x576.jpg\" alt=\"\" class=\"wp-image-15212\" srcset=\"https:\/\/online.tvk-gaj.pl\/wp-content\/uploads\/2025\/04\/491746486_1219955599497312_3554321599786700133_n-1024x576.jpg 1024w, https:\/\/online.tvk-gaj.pl\/wp-content\/uploads\/2025\/04\/491746486_1219955599497312_3554321599786700133_n-300x169.jpg 300w, https:\/\/online.tvk-gaj.pl\/wp-content\/uploads\/2025\/04\/491746486_1219955599497312_3554321599786700133_n-768x432.jpg 768w, https:\/\/online.tvk-gaj.pl\/wp-content\/uploads\/2025\/04\/491746486_1219955599497312_3554321599786700133_n-1536x864.jpg 1536w, https:\/\/online.tvk-gaj.pl\/wp-content\/uploads\/2025\/04\/491746486_1219955599497312_3554321599786700133_n.jpg 1920w\" sizes=\"auto, (max-width: 1024px) 100vw, 1024px\" \/><\/figure>\n\n\n\n<figure class=\"wp-block-image size-large\"><img loading=\"lazy\" decoding=\"async\" width=\"1024\" height=\"576\" src=\"http:\/\/www.tvk-gaj.pl\/~gajonline\/wp-content\/uploads\/2025\/04\/491137510_1219955689497303_8554371935007969951_n-1024x576.jpg\" alt=\"\" class=\"wp-image-15210\" srcset=\"https:\/\/online.tvk-gaj.pl\/wp-content\/uploads\/2025\/04\/491137510_1219955689497303_8554371935007969951_n-1024x576.jpg 1024w, https:\/\/online.tvk-gaj.pl\/wp-content\/uploads\/2025\/04\/491137510_1219955689497303_8554371935007969951_n-300x169.jpg 300w, https:\/\/online.tvk-gaj.pl\/wp-content\/uploads\/2025\/04\/491137510_1219955689497303_8554371935007969951_n-768x432.jpg 768w, https:\/\/online.tvk-gaj.pl\/wp-content\/uploads\/2025\/04\/491137510_1219955689497303_8554371935007969951_n-1536x864.jpg 1536w, https:\/\/online.tvk-gaj.pl\/wp-content\/uploads\/2025\/04\/491137510_1219955689497303_8554371935007969951_n.jpg 1920w\" sizes=\"auto, (max-width: 1024px) 100vw, 1024px\" \/><\/figure>\n\n\n\n<figure class=\"wp-block-image size-large\"><img loading=\"lazy\" decoding=\"async\" width=\"1024\" height=\"576\" src=\"http:\/\/www.tvk-gaj.pl\/~gajonline\/wp-content\/uploads\/2025\/04\/491262661_1219955602830645_130138545742632931_n-1024x576.jpg\" alt=\"\" class=\"wp-image-15211\" srcset=\"https:\/\/online.tvk-gaj.pl\/wp-content\/uploads\/2025\/04\/491262661_1219955602830645_130138545742632931_n-1024x576.jpg 1024w, https:\/\/online.tvk-gaj.pl\/wp-content\/uploads\/2025\/04\/491262661_1219955602830645_130138545742632931_n-300x169.jpg 300w, https:\/\/online.tvk-gaj.pl\/wp-content\/uploads\/2025\/04\/491262661_1219955602830645_130138545742632931_n-768x432.jpg 768w, https:\/\/online.tvk-gaj.pl\/wp-content\/uploads\/2025\/04\/491262661_1219955602830645_130138545742632931_n-1536x864.jpg 1536w, https:\/\/online.tvk-gaj.pl\/wp-content\/uploads\/2025\/04\/491262661_1219955602830645_130138545742632931_n.jpg 1920w\" sizes=\"auto, (max-width: 1024px) 100vw, 1024px\" \/><\/figure>\n\n\n\n<figure class=\"wp-block-image size-large\"><img loading=\"lazy\" decoding=\"async\" width=\"1024\" height=\"576\" src=\"http:\/\/www.tvk-gaj.pl\/~gajonline\/wp-content\/uploads\/2025\/04\/491573753_1219955656163973_4430588335143512404_n-1024x576.jpg\" alt=\"\" class=\"wp-image-15213\" srcset=\"https:\/\/online.tvk-gaj.pl\/wp-content\/uploads\/2025\/04\/491573753_1219955656163973_4430588335143512404_n-1024x576.jpg 1024w, https:\/\/online.tvk-gaj.pl\/wp-content\/uploads\/2025\/04\/491573753_1219955656163973_4430588335143512404_n-300x169.jpg 300w, https:\/\/online.tvk-gaj.pl\/wp-content\/uploads\/2025\/04\/491573753_1219955656163973_4430588335143512404_n-768x432.jpg 768w, https:\/\/online.tvk-gaj.pl\/wp-content\/uploads\/2025\/04\/491573753_1219955656163973_4430588335143512404_n-1536x864.jpg 1536w, https:\/\/online.tvk-gaj.pl\/wp-content\/uploads\/2025\/04\/491573753_1219955656163973_4430588335143512404_n.jpg 1920w\" sizes=\"auto, (max-width: 1024px) 100vw, 1024px\" \/><\/figure>\n\n\n\n<figure class=\"wp-block-image size-large\"><img loading=\"lazy\" decoding=\"async\" width=\"1024\" height=\"576\" src=\"http:\/\/www.tvk-gaj.pl\/~gajonline\/wp-content\/uploads\/2025\/04\/491885642_1219955662830639_1410313422827099268_n-1024x576.jpg\" alt=\"\" class=\"wp-image-15214\" srcset=\"https:\/\/online.tvk-gaj.pl\/wp-content\/uploads\/2025\/04\/491885642_1219955662830639_1410313422827099268_n-1024x576.jpg 1024w, https:\/\/online.tvk-gaj.pl\/wp-content\/uploads\/2025\/04\/491885642_1219955662830639_1410313422827099268_n-300x169.jpg 300w, https:\/\/online.tvk-gaj.pl\/wp-content\/uploads\/2025\/04\/491885642_1219955662830639_1410313422827099268_n-768x432.jpg 768w, https:\/\/online.tvk-gaj.pl\/wp-content\/uploads\/2025\/04\/491885642_1219955662830639_1410313422827099268_n-1536x864.jpg 1536w, https:\/\/online.tvk-gaj.pl\/wp-content\/uploads\/2025\/04\/491885642_1219955662830639_1410313422827099268_n.jpg 1920w\" sizes=\"auto, (max-width: 1024px) 100vw, 1024px\" \/><\/figure>\n\n\n\n<figure class=\"wp-block-image size-large\"><img loading=\"lazy\" decoding=\"async\" width=\"1024\" height=\"576\" src=\"http:\/\/www.tvk-gaj.pl\/~gajonline\/wp-content\/uploads\/2025\/04\/491973091_1219955692830636_8148798639593393180_n-1024x576.jpg\" alt=\"\" class=\"wp-image-15215\" srcset=\"https:\/\/online.tvk-gaj.pl\/wp-content\/uploads\/2025\/04\/491973091_1219955692830636_8148798639593393180_n-1024x576.jpg 1024w, https:\/\/online.tvk-gaj.pl\/wp-content\/uploads\/2025\/04\/491973091_1219955692830636_8148798639593393180_n-300x169.jpg 300w, https:\/\/online.tvk-gaj.pl\/wp-content\/uploads\/2025\/04\/491973091_1219955692830636_8148798639593393180_n-768x432.jpg 768w, https:\/\/online.tvk-gaj.pl\/wp-content\/uploads\/2025\/04\/491973091_1219955692830636_8148798639593393180_n-1536x864.jpg 1536w, https:\/\/online.tvk-gaj.pl\/wp-content\/uploads\/2025\/04\/491973091_1219955692830636_8148798639593393180_n.jpg 1920w\" sizes=\"auto, (max-width: 1024px) 100vw, 1024px\" \/><\/figure>\n\n\n\n<p>\u017ar\u00f3d\u0142o : <a href=\"https:\/\/www.facebook.com\/sutrykjacek\" data-type=\"URL\" data-id=\"https:\/\/www.facebook.com\/sutrykjacek\">https:\/\/www.facebook.com\/sutrykjacek<\/a><\/p>\n","protected":false},"excerpt":{"rendered":"<p>5 maja we Wroc\u0142awiu \u2013 w zwi\u0105zku z otwarciem wydzielonego korytarza dla autobus\u00f3w na Jagodno &#8211; uruchomiona zostanie te\u017c nowa siatka po\u0142\u0105cze\u0144. to najwa\u017cniejsze punkty uwzgl\u0119dnione na pro\u015bb\u0119 mieszka\u0144c\u00f3w przy organizowaniu nowej siatki po\u0142\u0105cze\u0144. -Linia 110 pozostanie na obecnej trasie &#8211; Rondo Iwiny \u2013 Galeria Dominika\u0144ska i tutaj zako\u0144czy przejazd. Linia 149 pozostanie bez zmian [&hellip;]<\/p>\n","protected":false},"author":3,"featured_media":15216,"comment_status":"open","ping_status":"open","sticky":false,"template":"","format":"standard","meta":{"footnotes":""},"categories":[14,12],"tags":[112,554],"class_list":["post-15209","post","type-post","status-publish","format-standard","has-post-thumbnail","hentry","category-aktualnosci","category-artykuly","tag-gaj","tag-jagodno"],"_links":{"self":[{"href":"https:\/\/online.tvk-gaj.pl\/index.php?rest_route=\/wp\/v2\/posts\/15209","targetHints":{"allow":["GET"]}}],"collection":[{"href":"https:\/\/online.tvk-gaj.pl\/index.php?rest_route=\/wp\/v2\/posts"}],"about":[{"href":"https:\/\/online.tvk-gaj.pl\/index.php?rest_route=\/wp\/v2\/types\/post"}],"author":[{"embeddable":true,"href":"https:\/\/online.tvk-gaj.pl\/index.php?rest_route=\/wp\/v2\/users\/3"}],"replies":[{"embeddable":true,"href":"https:\/\/online.tvk-gaj.pl\/index.php?rest_route=%2Fwp%2Fv2%2Fcomments&post=15209"}],"version-history":[{"count":2,"href":"https:\/\/online.tvk-gaj.pl\/index.php?rest_route=\/wp\/v2\/posts\/15209\/revisions"}],"predecessor-version":[{"id":15218,"href":"https:\/\/online.tvk-gaj.pl\/index.php?rest_route=\/wp\/v2\/posts\/15209\/revisions\/15218"}],"wp:featuredmedia":[{"embeddable":true,"href":"https:\/\/online.tvk-gaj.pl\/index.php?rest_route=\/wp\/v2\/media\/15216"}],"wp:attachment":[{"href":"https:\/\/online.tvk-gaj.pl\/index.php?rest_route=%2Fwp%2Fv2%2Fmedia&parent=15209"}],"wp:term":[{"taxonomy":"category","embeddable":true,"href":"https:\/\/online.tvk-gaj.pl\/index.php?rest_route=%2Fwp%2Fv2%2Fcategories&post=15209"},{"taxonomy":"post_tag","embeddable":true,"href":"https:\/\/online.tvk-gaj.pl\/index.php?rest_route=%2Fwp%2Fv2%2Ftags&post=15209"}],"curies":[{"name":"wp","href":"https:\/\/api.w.org\/{rel}","templated":true}]}}