{"id":15219,"date":"2025-04-16T16:10:50","date_gmt":"2025-04-16T14:10:50","guid":{"rendered":"http:\/\/www.tvk-gaj.pl\/~gajonline\/?p=15219"},"modified":"2025-04-16T16:10:50","modified_gmt":"2025-04-16T14:10:50","slug":"wesolych-swiat-wielkiej-nocy","status":"publish","type":"post","link":"https:\/\/online.tvk-gaj.pl\/?p=15219","title":{"rendered":"Weso\u0142ych \u015awi\u0105t Wielkiej Nocy !"},"content":{"rendered":"\n<p>Drodzy Mieszka\u0144cy Osiedla Gaj,<\/p>\n\n\n\n<p>Z <a><\/a>ca\u0142ego serca \u017cyczymy Wam radosnych, rodzinnych i pe\u0142nych ciep\u0142a \u015awi\u0105t Wielkanocnych.<\/p>\n\n\n\n<p>Niech ten wyj\u0105tkowy czas nape\u0142ni Wasze domy mi\u0142o\u015bci\u0105, spokojem i nadziej\u0105, a wiosenne s\u0142o\u0144ce przyniesie nowe si\u0142y i u\u015bmiech na ka\u017cdy dzie\u0144.<\/p>\n\n\n\n<p>Niech w\u015br\u00f3d zapachu \u015bwi\u0105tecznych potraw, kolorowych pisanek i \u015bmiechu bliskich znajdzie si\u0119 miejsce na chwil\u0119 odpoczynku i refleksji.<\/p>\n\n\n\n<p>Weso\u0142ego Alleluja i radosnego \u015bwi\u0119towania!<\/p>\n\n\n\n<p>Z serdecznymi pozdrowieniami,<\/p>\n\n\n\n<p>Rada Osiedla Gaj oraz Admin GajOnline \ud83d\ude42<\/p>\n\n\n\n<figure class=\"wp-block-image size-large\"><img loading=\"lazy\" decoding=\"async\" width=\"1024\" height=\"919\" src=\"http:\/\/www.tvk-gaj.pl\/~gajonline\/wp-content\/uploads\/2025\/04\/ZYCZENIA-1024x919.jpg\" alt=\"\" class=\"wp-image-15220\" srcset=\"https:\/\/online.tvk-gaj.pl\/wp-content\/uploads\/2025\/04\/ZYCZENIA-1024x919.jpg 1024w, https:\/\/online.tvk-gaj.pl\/wp-content\/uploads\/2025\/04\/ZYCZENIA-300x269.jpg 300w, https:\/\/online.tvk-gaj.pl\/wp-content\/uploads\/2025\/04\/ZYCZENIA-768x689.jpg 768w, https:\/\/online.tvk-gaj.pl\/wp-content\/uploads\/2025\/04\/ZYCZENIA.jpg 1080w\" sizes=\"auto, (max-width: 1024px) 100vw, 1024px\" \/><\/figure>\n\n\n\n<p><\/p>\n","protected":false},"excerpt":{"rendered":"<p>Drodzy Mieszka\u0144cy Osiedla Gaj, Z ca\u0142ego serca \u017cyczymy Wam radosnych, rodzinnych i pe\u0142nych ciep\u0142a \u015awi\u0105t Wielkanocnych. Niech ten wyj\u0105tkowy czas nape\u0142ni Wasze domy mi\u0142o\u015bci\u0105, spokojem i nadziej\u0105, a wiosenne s\u0142o\u0144ce przyniesie nowe si\u0142y i u\u015bmiech na ka\u017cdy dzie\u0144. Niech w\u015br\u00f3d zapachu \u015bwi\u0105tecznych potraw, kolorowych pisanek i \u015bmiechu bliskich znajdzie si\u0119 miejsce na chwil\u0119 odpoczynku i [&hellip;]<\/p>\n","protected":false},"author":3,"featured_media":15221,"comment_status":"open","ping_status":"open","sticky":false,"template":"","format":"standard","meta":{"footnotes":""},"categories":[14,12],"tags":[112,256],"class_list":["post-15219","post","type-post","status-publish","format-standard","has-post-thumbnail","hentry","category-aktualnosci","category-artykuly","tag-gaj","tag-wielkanoc"],"_links":{"self":[{"href":"https:\/\/online.tvk-gaj.pl\/index.php?rest_route=\/wp\/v2\/posts\/15219","targetHints":{"allow":["GET"]}}],"collection":[{"href":"https:\/\/online.tvk-gaj.pl\/index.php?rest_route=\/wp\/v2\/posts"}],"about":[{"href":"https:\/\/online.tvk-gaj.pl\/index.php?rest_route=\/wp\/v2\/types\/post"}],"author":[{"embeddable":true,"href":"https:\/\/online.tvk-gaj.pl\/index.php?rest_route=\/wp\/v2\/users\/3"}],"replies":[{"embeddable":true,"href":"https:\/\/online.tvk-gaj.pl\/index.php?rest_route=%2Fwp%2Fv2%2Fcomments&post=15219"}],"version-history":[{"count":1,"href":"https:\/\/online.tvk-gaj.pl\/index.php?rest_route=\/wp\/v2\/posts\/15219\/revisions"}],"predecessor-version":[{"id":15222,"href":"https:\/\/online.tvk-gaj.pl\/index.php?rest_route=\/wp\/v2\/posts\/15219\/revisions\/15222"}],"wp:featuredmedia":[{"embeddable":true,"href":"https:\/\/online.tvk-gaj.pl\/index.php?rest_route=\/wp\/v2\/media\/15221"}],"wp:attachment":[{"href":"https:\/\/online.tvk-gaj.pl\/index.php?rest_route=%2Fwp%2Fv2%2Fmedia&parent=15219"}],"wp:term":[{"taxonomy":"category","embeddable":true,"href":"https:\/\/online.tvk-gaj.pl\/index.php?rest_route=%2Fwp%2Fv2%2Fcategories&post=15219"},{"taxonomy":"post_tag","embeddable":true,"href":"https:\/\/online.tvk-gaj.pl\/index.php?rest_route=%2Fwp%2Fv2%2Ftags&post=15219"}],"curies":[{"name":"wp","href":"https:\/\/api.w.org\/{rel}","templated":true}]}}