{"id":15263,"date":"2025-04-30T16:21:39","date_gmt":"2025-04-30T14:21:39","guid":{"rendered":"http:\/\/www.tvk-gaj.pl\/~gajonline\/?p=15263"},"modified":"2025-04-30T16:22:07","modified_gmt":"2025-04-30T14:22:07","slug":"po-majowce-otwarcie-trasy-autobusowej-na-jagodno","status":"publish","type":"post","link":"https:\/\/online.tvk-gaj.pl\/?p=15263","title":{"rendered":"Po maj\u00f3wce otwarcie trasy autobusowej na Jagodno"},"content":{"rendered":"\n<figure class=\"wp-block-image size-full\"><img loading=\"lazy\" decoding=\"async\" width=\"750\" height=\"500\" src=\"http:\/\/www.tvk-gaj.pl\/~gajonline\/wp-content\/uploads\/2025\/04\/492700363_1601867747420701_9103894685129865499_n.jpg\" alt=\"\" class=\"wp-image-15264\" srcset=\"https:\/\/online.tvk-gaj.pl\/wp-content\/uploads\/2025\/04\/492700363_1601867747420701_9103894685129865499_n.jpg 750w, https:\/\/online.tvk-gaj.pl\/wp-content\/uploads\/2025\/04\/492700363_1601867747420701_9103894685129865499_n-300x200.jpg 300w, https:\/\/online.tvk-gaj.pl\/wp-content\/uploads\/2025\/04\/492700363_1601867747420701_9103894685129865499_n-321x214.jpg 321w, https:\/\/online.tvk-gaj.pl\/wp-content\/uploads\/2025\/04\/492700363_1601867747420701_9103894685129865499_n-140x94.jpg 140w\" sizes=\"auto, (max-width: 750px) 100vw, 750px\" \/><\/figure>\n\n\n\n<p>Otwarcie trasy autobusowej na Jagodno ju\u017c 5 maja. Jest te\u017c wykonawca projektu trasy tramwajowej<\/p>\n\n\n\n<p>&#8211; Wydzielona trasa na Jagodno i w centrum na Hubskiej sprawia \u017ce autobusy z Jagodna do centrum dojad\u0105 w 13-18 minut.<\/p>\n\n\n\n<p>-Na kluczowych przystankach od p\u0119tli Jagodno w kierunku centrum miasta autobus ma odje\u017cd\u017ca\u0107 co 3 min., a w porannym szczycie nawet co 2,5.<\/p>\n\n\n\n<p>-Mieszka\u0144cy, kt\u00f3rzy b\u0119d\u0105 z niej korzysta\u0107, ze swoich dom\u00f3w b\u0119d\u0105 mieli 5 min. do przystanku.<\/p>\n\n\n\n<p>-W godzinach szczytu wszystkie linie przeje\u017cd\u017caj\u0105ce przez Jagodno b\u0119d\u0105 zabezpieczane przez 50 autobus\u00f3w. W realizacj\u0119 po\u0142\u0105cze\u0144 ka\u017cdego dnia zaanga\u017cowanych b\u0119dzie oko\u0142o 130 kierowc\u00f3w MPK Wroc\u0142aw.<\/p>\n\n\n\n<p>-Dzi\u0119ki nowej trasie mo\u017cna by\u0142o zaplanowa\u0107 now\u0105 siatk\u0119 po\u0142\u0105cze\u0144 we Wroc\u0142awiu:<\/p>\n\n\n\n<p>-Linia 148, kt\u00f3ra teraz \u0142\u0105czy Le\u015bnic\u0119 z Dworcem G\u0142\u00f3wnym PKP, zostanie przed\u0142u\u017cona z dworca do p\u0119tli Jagodno.<\/p>\n\n\n\n<p>-Linia N po\u0142\u0105czy bezpo\u015brednio Psie Pole z Jagodnem &#8211; zostanie zostanie przed\u0142u\u017cona z ul. Petrusewicza do p\u0119tli Jagodno.<\/p>\n\n\n\n<p>-Linia 145 sw\u00f3j bieg zako\u0144czy na przystanku Vivaldiego, zamiast na rondzie Iwiny.<\/p>\n\n\n\n<p>-Linia 310 zostanie natomiast wyd\u0142u\u017cona do ronda Iwiny.<\/p>\n\n\n\n<p>-Linie autobusowe 112 i 113 zostan\u0105 wyd\u0142u\u017cone od Dworca G\u0142\u00f3wnego PKP do Galerii Dominika\u0144skiej, dzi\u0119ki czemu mieszka\u0144cy Wojszyc i O\u0142taszyna zyskaj\u0105 dodatkowe po\u0142\u0105czenie z w\u0119z\u0142em przesiadkowym w centrum miasta.<\/p>\n\n\n\n<p>-Nowe rozk\u0142ady jazdy zostan\u0105 wprowadzone w nocy z 4 na 5 maja, ale ju\u017c od dzisiaj mieszka\u0144cy mog\u0105 zapozna\u0107 si\u0119 z trasami i rozk\u0142adami.<\/p>\n\n\n\n<p>-Szczeg\u00f3\u0142owe informacje dotycz\u0105ce tras znajd\u0105 Pastwo tutaj <img loading=\"lazy\" decoding=\"async\" height=\"16\" width=\"16\" src=\"https:\/\/static.xx.fbcdn.net\/images\/emoji.php\/v9\/t9e\/1\/16\/27a1.png\" alt=\"&#x27a1;&#xfe0f;\"><a rel=\"noreferrer noopener\" href=\"https:\/\/www.wroclaw.pl\/komunikacja\/trasa-autobusowa-na-jagodno-otwarta-od-5-maja-nowe-trasy?fbclid=IwZXh0bgNhZW0CMTAAYnJpZBEweGZZMVZSY1VaS1VBcThLeAEenoFtbXkT6E4DxQHKfBiaTz0IBNnKTqnWjnKuzWv5fwIQVGdE_J78umxPWek_aem_TVdK3qIkqqeLJcXvN5duLQ\" target=\"_blank\">https:\/\/www.wroclaw.pl\/&#8230;\/trasa-autobusowa-na-jagodno&#8230;<\/a><\/p>\n\n\n\n<p>-Na przystankach rozwiesimy te\u017c plakaty z QR-kodem odsy\u0142aj\u0105cym do najwa\u017cniejszych zmian. A dzie\u0144 przed ich wprowadzeniem \u2013 czyli w nocy z 4 na 5 maja &#8211; dok\u0142adna rozpiska zostanie umieszczona na przystankach.<\/p>\n\n\n\n<p>-Wa\u017cne, by pasa\u017cerowie zwr\u00f3cili uwag\u0119 na zmiany w trasach przejazd\u00f3w konkretnych linii, w tym perony przystankowe, z kt\u00f3rych autobusy b\u0119d\u0105 odje\u017cd\u017ca\u0142y. Ze szczeg\u00f3lnym uwzgl\u0119dnieniem kluczowych punkt\u00f3w \u2013 p\u0119tli przy Kajdasza czy nowych peron\u00f3w przy al. S\u0142owackiego w pobli\u017cu Galerii Dominika\u0144skiej.<\/p>\n\n\n\n<p>-Na uruchomieniu wydzielonego korytarza autobusowego na Jagodno zyskaj\u0105 te\u017c kierowcy. Zmieniona zostanie obecna organizacja ruchu \u2013 obecny buspas do centrum na \u201estarej Buforowej\u201d zostanie zlikwidowany i kierowcy b\u0119d\u0105 mogli nim pojecha\u0107.<\/p>\n\n\n\n<p>-To nie koniec dobrych informacji. Wroc\u0142awskie Inwestycje wybra\u0142y wykonawc\u0119 dokumentacji projektowej dla rozbudowy ul. Buforowej o kolejn\u0105 infrastruktur\u0119 drogow\u0105 po stronie wschodniej i przede wszystkim zaprojektowania trasy tramwajowej z przeci\u0119ciem linii kolejowej. Koszt tego zadania to 3 808 941,00 z\u0142 brutto. Projektant od momentu podpisania umowy b\u0119dzie mia\u0142 18 miesi\u0119cy na przygotowanie dokumentacji.<\/p>\n\n\n\n<p>\u017ar\u00f3d\u0142o : <a href=\"https:\/\/www.facebook.com\/wroclawskieinwestycje\">https:\/\/www.facebook.com\/wroclawskieinwestycje<\/a><\/p>\n","protected":false},"excerpt":{"rendered":"<p>Otwarcie trasy autobusowej na Jagodno ju\u017c 5 maja. Jest te\u017c wykonawca projektu trasy tramwajowej &#8211; Wydzielona trasa na Jagodno i w centrum na Hubskiej sprawia \u017ce autobusy z Jagodna do centrum dojad\u0105 w 13-18 minut. -Na kluczowych przystankach od p\u0119tli Jagodno w kierunku centrum miasta autobus ma odje\u017cd\u017ca\u0107 co 3 min., a w porannym szczycie [&hellip;]<\/p>\n","protected":false},"author":3,"featured_media":15264,"comment_status":"open","ping_status":"open","sticky":false,"template":"","format":"standard","meta":{"footnotes":""},"categories":[14,12],"tags":[112,554],"class_list":["post-15263","post","type-post","status-publish","format-standard","has-post-thumbnail","hentry","category-aktualnosci","category-artykuly","tag-gaj","tag-jagodno"],"_links":{"self":[{"href":"https:\/\/online.tvk-gaj.pl\/index.php?rest_route=\/wp\/v2\/posts\/15263","targetHints":{"allow":["GET"]}}],"collection":[{"href":"https:\/\/online.tvk-gaj.pl\/index.php?rest_route=\/wp\/v2\/posts"}],"about":[{"href":"https:\/\/online.tvk-gaj.pl\/index.php?rest_route=\/wp\/v2\/types\/post"}],"author":[{"embeddable":true,"href":"https:\/\/online.tvk-gaj.pl\/index.php?rest_route=\/wp\/v2\/users\/3"}],"replies":[{"embeddable":true,"href":"https:\/\/online.tvk-gaj.pl\/index.php?rest_route=%2Fwp%2Fv2%2Fcomments&post=15263"}],"version-history":[{"count":2,"href":"https:\/\/online.tvk-gaj.pl\/index.php?rest_route=\/wp\/v2\/posts\/15263\/revisions"}],"predecessor-version":[{"id":15266,"href":"https:\/\/online.tvk-gaj.pl\/index.php?rest_route=\/wp\/v2\/posts\/15263\/revisions\/15266"}],"wp:featuredmedia":[{"embeddable":true,"href":"https:\/\/online.tvk-gaj.pl\/index.php?rest_route=\/wp\/v2\/media\/15264"}],"wp:attachment":[{"href":"https:\/\/online.tvk-gaj.pl\/index.php?rest_route=%2Fwp%2Fv2%2Fmedia&parent=15263"}],"wp:term":[{"taxonomy":"category","embeddable":true,"href":"https:\/\/online.tvk-gaj.pl\/index.php?rest_route=%2Fwp%2Fv2%2Fcategories&post=15263"},{"taxonomy":"post_tag","embeddable":true,"href":"https:\/\/online.tvk-gaj.pl\/index.php?rest_route=%2Fwp%2Fv2%2Ftags&post=15263"}],"curies":[{"name":"wp","href":"https:\/\/api.w.org\/{rel}","templated":true}]}}