{"id":15267,"date":"2025-04-30T16:29:00","date_gmt":"2025-04-30T14:29:00","guid":{"rendered":"http:\/\/www.tvk-gaj.pl\/~gajonline\/?p=15267"},"modified":"2025-04-30T16:29:01","modified_gmt":"2025-04-30T14:29:01","slug":"test-trasy-na-jagodno","status":"publish","type":"post","link":"https:\/\/online.tvk-gaj.pl\/?p=15267","title":{"rendered":"Test trasy na Jagodno"},"content":{"rendered":"\n<p>Test wypad\u0142 bardzo dobrze! Od poniedzia\u0142ku 5 maja autobusy pojad\u0105 na Jagodno wydzielon\u0105 tras\u0105 zarezerwowan\u0105 dla komunikacji zbiorowej! Trasa liczy 2,7 kilometra i b<a><\/a>\u0119d\u0105 ni\u0105 kursowa\u0142y co kilka minut autobusy, a w przysz\u0142o\u015bci tak\u017ce tramwaje.<img loading=\"lazy\" decoding=\"async\" height=\"16\" width=\"16\" alt=\"&#x1f44f;\" src=\"https:\/\/static.xx.fbcdn.net\/images\/emoji.php\/v9\/tfe\/1\/16\/1f44f.png\"><\/p>\n\n\n\n<p>\u2013 Otwarcie korytarza autobusowego to strategiczny krok dla Jagodna. Wydzielona trasa nie tylko tu, ale r\u00f3wnie\u017c na ulicy Hubskiej sprawi \u017ce autobusy z Jagodna do centrum dojad\u0105 w 13-18 minut. To co tu wida\u0107 budowali\u015bmy 18 miesi\u0119cy. Kosztowa\u0142o oko\u0142o 50 milion\u00f3w z\u0142otych. Mieszka\u0144cy Jagodna na kluczowych przystankach od p\u0119tli Jagodno w kierunku centrum miasta b\u0119d\u0105 mieli autobus co 3 minuty, a w porannym szczycie nawet co 2,5 minuty \u2013 m\u00f3wi Renata Granowska, wiceprezydentka Wroc\u0142awia.<\/p>\n\n\n\n<p><img loading=\"lazy\" decoding=\"async\" height=\"16\" width=\"16\" alt=\"&#x1f68c;\" src=\"https:\/\/static.xx.fbcdn.net\/images\/emoji.php\/v9\/t79\/1\/16\/1f68c.png\"><img loading=\"lazy\" decoding=\"async\" height=\"16\" width=\"16\" alt=\"&#x1f683;\" src=\"https:\/\/static.xx.fbcdn.net\/images\/emoji.php\/v9\/t49\/1\/16\/1f683.png\">Na trasie zaprojektowano i wykonano 5 par przystank\u00f3w. Powsta\u0142y na wysoko\u015bci cmentarza przy ul. Bardzkiej, ul. Terenowej, ul. Konduktorskiej, ul. Malinowskiego\/Lutos\u0142awskiego, ul. Kopyci\u0144skiego. P\u0119tla natomiast zosta\u0142a wybudowana przy ul. Kajdasza, a przy niej park and ride na 57 aut oraz zadaszony parking dla rower\u00f3w.<\/p>\n\n\n\n<p><img loading=\"lazy\" decoding=\"async\" height=\"16\" width=\"16\" alt=\"&#x1f683;\" src=\"https:\/\/static.xx.fbcdn.net\/images\/emoji.php\/v9\/t49\/1\/16\/1f683.png\">Geometrycznie trasa jest przystosowana do u\u0142o\u017cenia w przesz\u0142o\u015bci w jej \u015bladzie torowiska tramwajowego. \u2013 Cz\u0119\u015b\u0107 s\u0142up\u00f3w trakcyjnych zosta\u0142a ju\u017c ustawiona, w innych miejscach zosta\u0142y zachowane na nie rezerwy. Na trasie \u0142uki trasy s\u0105 odpowiednio dostosowane r\u00f3wnie\u017c do przysz\u0142ego kursowania tramwaj\u00f3w, perony przystankowe spe\u0142niaj\u0105 ju\u017c normy zar\u00f3wno dla autobus\u00f3w, jak i tramwaj\u00f3w. Podbudowa pod korytarz jest betonowa przygotowana pod obci\u0105\u017cenia tramwajami \u2013 wyja\u015bnia Piotr Pa\u015b, prezes Wroc\u0142awskich Inwestycji. \u2013 To nie koniec dobrych informacji dla Jagodna. Wybrali\u015bmy wykonawc\u0119 dokumentacji projektowej dla rozbudowy ul. Buforowej o kolejn\u0105 infrastruktur\u0119 drogow\u0105 po stronie wschodniej i przede wszystkim zaprojektowania trasy tramwajowej z przeci\u0119ciem linii kolejowej. Kosz zadania 3 808 941,00 z\u0142 brutto. Projektant od momentu podpisania umowy b\u0119dzie mia\u0142 18 miesi\u0119cy na przygotowanie dokumentacji.<\/p>\n\n\n\n<p><img loading=\"lazy\" decoding=\"async\" height=\"16\" width=\"16\" alt=\"&#x1f68c;\" src=\"https:\/\/static.xx.fbcdn.net\/images\/emoji.php\/v9\/t79\/1\/16\/1f68c.png\">Dzi\u0119ki nowej trasie mo\u017cna by\u0142o zaplanowa\u0107 now\u0105 siatk\u0119 po\u0142\u0105cze\u0144 we Wroc\u0142awiu i Jagodno zyska bezpo\u015brednie po\u0142\u0105czenia autobusowe z wa\u017cnymi punktami w mie\u015bcie.<\/p>\n\n\n\n<p>\u2013 Linia 148, kt\u00f3ra teraz \u0142\u0105czy Le\u015bnic\u0119 z Dworcem G\u0142\u00f3wnym PKP, zostanie przed\u0142u\u017cona z dworca do p\u0119tli Jagodno. Zapewnieni to wyczekiwane przez mieszka\u0144c\u00f3w bezpo\u015brednie po\u0142\u0105czenie Jagodna z zachodni\u0105 cz\u0119\u015bci\u0105 miasta. Linia N zostanie natomiast zostanie przed\u0142u\u017cona z ul. Petrusewicza do p\u0119tli Jagodno. To zapewni z kolei mieszka\u0144com Jagodna i Psiego Pola bezpo\u015brednie po\u0142\u0105czenie. Warto doda\u0107, \u017ce linia 110 zostanie na swojej trasie i te\u017c b\u0119dzie korzysta\u0107 z nowego korytarza \u2013 m\u00f3wi Monika Koz\u0142owska-\u015awi\u0119conek, dyrektorka Biura Zr\u00f3wnowa\u017conej Mobilno\u015bci w Urz\u0119dzie Miasta.<\/p>\n\n\n\n<p><img loading=\"lazy\" decoding=\"async\" height=\"16\" width=\"16\" alt=\"&#x1f4cd;\" src=\"https:\/\/static.xx.fbcdn.net\/images\/emoji.php\/v9\/t2d\/1\/16\/1f4cd.png\">Oddanie tak wa\u017cnego zadania komunikacyjnego wymaga dostosowania i zmian w uk\u0142adzie linii &#8211; po to, by maksymalnie wykorzysta\u0107 potencja\u0142 inwestycji. Z nowego uk\u0142adu korzysta\u0107 b\u0119d\u0105 linie MPK ale te\u017c linie aglomeracyjne.<\/p>\n\n\n\n<p>\u2013 Nowe rozk\u0142ady jazdy zostan\u0105 wprowadzone w nocy z 4 na 5 maja. Ju\u017c od dzisiaj mieszka\u0144cy mog\u0105 zapozna\u0107 si\u0119 z trasami i rozk\u0142adami na stronach <a href=\"https:\/\/l.facebook.com\/l.php?u=http%3A%2F%2Fwroclaw.pl%2F%3Ffbclid%3DIwZXh0bgNhZW0CMTAAYnJpZBEweGZZMVZSY1VaS1VBcThLeAEe4C35085NETjY1fKdTPsAgndJDbr7OhPtqFYVbcL9mlaMSlr2eeQnhWVvvyo_aem_XE72DYDpDVDHXC-95lALVA&amp;h=AT07XMBNtY-YhT1fQT-eDspX6eyxAevSx-FarU_v78Yjc6AYzSo7tksTvAFqgq2BSRSmGJJNv874W7qlLBeh-sLMg62C8cNf8CfKEoATzbNszDpsATcLKjUvthNtB4VyheLLigNP35WSKXlG&amp;__tn__=-UK-R&amp;c[0]=AT2cRvOB4e514u3dLwHA6VvURsjjefEL7tbpn-VsTeFNeAcW8XGNlViuaWIrNVmtv2KFmjXRbCXNokByMMqe60Q_Hhw_f7CQlAomPQpDXRz7fTP3S9CpgWA37MV8ZP3w4_y5vhBBww_ldxvwz6yW4tbS37MQQ0n5Bqc8Rnq4Z0CJn27SwHbz63sRJ-vqvPkGrCGn-Z5kn3n7QqafTVOXQz_fw5PA\" rel=\"noreferrer noopener\" target=\"_blank\">wroclaw.pl<\/a> i w aplikacjach. Wydzia\u0142 Transportu na przystankach rozwiesi plakaty z QR-kodem odsy\u0142aj\u0105cym do najwa\u017cniejszych zmian. Jak zawsze dzie\u0144 przed ich wprowadzeniem, czyli w nocy z 4 na 5 maja zostan\u0105 one umieszczone na przystankach. Wa\u017cne, by pasa\u017cerowie zwr\u00f3cili uwag\u0119 na zmiany w trasach przejazd\u00f3w konkretnych linii, w tym perony przystankowe, z kt\u00f3rych autobusy b\u0119d\u0105 odje\u017cd\u017ca\u0142y. Ze szczeg\u00f3lnym uwzgl\u0119dnieniem kluczowych punkt\u00f3w p\u0119tli przy Kajdasza, czy nowych peron\u00f3w przy al. S\u0142owackiego w pobli\u017cu Galerii Dominika\u0144skiej \u2013 m\u00f3wi Paulina Tyniec-Piszcz, dyrektorka Wydzia\u0142u Transportu w Urz\u0119dzie Miasta.<\/p>\n\n\n\n<p><img loading=\"lazy\" decoding=\"async\" height=\"16\" width=\"16\" alt=\"&#x1f68c;\" src=\"https:\/\/static.xx.fbcdn.net\/images\/emoji.php\/v9\/t79\/1\/16\/1f68c.png\">Takie zmiany to du\u017ce zaanga\u017cowanie dodatkowe MPK. Zar\u00f3wno pracownik\u00f3w, jak i sprz\u0119tu.<\/p>\n\n\n\n<p>\u2013 Obs\u0142uga nowego uk\u0142adu komunikacyjnego to ogromne przedsi\u0119wzi\u0119cie logistyczne. W godzinach szczytu wszystkie linie przeje\u017cd\u017caj\u0105ce przez Jagodno b\u0119d\u0105 zabezpieczane przez 50 autobus\u00f3w, kursuj\u0105cych co oko\u0142o 3 minuty. W realizacj\u0119 po\u0142\u0105cze\u0144 ka\u017cdego dnia zaanga\u017cowanych b\u0119dzie oko\u0142o 130 kierowc\u00f3w MPK Wroc\u0142aw, a nad bezpiecze\u0144stwem i sprawno\u015bci\u0105 taboru czuwa\u0107 b\u0119dzie blisko 150 pracownik\u00f3w obs\u0142ugi technicznej naszej zajezdni \u2013 zdradza Witold Wo\u017any, prezes MPK<\/p>\n\n\n\n<p><img loading=\"lazy\" decoding=\"async\" height=\"16\" width=\"16\" alt=\"&#x1f698;\" src=\"https:\/\/static.xx.fbcdn.net\/images\/emoji.php\/v9\/t6d\/1\/16\/1f698.png\"><img loading=\"lazy\" decoding=\"async\" height=\"16\" width=\"16\" alt=\"&#x1f68c;\" src=\"https:\/\/static.xx.fbcdn.net\/images\/emoji.php\/v9\/t79\/1\/16\/1f68c.png\">Na uruchomieniu wydzielonego korytarza autobusowego na Jagodno zyskaj\u0105 nie tylko pasa\u017cerowie, ale r\u00f3wnie\u017c kierowcy. Zmieniona zostanie obecna organizacja ruchu. Obecny buspas do centrum na \u201estarej Buforowej\u201d zostanie zlikwidowany i b\u0119d\u0105 nim mogli jecha\u0107 kierowcy samochod\u00f3w osobowych.<\/p>\n\n\n\n<p>\u2013 Tam gdzie jest to mo\u017cliwe wprowadzimy tak\u017ce lokalny ruch dwukierunkowy. Na ca\u0142ej d\u0142ugo\u015bci \u201estarej Buforowej\u201d mo\u017cliwa b\u0119dzie jazda kierunku centrum \u2013 deklaruje Elwira Nowak, dyrektorka Wydzia\u0142u In\u017cynierii Miejskiej.<\/p>\n\n\n\n<p>Zlikwidowany zostanie buspas na jezdni g\u0142\u00f3wnej ulicy Buforowej obecnie funkcjonuj\u0105cy na odcinku od zjazdu z jedni bocznej przed skrzy\u017cowaniem z ul. Konduktorsk\u0105 do wjazdu na torowisko przed skrzy\u017cowaniem z ul. \u015awieradowsk\u0105. Jezdnia boczna ulicy Buforowej na odcinkach, na kt\u00f3rych obecnie przeznaczona by\u0142a wy\u0142\u0105cznie dla komunikacji autobusowej zostanie udost\u0119pniona dla ruchu og\u00f3lnego. Kierowcy b\u0119d\u0105 mogli wjecha\u0107 w jezdni\u0119 boczn\u0105 ulicy Buforowej od strony skrzy\u017cowania z ulic\u0105 Strawi\u0144skiego i dalej przejecha\u0107 t\u0105 jezdni\u0105 a\u017c do wyjazdu na skrzy\u017cowanie z ul. Konduktorsk\u0105. Boczna ulica Buforowej b\u0119dzie jednokierunkowa na odcinku od ulicy Malinowskiego do zjazdu przed skrzy\u017cowaniem z ul. Konduktorsk\u0105 &#8211; tak ja teraz, jednak od 5 maja b\u0119d\u0105 mog\u0142y pojecha\u0107 ni\u0105 wszystkie pojazdy, a nie tylko autobusy. Na odcinku od Malinowskiego do ul. Granicznej (Iwiny) b\u0119dzie dwukierunkowa z ruchem dla wszystkich. A na odcinku od wjazdu na od wjazdu na jezdni\u0119 boczn\u0105 od granic miasta do ulicy Granicznej (Iwiny) &#8211; pozostaje jednokierunkowa, tak jak ma to miejsce obecnie.<\/p>\n\n\n\n<figure class=\"wp-block-image size-large\"><img loading=\"lazy\" decoding=\"async\" width=\"1024\" height=\"683\" src=\"http:\/\/www.tvk-gaj.pl\/~gajonline\/wp-content\/uploads\/2025\/04\/494431865_1018579673723675_4116410850450335428_n-1024x683.jpg\" alt=\"\" class=\"wp-image-15268\" srcset=\"https:\/\/online.tvk-gaj.pl\/wp-content\/uploads\/2025\/04\/494431865_1018579673723675_4116410850450335428_n-1024x683.jpg 1024w, https:\/\/online.tvk-gaj.pl\/wp-content\/uploads\/2025\/04\/494431865_1018579673723675_4116410850450335428_n-300x200.jpg 300w, https:\/\/online.tvk-gaj.pl\/wp-content\/uploads\/2025\/04\/494431865_1018579673723675_4116410850450335428_n-768x512.jpg 768w, https:\/\/online.tvk-gaj.pl\/wp-content\/uploads\/2025\/04\/494431865_1018579673723675_4116410850450335428_n-1536x1024.jpg 1536w, https:\/\/online.tvk-gaj.pl\/wp-content\/uploads\/2025\/04\/494431865_1018579673723675_4116410850450335428_n-321x214.jpg 321w, https:\/\/online.tvk-gaj.pl\/wp-content\/uploads\/2025\/04\/494431865_1018579673723675_4116410850450335428_n-140x94.jpg 140w, https:\/\/online.tvk-gaj.pl\/wp-content\/uploads\/2025\/04\/494431865_1018579673723675_4116410850450335428_n.jpg 2048w\" sizes=\"auto, (max-width: 1024px) 100vw, 1024px\" \/><\/figure>\n\n\n\n<figure class=\"wp-block-image size-large\"><img loading=\"lazy\" decoding=\"async\" width=\"1024\" height=\"683\" src=\"http:\/\/www.tvk-gaj.pl\/~gajonline\/wp-content\/uploads\/2025\/04\/494272523_1018579540390355_6061608347022902628_n-1024x683.jpg\" alt=\"\" class=\"wp-image-15270\" srcset=\"https:\/\/online.tvk-gaj.pl\/wp-content\/uploads\/2025\/04\/494272523_1018579540390355_6061608347022902628_n-1024x683.jpg 1024w, https:\/\/online.tvk-gaj.pl\/wp-content\/uploads\/2025\/04\/494272523_1018579540390355_6061608347022902628_n-300x200.jpg 300w, https:\/\/online.tvk-gaj.pl\/wp-content\/uploads\/2025\/04\/494272523_1018579540390355_6061608347022902628_n-768x512.jpg 768w, https:\/\/online.tvk-gaj.pl\/wp-content\/uploads\/2025\/04\/494272523_1018579540390355_6061608347022902628_n-1536x1024.jpg 1536w, https:\/\/online.tvk-gaj.pl\/wp-content\/uploads\/2025\/04\/494272523_1018579540390355_6061608347022902628_n-321x214.jpg 321w, https:\/\/online.tvk-gaj.pl\/wp-content\/uploads\/2025\/04\/494272523_1018579540390355_6061608347022902628_n-140x94.jpg 140w, https:\/\/online.tvk-gaj.pl\/wp-content\/uploads\/2025\/04\/494272523_1018579540390355_6061608347022902628_n.jpg 2048w\" sizes=\"auto, (max-width: 1024px) 100vw, 1024px\" \/><\/figure>\n\n\n\n<figure class=\"wp-block-image size-large\"><img loading=\"lazy\" decoding=\"async\" width=\"683\" height=\"1024\" src=\"http:\/\/www.tvk-gaj.pl\/~gajonline\/wp-content\/uploads\/2025\/04\/494113483_1018579227057053_1006581927267554268_n-683x1024.jpg\" alt=\"\" class=\"wp-image-15269\" srcset=\"https:\/\/online.tvk-gaj.pl\/wp-content\/uploads\/2025\/04\/494113483_1018579227057053_1006581927267554268_n-683x1024.jpg 683w, https:\/\/online.tvk-gaj.pl\/wp-content\/uploads\/2025\/04\/494113483_1018579227057053_1006581927267554268_n-200x300.jpg 200w, https:\/\/online.tvk-gaj.pl\/wp-content\/uploads\/2025\/04\/494113483_1018579227057053_1006581927267554268_n-768x1152.jpg 768w, https:\/\/online.tvk-gaj.pl\/wp-content\/uploads\/2025\/04\/494113483_1018579227057053_1006581927267554268_n-1024x1536.jpg 1024w, https:\/\/online.tvk-gaj.pl\/wp-content\/uploads\/2025\/04\/494113483_1018579227057053_1006581927267554268_n.jpg 1365w\" sizes=\"auto, (max-width: 683px) 100vw, 683px\" \/><\/figure>\n\n\n\n<p>\u017ar\u00f3d\u0142o : <a href=\"https:\/\/www.facebook.com\/wroclawskieinwestycje\">https:\/\/www.facebook.com\/wroclawskieinwestycje<\/a><\/p>\n","protected":false},"excerpt":{"rendered":"<p>Test wypad\u0142 bardzo dobrze! Od poniedzia\u0142ku 5 maja autobusy pojad\u0105 na Jagodno wydzielon\u0105 tras\u0105 zarezerwowan\u0105 dla komunikacji zbiorowej! Trasa liczy 2,7 kilometra i b\u0119d\u0105 ni\u0105 kursowa\u0142y co kilka minut autobusy, a w przysz\u0142o\u015bci tak\u017ce tramwaje. \u2013 Otwarcie korytarza autobusowego to strategiczny krok dla Jagodna. Wydzielona trasa nie tylko tu, ale r\u00f3wnie\u017c na ulicy Hubskiej sprawi [&hellip;]<\/p>\n","protected":false},"author":3,"featured_media":15268,"comment_status":"open","ping_status":"open","sticky":false,"template":"","format":"standard","meta":{"footnotes":""},"categories":[14,12],"tags":[112,554],"class_list":["post-15267","post","type-post","status-publish","format-standard","has-post-thumbnail","hentry","category-aktualnosci","category-artykuly","tag-gaj","tag-jagodno"],"_links":{"self":[{"href":"https:\/\/online.tvk-gaj.pl\/index.php?rest_route=\/wp\/v2\/posts\/15267","targetHints":{"allow":["GET"]}}],"collection":[{"href":"https:\/\/online.tvk-gaj.pl\/index.php?rest_route=\/wp\/v2\/posts"}],"about":[{"href":"https:\/\/online.tvk-gaj.pl\/index.php?rest_route=\/wp\/v2\/types\/post"}],"author":[{"embeddable":true,"href":"https:\/\/online.tvk-gaj.pl\/index.php?rest_route=\/wp\/v2\/users\/3"}],"replies":[{"embeddable":true,"href":"https:\/\/online.tvk-gaj.pl\/index.php?rest_route=%2Fwp%2Fv2%2Fcomments&post=15267"}],"version-history":[{"count":1,"href":"https:\/\/online.tvk-gaj.pl\/index.php?rest_route=\/wp\/v2\/posts\/15267\/revisions"}],"predecessor-version":[{"id":15271,"href":"https:\/\/online.tvk-gaj.pl\/index.php?rest_route=\/wp\/v2\/posts\/15267\/revisions\/15271"}],"wp:featuredmedia":[{"embeddable":true,"href":"https:\/\/online.tvk-gaj.pl\/index.php?rest_route=\/wp\/v2\/media\/15268"}],"wp:attachment":[{"href":"https:\/\/online.tvk-gaj.pl\/index.php?rest_route=%2Fwp%2Fv2%2Fmedia&parent=15267"}],"wp:term":[{"taxonomy":"category","embeddable":true,"href":"https:\/\/online.tvk-gaj.pl\/index.php?rest_route=%2Fwp%2Fv2%2Fcategories&post=15267"},{"taxonomy":"post_tag","embeddable":true,"href":"https:\/\/online.tvk-gaj.pl\/index.php?rest_route=%2Fwp%2Fv2%2Ftags&post=15267"}],"curies":[{"name":"wp","href":"https:\/\/api.w.org\/{rel}","templated":true}]}}