{"id":15273,"date":"2025-05-02T11:08:56","date_gmt":"2025-05-02T09:08:56","guid":{"rendered":"http:\/\/www.tvk-gaj.pl\/~gajonline\/?p=15273"},"modified":"2025-05-02T11:08:57","modified_gmt":"2025-05-02T09:08:57","slug":"nie-zyje-byly-radny-rady-osiedla-kazimierz-zagrodnik","status":"publish","type":"post","link":"https:\/\/online.tvk-gaj.pl\/?p=15273","title":{"rendered":"Nie \u017cyje by\u0142y Radny Rady Osiedla &#8211; Kazimierz Zagrodnik"},"content":{"rendered":"\n<p>Z g\u0142\u0119bokim \u017calem przyj\u0119li\u015bmy wiadomo\u015b\u0107 o \u015bmierci by\u0142ego <br>Radnego Rady Osiedla &#8211; Kazimierza Zagrodnika<\/p>\n\n\n\n<p>Rodzinie i bliskim sk\u0142adamy szczere wyrazy wsp\u00f3\u0142czucia.<\/p>\n\n\n\n<figure class=\"wp-block-image size-large is-resized\"><img loading=\"lazy\" decoding=\"async\" src=\"http:\/\/www.tvk-gaj.pl\/~gajonline\/wp-content\/uploads\/2025\/05\/494744449_1353281093054330_1041332819939280655_n-896x1024.jpg\" alt=\"\" class=\"wp-image-15274\" width=\"525\" height=\"600\" srcset=\"https:\/\/online.tvk-gaj.pl\/wp-content\/uploads\/2025\/05\/494744449_1353281093054330_1041332819939280655_n-896x1024.jpg 896w, https:\/\/online.tvk-gaj.pl\/wp-content\/uploads\/2025\/05\/494744449_1353281093054330_1041332819939280655_n-263x300.jpg 263w, https:\/\/online.tvk-gaj.pl\/wp-content\/uploads\/2025\/05\/494744449_1353281093054330_1041332819939280655_n-768x878.jpg 768w, https:\/\/online.tvk-gaj.pl\/wp-content\/uploads\/2025\/05\/494744449_1353281093054330_1041332819939280655_n-1344x1536.jpg 1344w, https:\/\/online.tvk-gaj.pl\/wp-content\/uploads\/2025\/05\/494744449_1353281093054330_1041332819939280655_n.jpg 1792w\" sizes=\"auto, (max-width: 525px) 100vw, 525px\" \/><\/figure>\n","protected":false},"excerpt":{"rendered":"<p>Z g\u0142\u0119bokim \u017calem przyj\u0119li\u015bmy wiadomo\u015b\u0107 o \u015bmierci by\u0142ego Radnego Rady Osiedla &#8211; Kazimierza Zagrodnika Rodzinie i bliskim sk\u0142adamy szczere wyrazy wsp\u00f3\u0142czucia.<\/p>\n","protected":false},"author":3,"featured_media":10019,"comment_status":"open","ping_status":"open","sticky":false,"template":"","format":"standard","meta":{"footnotes":""},"categories":[14,12],"tags":[],"class_list":["post-15273","post","type-post","status-publish","format-standard","has-post-thumbnail","hentry","category-aktualnosci","category-artykuly"],"_links":{"self":[{"href":"https:\/\/online.tvk-gaj.pl\/index.php?rest_route=\/wp\/v2\/posts\/15273","targetHints":{"allow":["GET"]}}],"collection":[{"href":"https:\/\/online.tvk-gaj.pl\/index.php?rest_route=\/wp\/v2\/posts"}],"about":[{"href":"https:\/\/online.tvk-gaj.pl\/index.php?rest_route=\/wp\/v2\/types\/post"}],"author":[{"embeddable":true,"href":"https:\/\/online.tvk-gaj.pl\/index.php?rest_route=\/wp\/v2\/users\/3"}],"replies":[{"embeddable":true,"href":"https:\/\/online.tvk-gaj.pl\/index.php?rest_route=%2Fwp%2Fv2%2Fcomments&post=15273"}],"version-history":[{"count":1,"href":"https:\/\/online.tvk-gaj.pl\/index.php?rest_route=\/wp\/v2\/posts\/15273\/revisions"}],"predecessor-version":[{"id":15275,"href":"https:\/\/online.tvk-gaj.pl\/index.php?rest_route=\/wp\/v2\/posts\/15273\/revisions\/15275"}],"wp:featuredmedia":[{"embeddable":true,"href":"https:\/\/online.tvk-gaj.pl\/index.php?rest_route=\/wp\/v2\/media\/10019"}],"wp:attachment":[{"href":"https:\/\/online.tvk-gaj.pl\/index.php?rest_route=%2Fwp%2Fv2%2Fmedia&parent=15273"}],"wp:term":[{"taxonomy":"category","embeddable":true,"href":"https:\/\/online.tvk-gaj.pl\/index.php?rest_route=%2Fwp%2Fv2%2Fcategories&post=15273"},{"taxonomy":"post_tag","embeddable":true,"href":"https:\/\/online.tvk-gaj.pl\/index.php?rest_route=%2Fwp%2Fv2%2Ftags&post=15273"}],"curies":[{"name":"wp","href":"https:\/\/api.w.org\/{rel}","templated":true}]}}