{"id":15276,"date":"2025-05-04T11:09:29","date_gmt":"2025-05-04T09:09:29","guid":{"rendered":"http:\/\/www.tvk-gaj.pl\/~gajonline\/?p=15276"},"modified":"2025-05-04T11:09:30","modified_gmt":"2025-05-04T09:09:30","slug":"parki-esk-wroclaw-emocje-sport-kultura","status":"publish","type":"post","link":"https:\/\/online.tvk-gaj.pl\/?p=15276","title":{"rendered":"Parki ESK Wroc\u0142aw Emocje-Sport-Kultura"},"content":{"rendered":"\n<figure class=\"wp-block-image size-large is-resized\"><img loading=\"lazy\" decoding=\"async\" src=\"http:\/\/www.tvk-gaj.pl\/~gajonline\/wp-content\/uploads\/2025\/05\/492842588_1081713443990387_8905307393996417606_n-1024x536.jpg\" alt=\"\" class=\"wp-image-15277\" width=\"696\" height=\"364\" srcset=\"https:\/\/online.tvk-gaj.pl\/wp-content\/uploads\/2025\/05\/492842588_1081713443990387_8905307393996417606_n-1024x536.jpg 1024w, https:\/\/online.tvk-gaj.pl\/wp-content\/uploads\/2025\/05\/492842588_1081713443990387_8905307393996417606_n-300x157.jpg 300w, https:\/\/online.tvk-gaj.pl\/wp-content\/uploads\/2025\/05\/492842588_1081713443990387_8905307393996417606_n-768x402.jpg 768w, https:\/\/online.tvk-gaj.pl\/wp-content\/uploads\/2025\/05\/492842588_1081713443990387_8905307393996417606_n.jpg 1146w\" sizes=\"auto, (max-width: 696px) 100vw, 696px\" \/><\/figure>\n\n\n\n<p>Rok 2025 to wyj\u0105tkowy czas dla projektu Parki ESK Emocje \u2013 Sport \u2013 Kultura! Mija 10 lat od momentu, gdy pawilony kultury po raz pierwszy o\u017cywi\u0142y zielone przestrzenie Wroc\u0142awia, wprowadzaj\u0105c w nie aktywno\u015b\u0107, kultur\u0119 i spo\u0142eczne zaanga\u017cowanie. W 2025 roku pawilony dzia\u0142aj\u0105 pod has\u0142em &#8222;Empatia &#8211; Szacunek &#8211; Kultura&#8221;.<\/p>\n\n\n\n<p>Lokalizacje park\u00f3w:<br><img loading=\"lazy\" decoding=\"async\" height=\"16\" width=\"16\" src=\"https:\/\/static.xx.fbcdn.net\/images\/emoji.php\/v9\/t6b\/1\/16\/1f333.png\" alt=\"&#x1f333;\">Park S\u0142oneczny na Gaju<br><img loading=\"lazy\" decoding=\"async\" height=\"16\" width=\"16\" src=\"https:\/\/static.xx.fbcdn.net\/images\/emoji.php\/v9\/t6b\/1\/16\/1f333.png\" alt=\"&#x1f333;\">Park Po\u0142udniowy<br><img loading=\"lazy\" decoding=\"async\" height=\"16\" width=\"16\" src=\"https:\/\/static.xx.fbcdn.net\/images\/emoji.php\/v9\/t6b\/1\/16\/1f333.png\" alt=\"&#x1f333;\">Park Polana Kar\u0142owicka<br><img loading=\"lazy\" decoding=\"async\" height=\"16\" width=\"16\" src=\"https:\/\/static.xx.fbcdn.net\/images\/emoji.php\/v9\/t6b\/1\/16\/1f333.png\" alt=\"&#x1f333;\">Park Le\u015bnicki<br><img loading=\"lazy\" decoding=\"async\" height=\"16\" width=\"16\" src=\"https:\/\/static.xx.fbcdn.net\/images\/emoji.php\/v9\/t6b\/1\/16\/1f333.png\" alt=\"&#x1f333;\">Park Staszica<br><img loading=\"lazy\" decoding=\"async\" height=\"16\" width=\"16\" src=\"https:\/\/static.xx.fbcdn.net\/images\/emoji.php\/v9\/t6b\/1\/16\/1f333.png\" alt=\"&#x1f333;\">Park Strachoci\u0144ski<br><img loading=\"lazy\" decoding=\"async\" height=\"16\" width=\"16\" src=\"https:\/\/static.xx.fbcdn.net\/images\/emoji.php\/v9\/t6b\/1\/16\/1f333.png\" alt=\"&#x1f333;\">Skwer de Veuster na Szczepinie<br><img loading=\"lazy\" decoding=\"async\" height=\"16\" width=\"16\" src=\"https:\/\/static.xx.fbcdn.net\/images\/emoji.php\/v9\/t6b\/1\/16\/1f333.png\" alt=\"&#x1f333;\">Park Tarnogajski<br><img loading=\"lazy\" decoding=\"async\" height=\"16\" width=\"16\" src=\"https:\/\/static.xx.fbcdn.net\/images\/emoji.php\/v9\/t6b\/1\/16\/1f333.png\" alt=\"&#x1f333;\">Park To\u0142py<br><img loading=\"lazy\" decoding=\"async\" height=\"16\" width=\"16\" src=\"https:\/\/static.xx.fbcdn.net\/images\/emoji.php\/v9\/t6b\/1\/16\/1f333.png\" alt=\"&#x1f333;\">Park Grabiszy\u0144ski<br><img loading=\"lazy\" decoding=\"async\" height=\"16\" width=\"16\" src=\"https:\/\/static.xx.fbcdn.net\/images\/emoji.php\/v9\/t6b\/1\/16\/1f333.png\" alt=\"&#x1f333;\">Eko Park Stab\u0142owice<br><img loading=\"lazy\" decoding=\"async\" height=\"16\" width=\"16\" src=\"https:\/\/static.xx.fbcdn.net\/images\/emoji.php\/v9\/t6b\/1\/16\/1f333.png\" alt=\"&#x1f333;\">Park na Lipie Piotrowskiej<br><img loading=\"lazy\" decoding=\"async\" height=\"16\" width=\"16\" src=\"https:\/\/static.xx.fbcdn.net\/images\/emoji.php\/v9\/t6b\/1\/16\/1f333.png\" alt=\"&#x1f333;\">Park na Niskich \u0141\u0105kach<br><img loading=\"lazy\" decoding=\"async\" height=\"16\" width=\"16\" src=\"https:\/\/static.xx.fbcdn.net\/images\/emoji.php\/v9\/t6b\/1\/16\/1f333.png\" alt=\"&#x1f333;\">\u017bernicki Park Rekreacji i Sportu<\/p>\n\n\n\n<p>Pami\u0119tajcie, ze pawilony s\u0105 otwarte (nawet je\u015bli nie ma zaplanowanych wydarze\u0144) w soboty i niedziele w godzinach 15.00 \u2013 20.00 (kwiecie\u0144 &#8211; sierpie\u0144) oraz 15.00 &#8211; 19.00 (wrzesie\u0144 &#8211; pa\u017adziernik)<\/p>\n\n\n\n<p>W przypadku z\u0142ej pogody niekt\u00f3re aktywno\u015bci mog\u0105 zosta\u0107 odwo\u0142ane.<\/p>\n\n\n\n<p>Zapraszamy do zapoznania si\u0119 z harmonogramami wydarze\u0144 w ka\u017cdy pi\u0105tek.<\/p>\n\n\n\n<p>Projekt Parki ESK Empatia \u2013 Szacunek \u2013 Kultura jest wsp\u00f3\u0142finansowany ze \u015brodk\u00f3w Gminy Wroc\u0142aw<\/p>\n\n\n\n<p>\u017ar\u00f3d\u0142o : <a href=\"https:\/\/www.facebook.com\/ParkiESK\" data-type=\"URL\" data-id=\"https:\/\/www.facebook.com\/ParkiESK\">https:\/\/www.facebook.com\/ParkiESK<\/a><\/p>\n","protected":false},"excerpt":{"rendered":"<p>Rok 2025 to wyj\u0105tkowy czas dla projektu Parki ESK Emocje \u2013 Sport \u2013 Kultura! Mija 10 lat od momentu, gdy pawilony kultury po raz pierwszy o\u017cywi\u0142y zielone przestrzenie Wroc\u0142awia, wprowadzaj\u0105c w nie aktywno\u015b\u0107, kultur\u0119 i spo\u0142eczne zaanga\u017cowanie. W 2025 roku pawilony dzia\u0142aj\u0105 pod has\u0142em &#8222;Empatia &#8211; Szacunek &#8211; Kultura&#8221;. Lokalizacje park\u00f3w:Park S\u0142oneczny na GajuPark Po\u0142udniowyPark [&hellip;]<\/p>\n","protected":false},"author":3,"featured_media":15100,"comment_status":"open","ping_status":"open","sticky":false,"template":"","format":"standard","meta":{"footnotes":""},"categories":[14,12],"tags":[632,112],"class_list":["post-15276","post","type-post","status-publish","format-standard","has-post-thumbnail","hentry","category-aktualnosci","category-artykuly","tag-esk","tag-gaj"],"_links":{"self":[{"href":"https:\/\/online.tvk-gaj.pl\/index.php?rest_route=\/wp\/v2\/posts\/15276","targetHints":{"allow":["GET"]}}],"collection":[{"href":"https:\/\/online.tvk-gaj.pl\/index.php?rest_route=\/wp\/v2\/posts"}],"about":[{"href":"https:\/\/online.tvk-gaj.pl\/index.php?rest_route=\/wp\/v2\/types\/post"}],"author":[{"embeddable":true,"href":"https:\/\/online.tvk-gaj.pl\/index.php?rest_route=\/wp\/v2\/users\/3"}],"replies":[{"embeddable":true,"href":"https:\/\/online.tvk-gaj.pl\/index.php?rest_route=%2Fwp%2Fv2%2Fcomments&post=15276"}],"version-history":[{"count":1,"href":"https:\/\/online.tvk-gaj.pl\/index.php?rest_route=\/wp\/v2\/posts\/15276\/revisions"}],"predecessor-version":[{"id":15278,"href":"https:\/\/online.tvk-gaj.pl\/index.php?rest_route=\/wp\/v2\/posts\/15276\/revisions\/15278"}],"wp:featuredmedia":[{"embeddable":true,"href":"https:\/\/online.tvk-gaj.pl\/index.php?rest_route=\/wp\/v2\/media\/15100"}],"wp:attachment":[{"href":"https:\/\/online.tvk-gaj.pl\/index.php?rest_route=%2Fwp%2Fv2%2Fmedia&parent=15276"}],"wp:term":[{"taxonomy":"category","embeddable":true,"href":"https:\/\/online.tvk-gaj.pl\/index.php?rest_route=%2Fwp%2Fv2%2Fcategories&post=15276"},{"taxonomy":"post_tag","embeddable":true,"href":"https:\/\/online.tvk-gaj.pl\/index.php?rest_route=%2Fwp%2Fv2%2Ftags&post=15276"}],"curies":[{"name":"wp","href":"https:\/\/api.w.org\/{rel}","templated":true}]}}