{"id":15289,"date":"2025-05-06T15:37:02","date_gmt":"2025-05-06T13:37:02","guid":{"rendered":"http:\/\/www.tvk-gaj.pl\/~gajonline\/?p=15289"},"modified":"2025-05-06T15:37:03","modified_gmt":"2025-05-06T13:37:03","slug":"jak-szybko-pierwsze-dni-nowej-trasy-autobusowej-na-jagodno","status":"publish","type":"post","link":"https:\/\/online.tvk-gaj.pl\/?p=15289","title":{"rendered":"Jak szybko! Pierwsze dni nowej trasy autobusowej na Jagodno"},"content":{"rendered":"\n<p><strong>&#8211; Moja dzisiejsza podr\u00f3\u017c do pracy trwa\u0142a o 10 minut kr\u00f3cej &#8211; cieszy si\u0119 Patrycja z Jagodna, kt\u00f3ra pracuje blisko Rynku. Dzi\u015b, 5 maja, bladym \u015bwitem, now\u0105 trasa autobusow\u0105 wzd\u0142u\u017c Buforowej i Bardzkiej zacz\u0119\u0142y kursowa\u0107 autobusy, a w nich tysi\u0105ce mieszka\u0144c\u00f3w Jagodna i Wojszyc. Nie do\u015b\u0107, \u017ce teraz autobusy od Kajdasza do \u015awieradowskiej jad\u0105 zaledwie kilka minut, to kurs\u00f3w jest znacznie wi\u0119cej.<\/strong><\/p>\n\n\n\n<figure class=\"wp-block-image size-large\"><img loading=\"lazy\" decoding=\"async\" width=\"1024\" height=\"768\" src=\"http:\/\/www.tvk-gaj.pl\/~gajonline\/wp-content\/uploads\/2025\/05\/495179312_1004164335191669_2475325252257729148_n-1024x768.jpg\" alt=\"\" class=\"wp-image-15290\" srcset=\"https:\/\/online.tvk-gaj.pl\/wp-content\/uploads\/2025\/05\/495179312_1004164335191669_2475325252257729148_n-1024x768.jpg 1024w, https:\/\/online.tvk-gaj.pl\/wp-content\/uploads\/2025\/05\/495179312_1004164335191669_2475325252257729148_n-300x225.jpg 300w, https:\/\/online.tvk-gaj.pl\/wp-content\/uploads\/2025\/05\/495179312_1004164335191669_2475325252257729148_n-768x576.jpg 768w, https:\/\/online.tvk-gaj.pl\/wp-content\/uploads\/2025\/05\/495179312_1004164335191669_2475325252257729148_n-1536x1152.jpg 1536w, https:\/\/online.tvk-gaj.pl\/wp-content\/uploads\/2025\/05\/495179312_1004164335191669_2475325252257729148_n.jpg 2048w\" sizes=\"auto, (max-width: 1024px) 100vw, 1024px\" \/><\/figure>\n\n\n\n<p>Z nowej p\u0119tli przy Kajdasza, kt\u00f3ra nosi nazw\u0119 &#8222;Jagodno P+R&#8221;, odje\u017cd\u017caj\u0105 autobusy linii N, 110, 145, 148, 310 i nocny 255. Najwi\u0119ksz\u0105 nowo\u015bci\u0105 dla jagodzian jest N, kt\u00f3r\u0105 dojecha\u0107 mo\u017cna przez dworzec g\u0142\u00f3wny, Kromera na Psie Pole, a tak\u017ce 148 kursuj\u0105ce przez \u015awiebodzki, Nowy Dw\u00f3r na Le\u015bnic\u0119.\u00a0<\/p>\n\n\n\n<h2 class=\"wp-block-heading\" id=\"h2_1\">Trasa autobusowa na Jagodno &#8211; szybko i lu\u017ano<\/h2>\n\n\n\n<p>Wi\u0119cej linii spowodowa\u0142o to, \u017ce w szczycie nawet&nbsp;<strong>\u015brednio co 2,5 lub co 3 minuty kursuje autobus<\/strong>. Zwi\u0119kszenie liczby kurs\u00f3w sprawi\u0142o, \u017ce w pojazdach jest mniej t\u0142oczno.<\/p>\n\n\n\n<p>&#8211; Rano wiele os\u00f3b zostawa\u0142o na przystankach, bo nie mog\u0142o si\u0119 wcisn\u0105\u0107 do autobusu, tak by\u0142y zat\u0142oczone &#8211; opowiada Grzegorz Ossowski, kt\u00f3ry na Jagodnie mieszka od ponad 20 lat.&nbsp;<\/p>\n\n\n\n<p>A dzi\u015b? &#8211;\u00a0Miodzio si\u0119 jedzie. Szybko. I po raz pierwszy mia\u0142am miejsce siedz\u0105ce &#8211; nie kryje zadowolenia Sylwia.<\/p>\n\n\n\n<p>&#8211;&nbsp;Dzi\u015b pierwszy raz jecha\u0142am do pracy na siedz\u0105co&nbsp;&#8211; potwierdza Patrycja, kt\u00f3ra przejecha\u0142a 110 z p\u0119tli do Bastionu Sakwowego. Tam przesiad\u0142a si\u0119 w 18 i dojecha\u0142a do Rynku.&nbsp;&#8211; Ca\u0142a podr\u00f3\u017c trwa\u0142a 40 minut. Nigdy tak szybko nie dojecha\u0142am. Jest naprawd\u0119 fajnie!<\/p>\n\n\n\n<p>&#8211;&nbsp;Do Wroclavii w 17 minut&nbsp;&#8211; wyliczy\u0142a Anna.&nbsp;<\/p>\n\n\n\n<p>Nowa siatka po\u0142\u0105cze\u0144 to du\u017ce wyzwanie logistyczne.\u00a0&#8211; Do obs\u0142ugi po\u0142\u0105cze\u0144 na Jagodno przeznaczyli\u015bmy 50 autobus\u00f3w, 130 kierowc\u00f3w i 150 os\u00f3b obs\u0142ugi technicznej\u00a0&#8211; wyja\u015bnia\u00a0Witold Wo\u017any, prezes MPK.<\/p>\n\n\n\n<figure class=\"wp-block-embed is-type-video is-provider-youtube wp-block-embed-youtube wp-embed-aspect-16-9 wp-has-aspect-ratio\"><div class=\"wp-block-embed__wrapper\">\n<iframe loading=\"lazy\" title=\"Od 5 maja 2025, autobusy na Jagodno jad\u0105 swoim pasem !\" width=\"838\" height=\"471\" src=\"https:\/\/www.youtube.com\/embed\/8NXIJd13jMg?feature=oembed\" frameborder=\"0\" allow=\"accelerometer; autoplay; clipboard-write; encrypted-media; gyroscope; picture-in-picture; web-share\" referrerpolicy=\"strict-origin-when-cross-origin\" allowfullscreen><\/iframe>\n<\/div><figcaption class=\"wp-element-caption\">\u017ar\u00f3d\u0142o : https:\/\/www.youtube.com\/watch?v=8NXIJd13jMg<\/figcaption><\/figure>\n\n\n\n<h2 class=\"wp-block-heading\" id=\"h2_2\">Nowa trasa na Jagodno, a kierowcy<\/h2>\n\n\n\n<p>Zmian\u0119 odczuli r\u00f3wnie\u017c kierowcy, przynajmniej niekt\u00f3rzy.&nbsp;&#8211;&nbsp;Brak korka na Buforowej, ca\u0142kiem jak 22 lata temu&nbsp;&#8211; komentuje na Facebooku Agnieszka.&nbsp;<\/p>\n\n\n\n<p>Jednak nie wszyscy.&nbsp;&#8211; Bez zmian. Mo\u017ce ludzie korzystaj\u0105cy z komunikacji miejskiej odczuj\u0105 luz&nbsp;&#8211; twierdzi Piotr.<\/p>\n\n\n\n<p>Otwarcie korytarza dla autobus\u00f3w spowodowa\u0142o uwolnienie na Buforowej jednego pasa, kt\u00f3ry dot\u0105d pe\u0142ni\u0142 funkcj\u0119 buspasa. Niepor\u00f3wnywalnie wi\u0119ksz\u0105 zmian\u0105 b\u0119dzie rozbudowa Buforowej do czerech pas\u00f3w.\u00a0<a rel=\"noreferrer noopener\" href=\"https:\/\/www.wroclaw.pl\/komunikacja\/kto-zaprojektuje-tramwaj-na-jagodno-i-rozbudowe-buforowej\" target=\"_blank\">Rusza projektowanie tej inwestycji wraz z projektem tramwaju na Jagodno<\/a>.<\/p>\n\n\n\n<p>\u017ar\u00f3d\u0142o : <a href=\"https:\/\/www.wroclaw.pl\/komunikacja\/szybciej-i-czesciejautobusy-na-jagodno-jezdza-nowa-trasa\">https:\/\/www.wroclaw.pl\/komunikacja\/szybciej-i-czesciejautobusy-na-jagodno-jezdza-nowa-trasa<\/a><\/p>\n\n\n\n<p>zdj\u0119cie : MPK <\/p>\n","protected":false},"excerpt":{"rendered":"<p>&#8211; Moja dzisiejsza podr\u00f3\u017c do pracy trwa\u0142a o 10 minut kr\u00f3cej &#8211; cieszy si\u0119 Patrycja z Jagodna, kt\u00f3ra pracuje blisko Rynku. Dzi\u015b, 5 maja, bladym \u015bwitem, now\u0105 trasa autobusow\u0105 wzd\u0142u\u017c Buforowej i Bardzkiej zacz\u0119\u0142y kursowa\u0107 autobusy, a w nich tysi\u0105ce mieszka\u0144c\u00f3w Jagodna i Wojszyc. Nie do\u015b\u0107, \u017ce teraz autobusy od Kajdasza do \u015awieradowskiej jad\u0105 zaledwie [&hellip;]<\/p>\n","protected":false},"author":3,"featured_media":15290,"comment_status":"open","ping_status":"open","sticky":false,"template":"","format":"standard","meta":{"footnotes":""},"categories":[14,12],"tags":[112,554],"class_list":["post-15289","post","type-post","status-publish","format-standard","has-post-thumbnail","hentry","category-aktualnosci","category-artykuly","tag-gaj","tag-jagodno"],"_links":{"self":[{"href":"https:\/\/online.tvk-gaj.pl\/index.php?rest_route=\/wp\/v2\/posts\/15289","targetHints":{"allow":["GET"]}}],"collection":[{"href":"https:\/\/online.tvk-gaj.pl\/index.php?rest_route=\/wp\/v2\/posts"}],"about":[{"href":"https:\/\/online.tvk-gaj.pl\/index.php?rest_route=\/wp\/v2\/types\/post"}],"author":[{"embeddable":true,"href":"https:\/\/online.tvk-gaj.pl\/index.php?rest_route=\/wp\/v2\/users\/3"}],"replies":[{"embeddable":true,"href":"https:\/\/online.tvk-gaj.pl\/index.php?rest_route=%2Fwp%2Fv2%2Fcomments&post=15289"}],"version-history":[{"count":1,"href":"https:\/\/online.tvk-gaj.pl\/index.php?rest_route=\/wp\/v2\/posts\/15289\/revisions"}],"predecessor-version":[{"id":15291,"href":"https:\/\/online.tvk-gaj.pl\/index.php?rest_route=\/wp\/v2\/posts\/15289\/revisions\/15291"}],"wp:featuredmedia":[{"embeddable":true,"href":"https:\/\/online.tvk-gaj.pl\/index.php?rest_route=\/wp\/v2\/media\/15290"}],"wp:attachment":[{"href":"https:\/\/online.tvk-gaj.pl\/index.php?rest_route=%2Fwp%2Fv2%2Fmedia&parent=15289"}],"wp:term":[{"taxonomy":"category","embeddable":true,"href":"https:\/\/online.tvk-gaj.pl\/index.php?rest_route=%2Fwp%2Fv2%2Fcategories&post=15289"},{"taxonomy":"post_tag","embeddable":true,"href":"https:\/\/online.tvk-gaj.pl\/index.php?rest_route=%2Fwp%2Fv2%2Ftags&post=15289"}],"curies":[{"name":"wp","href":"https:\/\/api.w.org\/{rel}","templated":true}]}}