{"id":15309,"date":"2025-05-15T20:58:46","date_gmt":"2025-05-15T18:58:46","guid":{"rendered":"http:\/\/www.tvk-gaj.pl\/~gajonline\/?p=15309"},"modified":"2025-05-15T21:01:07","modified_gmt":"2025-05-15T19:01:07","slug":"iii-wroclawski-dzien-dziecka-1-czerwca-boisko-orzechowa","status":"publish","type":"post","link":"https:\/\/online.tvk-gaj.pl\/?p=15309","title":{"rendered":"1 Czerwca &#8211; III Wroc\u0142awski Dzie\u0144 Dziecka, Boisko &#8222;Orzechowa&#8221;"},"content":{"rendered":"\n<p><\/p>\n\n\n\n<p>Zapraszamy na III Wroc\u0142awski Dzie\u0144 Dziecka <img loading=\"lazy\" decoding=\"async\" height=\"16\" width=\"16\" src=\"https:\/\/static.xx.fbcdn.net\/images\/emoji.php\/v9\/taf\/1\/16\/26bd.png\" alt=\"&#x26bd;\"><br><img loading=\"lazy\" decoding=\"async\" height=\"16\" width=\"16\" src=\"https:\/\/static.xx.fbcdn.net\/images\/emoji.php\/v9\/t5c\/1\/16\/1f5d3.png\" alt=\"&#x1f5d3;&#xfe0f;\">1 Czerwca , godz. 10:00 &#8211; 18:00<br>Przyjd\u017acie ca\u0142\u0105 Rodzin\u0105, zabierzcie znajomych z dzie\u0107mi i do\u0142\u0105czcie do wsp\u00f3lnej zabawy <img loading=\"lazy\" decoding=\"async\" height=\"16\" width=\"16\" src=\"https:\/\/static.xx.fbcdn.net\/images\/emoji.php\/v9\/tfb\/1\/16\/263a.png\" alt=\"&#x263a;&#xfe0f;\"><br>Szczeg\u00f3\u0142y wydarzenia i plan znajdziecie poni\u017cej <img loading=\"lazy\" decoding=\"async\" height=\"16\" width=\"16\" src=\"https:\/\/static.xx.fbcdn.net\/images\/emoji.php\/v9\/tc8\/1\/16\/1f5fa.png\" alt=\"&#x1f5fa;&#xfe0f;\"><br>Niech to b\u0119dzie dzie\u0144 pe\u0142en u\u015bmiechu i rado\u015bci <img loading=\"lazy\" decoding=\"async\" height=\"16\" width=\"16\" src=\"https:\/\/static.xx.fbcdn.net\/images\/emoji.php\/v9\/t76\/1\/16\/1f938.png\" alt=\"&#x1f938;\"><\/p>\n\n\n\n<figure class=\"wp-block-image size-large\"><img loading=\"lazy\" decoding=\"async\" width=\"718\" height=\"1024\" src=\"http:\/\/www.tvk-gaj.pl\/~gajonline\/wp-content\/uploads\/2025\/05\/02-718x1024.jpg\" alt=\"\" class=\"wp-image-15310\" srcset=\"https:\/\/online.tvk-gaj.pl\/wp-content\/uploads\/2025\/05\/02-718x1024.jpg 718w, https:\/\/online.tvk-gaj.pl\/wp-content\/uploads\/2025\/05\/02-210x300.jpg 210w, https:\/\/online.tvk-gaj.pl\/wp-content\/uploads\/2025\/05\/02-768x1095.jpg 768w, https:\/\/online.tvk-gaj.pl\/wp-content\/uploads\/2025\/05\/02-1077x1536.jpg 1077w, https:\/\/online.tvk-gaj.pl\/wp-content\/uploads\/2025\/05\/02-1436x2048.jpg 1436w, https:\/\/online.tvk-gaj.pl\/wp-content\/uploads\/2025\/05\/02-scaled.jpg 1795w\" sizes=\"auto, (max-width: 718px) 100vw, 718px\" \/><\/figure>\n\n\n\n<figure class=\"wp-block-image size-large\"><img loading=\"lazy\" decoding=\"async\" width=\"718\" height=\"1024\" src=\"http:\/\/www.tvk-gaj.pl\/~gajonline\/wp-content\/uploads\/2025\/05\/01-718x1024.jpg\" alt=\"\" class=\"wp-image-15311\" srcset=\"https:\/\/online.tvk-gaj.pl\/wp-content\/uploads\/2025\/05\/01-718x1024.jpg 718w, https:\/\/online.tvk-gaj.pl\/wp-content\/uploads\/2025\/05\/01-210x300.jpg 210w, https:\/\/online.tvk-gaj.pl\/wp-content\/uploads\/2025\/05\/01-768x1095.jpg 768w, https:\/\/online.tvk-gaj.pl\/wp-content\/uploads\/2025\/05\/01-1077x1536.jpg 1077w, https:\/\/online.tvk-gaj.pl\/wp-content\/uploads\/2025\/05\/01-1436x2048.jpg 1436w, https:\/\/online.tvk-gaj.pl\/wp-content\/uploads\/2025\/05\/01-scaled.jpg 1795w\" sizes=\"auto, (max-width: 718px) 100vw, 718px\" \/><\/figure>\n\n\n\n<figure class=\"wp-block-image size-large\"><img loading=\"lazy\" decoding=\"async\" width=\"1024\" height=\"718\" src=\"http:\/\/www.tvk-gaj.pl\/~gajonline\/wp-content\/uploads\/2025\/05\/03-1024x718.jpg\" alt=\"\" class=\"wp-image-15312\" srcset=\"https:\/\/online.tvk-gaj.pl\/wp-content\/uploads\/2025\/05\/03-1024x718.jpg 1024w, https:\/\/online.tvk-gaj.pl\/wp-content\/uploads\/2025\/05\/03-300x210.jpg 300w, https:\/\/online.tvk-gaj.pl\/wp-content\/uploads\/2025\/05\/03-768x538.jpg 768w, https:\/\/online.tvk-gaj.pl\/wp-content\/uploads\/2025\/05\/03-1536x1077.jpg 1536w, https:\/\/online.tvk-gaj.pl\/wp-content\/uploads\/2025\/05\/03-2048x1436.jpg 2048w\" sizes=\"auto, (max-width: 1024px) 100vw, 1024px\" \/><\/figure>\n\n\n\n<figure class=\"wp-block-image size-large\"><img loading=\"lazy\" decoding=\"async\" width=\"1024\" height=\"718\" src=\"http:\/\/www.tvk-gaj.pl\/~gajonline\/wp-content\/uploads\/2025\/05\/04-1024x718.jpg\" alt=\"\" class=\"wp-image-15313\" srcset=\"https:\/\/online.tvk-gaj.pl\/wp-content\/uploads\/2025\/05\/04-1024x718.jpg 1024w, https:\/\/online.tvk-gaj.pl\/wp-content\/uploads\/2025\/05\/04-300x210.jpg 300w, https:\/\/online.tvk-gaj.pl\/wp-content\/uploads\/2025\/05\/04-768x538.jpg 768w, https:\/\/online.tvk-gaj.pl\/wp-content\/uploads\/2025\/05\/04-1536x1077.jpg 1536w, https:\/\/online.tvk-gaj.pl\/wp-content\/uploads\/2025\/05\/04-2048x1436.jpg 2048w\" sizes=\"auto, (max-width: 1024px) 100vw, 1024px\" \/><\/figure>\n","protected":false},"excerpt":{"rendered":"<p>Zapraszamy na III Wroc\u0142awski Dzie\u0144 Dziecka 1 Czerwca , godz. 10:00 &#8211; 18:00Przyjd\u017acie ca\u0142\u0105 Rodzin\u0105, zabierzcie znajomych z dzie\u0107mi i do\u0142\u0105czcie do wsp\u00f3lnej zabawy Szczeg\u00f3\u0142y wydarzenia i plan znajdziecie poni\u017cej Niech to b\u0119dzie dzie\u0144 pe\u0142en u\u015bmiechu i rado\u015bci<\/p>\n","protected":false},"author":3,"featured_media":13628,"comment_status":"open","ping_status":"open","sticky":false,"template":"","format":"standard","meta":{"footnotes":""},"categories":[14,12],"tags":[1825,112],"class_list":["post-15309","post","type-post","status-publish","format-standard","has-post-thumbnail","hentry","category-aktualnosci","category-artykuly","tag-dziendziecka","tag-gaj"],"_links":{"self":[{"href":"https:\/\/online.tvk-gaj.pl\/index.php?rest_route=\/wp\/v2\/posts\/15309","targetHints":{"allow":["GET"]}}],"collection":[{"href":"https:\/\/online.tvk-gaj.pl\/index.php?rest_route=\/wp\/v2\/posts"}],"about":[{"href":"https:\/\/online.tvk-gaj.pl\/index.php?rest_route=\/wp\/v2\/types\/post"}],"author":[{"embeddable":true,"href":"https:\/\/online.tvk-gaj.pl\/index.php?rest_route=\/wp\/v2\/users\/3"}],"replies":[{"embeddable":true,"href":"https:\/\/online.tvk-gaj.pl\/index.php?rest_route=%2Fwp%2Fv2%2Fcomments&post=15309"}],"version-history":[{"count":3,"href":"https:\/\/online.tvk-gaj.pl\/index.php?rest_route=\/wp\/v2\/posts\/15309\/revisions"}],"predecessor-version":[{"id":15316,"href":"https:\/\/online.tvk-gaj.pl\/index.php?rest_route=\/wp\/v2\/posts\/15309\/revisions\/15316"}],"wp:featuredmedia":[{"embeddable":true,"href":"https:\/\/online.tvk-gaj.pl\/index.php?rest_route=\/wp\/v2\/media\/13628"}],"wp:attachment":[{"href":"https:\/\/online.tvk-gaj.pl\/index.php?rest_route=%2Fwp%2Fv2%2Fmedia&parent=15309"}],"wp:term":[{"taxonomy":"category","embeddable":true,"href":"https:\/\/online.tvk-gaj.pl\/index.php?rest_route=%2Fwp%2Fv2%2Fcategories&post=15309"},{"taxonomy":"post_tag","embeddable":true,"href":"https:\/\/online.tvk-gaj.pl\/index.php?rest_route=%2Fwp%2Fv2%2Ftags&post=15309"}],"curies":[{"name":"wp","href":"https:\/\/api.w.org\/{rel}","templated":true}]}}