{"id":15324,"date":"2025-05-25T09:14:55","date_gmt":"2025-05-25T07:14:55","guid":{"rendered":"http:\/\/www.tvk-gaj.pl\/~gajonline\/?p=15324"},"modified":"2025-05-25T09:15:42","modified_gmt":"2025-05-25T07:15:42","slug":"dzien-otwarty-mpk-wroclaw-w-zajezdni-gaj","status":"publish","type":"post","link":"https:\/\/online.tvk-gaj.pl\/?p=15324","title":{"rendered":"Dzie\u0144 otwarty MPK Wroc\u0142aw w Zajezdni Gaj"},"content":{"rendered":"\n<p>Link do fotorelacji z imprezy : <\/p>\n\n\n\n<p><a href=\"https:\/\/www.facebook.com\/photo?fbid=1374273804288392&amp;set=pcb.1374277850954654\" data-type=\"URL\" data-id=\"https:\/\/www.facebook.com\/photo?fbid=1374273804288392&amp;set=pcb.1374277850954654\">https:\/\/www.facebook.com\/photo?fbid=1374273804288392&amp;set=pcb.1374277850954654<\/a><\/p>\n\n\n\n<p><\/p>\n\n\n\n<p>W dniu 24 Maja odby\u0142 si\u0119 dzie\u0144 otwarty MPK Wroc\u0142aw w Zajezdni Gaj.<\/p>\n\n\n\n<p>Na otwarciu by\u0142o konfetti, a zajezdnia t\u0119tni\u0142a \u017cyciem przez ca\u0142y czas trwania imprezy.<\/p>\n\n\n\n<p>Ca\u0142e rodziny, fani komunikacji miejskiej przybyli zobaczy\u0107 zajezdni\u0119 od \u015brodka,<\/p>\n\n\n\n<p>bo nie jest to mo\u017cliwe na codzie\u0144.<\/p>\n\n\n\n<p>By\u0142o wiele emocji, u\u015bmiech\u00f3w na twarzy i ka\u017cdy m\u00f3g\u0142 znale\u017a\u0107 co\u015b dla siebie.<\/p>\n\n\n\n<p>By\u0142y przejazdy specjalne, pojazdy zabytkowe, zabawy dla dzieci, symulatory,<\/p>\n\n\n\n<p>foodtrucki, muzyka na \u017cywo konkursy&#8230;. i nie tylko.<\/p>\n\n\n\n<figure class=\"wp-block-image size-full\"><img loading=\"lazy\" decoding=\"async\" width=\"1000\" height=\"750\" src=\"http:\/\/www.tvk-gaj.pl\/~gajonline\/wp-content\/uploads\/2025\/05\/500110944_1374273890955050_4910390816584424536_n.jpg\" alt=\"\" class=\"wp-image-15325\" srcset=\"https:\/\/online.tvk-gaj.pl\/wp-content\/uploads\/2025\/05\/500110944_1374273890955050_4910390816584424536_n.jpg 1000w, https:\/\/online.tvk-gaj.pl\/wp-content\/uploads\/2025\/05\/500110944_1374273890955050_4910390816584424536_n-300x225.jpg 300w, https:\/\/online.tvk-gaj.pl\/wp-content\/uploads\/2025\/05\/500110944_1374273890955050_4910390816584424536_n-768x576.jpg 768w\" sizes=\"auto, (max-width: 1000px) 100vw, 1000px\" \/><\/figure>\n\n\n\n<figure class=\"wp-block-image size-full\"><img loading=\"lazy\" decoding=\"async\" width=\"1000\" height=\"750\" src=\"http:\/\/www.tvk-gaj.pl\/~gajonline\/wp-content\/uploads\/2025\/05\/499782990_1374274004288372_8227521799027656042_n.jpg\" alt=\"\" class=\"wp-image-15326\" srcset=\"https:\/\/online.tvk-gaj.pl\/wp-content\/uploads\/2025\/05\/499782990_1374274004288372_8227521799027656042_n.jpg 1000w, https:\/\/online.tvk-gaj.pl\/wp-content\/uploads\/2025\/05\/499782990_1374274004288372_8227521799027656042_n-300x225.jpg 300w, https:\/\/online.tvk-gaj.pl\/wp-content\/uploads\/2025\/05\/499782990_1374274004288372_8227521799027656042_n-768x576.jpg 768w\" sizes=\"auto, (max-width: 1000px) 100vw, 1000px\" \/><\/figure>\n\n\n\n<figure class=\"wp-block-image size-full\"><img loading=\"lazy\" decoding=\"async\" width=\"1000\" height=\"750\" src=\"http:\/\/www.tvk-gaj.pl\/~gajonline\/wp-content\/uploads\/2025\/05\/500985286_1374274110955028_6891605462280951355_n.jpg\" alt=\"\" class=\"wp-image-15327\" srcset=\"https:\/\/online.tvk-gaj.pl\/wp-content\/uploads\/2025\/05\/500985286_1374274110955028_6891605462280951355_n.jpg 1000w, https:\/\/online.tvk-gaj.pl\/wp-content\/uploads\/2025\/05\/500985286_1374274110955028_6891605462280951355_n-300x225.jpg 300w, https:\/\/online.tvk-gaj.pl\/wp-content\/uploads\/2025\/05\/500985286_1374274110955028_6891605462280951355_n-768x576.jpg 768w\" sizes=\"auto, (max-width: 1000px) 100vw, 1000px\" \/><\/figure>\n\n\n\n<figure class=\"wp-block-image size-full\"><img loading=\"lazy\" decoding=\"async\" width=\"1000\" height=\"750\" src=\"http:\/\/www.tvk-gaj.pl\/~gajonline\/wp-content\/uploads\/2025\/05\/499784140_1374274157621690_6313933147813780971_n.jpg\" alt=\"\" class=\"wp-image-15328\" srcset=\"https:\/\/online.tvk-gaj.pl\/wp-content\/uploads\/2025\/05\/499784140_1374274157621690_6313933147813780971_n.jpg 1000w, https:\/\/online.tvk-gaj.pl\/wp-content\/uploads\/2025\/05\/499784140_1374274157621690_6313933147813780971_n-300x225.jpg 300w, https:\/\/online.tvk-gaj.pl\/wp-content\/uploads\/2025\/05\/499784140_1374274157621690_6313933147813780971_n-768x576.jpg 768w\" sizes=\"auto, (max-width: 1000px) 100vw, 1000px\" \/><\/figure>\n\n\n\n<figure class=\"wp-block-image size-full\"><img loading=\"lazy\" decoding=\"async\" width=\"1000\" height=\"750\" src=\"http:\/\/www.tvk-gaj.pl\/~gajonline\/wp-content\/uploads\/2025\/05\/500334650_1374274394288333_1566780239664434495_n.jpg\" alt=\"\" class=\"wp-image-15329\" srcset=\"https:\/\/online.tvk-gaj.pl\/wp-content\/uploads\/2025\/05\/500334650_1374274394288333_1566780239664434495_n.jpg 1000w, https:\/\/online.tvk-gaj.pl\/wp-content\/uploads\/2025\/05\/500334650_1374274394288333_1566780239664434495_n-300x225.jpg 300w, https:\/\/online.tvk-gaj.pl\/wp-content\/uploads\/2025\/05\/500334650_1374274394288333_1566780239664434495_n-768x576.jpg 768w\" sizes=\"auto, (max-width: 1000px) 100vw, 1000px\" \/><\/figure>\n\n\n\n<figure class=\"wp-block-image size-full\"><img loading=\"lazy\" decoding=\"async\" width=\"1000\" height=\"750\" src=\"http:\/\/www.tvk-gaj.pl\/~gajonline\/wp-content\/uploads\/2025\/05\/500586255_1374274820954957_8175777764778276869_n.jpg\" alt=\"\" class=\"wp-image-15330\" srcset=\"https:\/\/online.tvk-gaj.pl\/wp-content\/uploads\/2025\/05\/500586255_1374274820954957_8175777764778276869_n.jpg 1000w, https:\/\/online.tvk-gaj.pl\/wp-content\/uploads\/2025\/05\/500586255_1374274820954957_8175777764778276869_n-300x225.jpg 300w, https:\/\/online.tvk-gaj.pl\/wp-content\/uploads\/2025\/05\/500586255_1374274820954957_8175777764778276869_n-768x576.jpg 768w\" sizes=\"auto, (max-width: 1000px) 100vw, 1000px\" \/><\/figure>\n","protected":false},"excerpt":{"rendered":"<p>Link do fotorelacji z imprezy : https:\/\/www.facebook.com\/photo?fbid=1374273804288392&amp;set=pcb.1374277850954654 W dniu 24 Maja odby\u0142 si\u0119 dzie\u0144 otwarty MPK Wroc\u0142aw w Zajezdni Gaj. Na otwarciu by\u0142o konfetti, a zajezdnia t\u0119tni\u0142a \u017cyciem przez ca\u0142y czas trwania imprezy. Ca\u0142e rodziny, fani komunikacji miejskiej przybyli zobaczy\u0107 zajezdni\u0119 od \u015brodka, bo nie jest to mo\u017cliwe na codzie\u0144. By\u0142o wiele emocji, u\u015bmiech\u00f3w na [&hellip;]<\/p>\n","protected":false},"author":3,"featured_media":15325,"comment_status":"open","ping_status":"open","sticky":false,"template":"","format":"standard","meta":{"footnotes":""},"categories":[14,12],"tags":[112,1827],"class_list":["post-15324","post","type-post","status-publish","format-standard","has-post-thumbnail","hentry","category-aktualnosci","category-artykuly","tag-gaj","tag-zajezdnia"],"_links":{"self":[{"href":"https:\/\/online.tvk-gaj.pl\/index.php?rest_route=\/wp\/v2\/posts\/15324","targetHints":{"allow":["GET"]}}],"collection":[{"href":"https:\/\/online.tvk-gaj.pl\/index.php?rest_route=\/wp\/v2\/posts"}],"about":[{"href":"https:\/\/online.tvk-gaj.pl\/index.php?rest_route=\/wp\/v2\/types\/post"}],"author":[{"embeddable":true,"href":"https:\/\/online.tvk-gaj.pl\/index.php?rest_route=\/wp\/v2\/users\/3"}],"replies":[{"embeddable":true,"href":"https:\/\/online.tvk-gaj.pl\/index.php?rest_route=%2Fwp%2Fv2%2Fcomments&post=15324"}],"version-history":[{"count":2,"href":"https:\/\/online.tvk-gaj.pl\/index.php?rest_route=\/wp\/v2\/posts\/15324\/revisions"}],"predecessor-version":[{"id":15332,"href":"https:\/\/online.tvk-gaj.pl\/index.php?rest_route=\/wp\/v2\/posts\/15324\/revisions\/15332"}],"wp:featuredmedia":[{"embeddable":true,"href":"https:\/\/online.tvk-gaj.pl\/index.php?rest_route=\/wp\/v2\/media\/15325"}],"wp:attachment":[{"href":"https:\/\/online.tvk-gaj.pl\/index.php?rest_route=%2Fwp%2Fv2%2Fmedia&parent=15324"}],"wp:term":[{"taxonomy":"category","embeddable":true,"href":"https:\/\/online.tvk-gaj.pl\/index.php?rest_route=%2Fwp%2Fv2%2Fcategories&post=15324"},{"taxonomy":"post_tag","embeddable":true,"href":"https:\/\/online.tvk-gaj.pl\/index.php?rest_route=%2Fwp%2Fv2%2Ftags&post=15324"}],"curies":[{"name":"wp","href":"https:\/\/api.w.org\/{rel}","templated":true}]}}