{"id":15334,"date":"2025-05-28T19:18:29","date_gmt":"2025-05-28T17:18:29","guid":{"rendered":"http:\/\/www.tvk-gaj.pl\/~gajonline\/?p=15334"},"modified":"2025-05-28T19:21:03","modified_gmt":"2025-05-28T17:21:03","slug":"14-czerwca-festyn-osiedla-gaj","status":"publish","type":"post","link":"https:\/\/online.tvk-gaj.pl\/?p=15334","title":{"rendered":"14 Czerwca &#8211; Festyn Osiedla Gaj w Parku S\u0142onecznym"},"content":{"rendered":"\n<p><img loading=\"lazy\" decoding=\"async\" height=\"16\" width=\"16\" alt=\"&#x1f389;\" src=\"https:\/\/static.xx.fbcdn.net\/images\/emoji.php\/v9\/t8c\/1\/16\/1f389.png\"><img loading=\"lazy\" decoding=\"async\" height=\"16\" width=\"16\" alt=\"&#x1f388;\" src=\"https:\/\/static.xx.fbcdn.net\/images\/emoji.php\/v9\/tb\/1\/16\/1f388.png\"> Festyn Osiedla Gaj ju\u017c wkr\u00f3tce! <img loading=\"lazy\" decoding=\"async\" height=\"16\" width=\"16\" alt=\"&#x1f388;\" src=\"https:\/\/static.xx.fbcdn.net\/images\/emoji.php\/v9\/tb\/1\/16\/1f388.png\"><img loading=\"lazy\" decoding=\"async\" height=\"16\" width=\"16\" alt=\"&#x1f389;\" src=\"https:\/\/static.xx.fbcdn.net\/images\/emoji.php\/v9\/t8c\/1\/16\/1f389.png\"><\/p>\n\n\n\n<p><img loading=\"lazy\" decoding=\"async\" height=\"16\" width=\"16\" alt=\"&#x1f4c5;\" src=\"https:\/\/static.xx.fbcdn.net\/images\/emoji.php\/v9\/t7e\/1\/16\/1f4c5.png\"> S<a><\/a>obota, 14 czerwca<\/p>\n\n\n\n<p><img loading=\"lazy\" decoding=\"async\" height=\"16\" width=\"16\" alt=\"&#x1f550;\" src=\"https:\/\/static.xx.fbcdn.net\/images\/emoji.php\/v9\/ta8\/1\/16\/1f550.png\"> Start: 13:00<\/p>\n\n\n\n<p><img loading=\"lazy\" decoding=\"async\" height=\"16\" width=\"16\" alt=\"&#x1f4cd;\" src=\"https:\/\/static.xx.fbcdn.net\/images\/emoji.php\/v9\/t2d\/1\/16\/1f4cd.png\"> Park S\u0142oneczny<\/p>\n\n\n\n<p>Rada Osiedla Gaj serdecznie zaprasza wszystkich mieszka\u0144c\u00f3w na wyj\u0105tkowy Festyn Osiedla Gaj! Czeka na Was mn\u00f3stwo atrakcji dla ma\u0142ych i du\u017cych \u2013 idealna okazja do wsp\u00f3lnego \u015bwi\u0119towania, integracji i dobrej zabawy!<\/p>\n\n\n\n<p><img loading=\"lazy\" decoding=\"async\" height=\"16\" width=\"16\" src=\"https:\/\/static.xx.fbcdn.net\/images\/emoji.php\/v9\/t39\/1\/16\/1f4e2.png\" alt=\"&#x1f4e2;\"> B\u0119dziemy na bie\u017c\u0105co informowa\u0107 o szczeg\u00f3\u0142ach programu \u2013 \u015bled\u017acie nasz\u0105 stron\u0119 i profil na Facebooku, \u017ceby niczego nie przegapi\u0107!<\/p>\n\n\n\n<figure class=\"wp-block-image size-large\"><img loading=\"lazy\" decoding=\"async\" width=\"722\" height=\"1024\" src=\"http:\/\/www.tvk-gaj.pl\/~gajonline\/wp-content\/uploads\/2025\/05\/PLAKAT-2305-722x1024.jpg\" alt=\"\" class=\"wp-image-15335\" srcset=\"https:\/\/online.tvk-gaj.pl\/wp-content\/uploads\/2025\/05\/PLAKAT-2305-722x1024.jpg 722w, https:\/\/online.tvk-gaj.pl\/wp-content\/uploads\/2025\/05\/PLAKAT-2305-211x300.jpg 211w, https:\/\/online.tvk-gaj.pl\/wp-content\/uploads\/2025\/05\/PLAKAT-2305-768x1090.jpg 768w, https:\/\/online.tvk-gaj.pl\/wp-content\/uploads\/2025\/05\/PLAKAT-2305-1082x1536.jpg 1082w, https:\/\/online.tvk-gaj.pl\/wp-content\/uploads\/2025\/05\/PLAKAT-2305-1443x2048.jpg 1443w, https:\/\/online.tvk-gaj.pl\/wp-content\/uploads\/2025\/05\/PLAKAT-2305-scaled.jpg 1804w\" sizes=\"auto, (max-width: 722px) 100vw, 722px\" \/><\/figure>\n","protected":false},"excerpt":{"rendered":"<p>Festyn Osiedla Gaj ju\u017c wkr\u00f3tce! Sobota, 14 czerwca Start: 13:00 Park S\u0142oneczny Rada Osiedla Gaj serdecznie zaprasza wszystkich mieszka\u0144c\u00f3w na wyj\u0105tkowy Festyn Osiedla Gaj! Czeka na Was mn\u00f3stwo atrakcji dla ma\u0142ych i du\u017cych \u2013 idealna okazja do wsp\u00f3lnego \u015bwi\u0119towania, integracji i dobrej zabawy! B\u0119dziemy na bie\u017c\u0105co informowa\u0107 o szczeg\u00f3\u0142ach programu \u2013 \u015bled\u017acie nasz\u0105 stron\u0119 i [&hellip;]<\/p>\n","protected":false},"author":3,"featured_media":15338,"comment_status":"open","ping_status":"open","sticky":false,"template":"","format":"standard","meta":{"footnotes":""},"categories":[14,12],"tags":[270,112],"class_list":["post-15334","post","type-post","status-publish","format-standard","has-post-thumbnail","hentry","category-aktualnosci","category-artykuly","tag-festyn","tag-gaj"],"_links":{"self":[{"href":"https:\/\/online.tvk-gaj.pl\/index.php?rest_route=\/wp\/v2\/posts\/15334","targetHints":{"allow":["GET"]}}],"collection":[{"href":"https:\/\/online.tvk-gaj.pl\/index.php?rest_route=\/wp\/v2\/posts"}],"about":[{"href":"https:\/\/online.tvk-gaj.pl\/index.php?rest_route=\/wp\/v2\/types\/post"}],"author":[{"embeddable":true,"href":"https:\/\/online.tvk-gaj.pl\/index.php?rest_route=\/wp\/v2\/users\/3"}],"replies":[{"embeddable":true,"href":"https:\/\/online.tvk-gaj.pl\/index.php?rest_route=%2Fwp%2Fv2%2Fcomments&post=15334"}],"version-history":[{"count":2,"href":"https:\/\/online.tvk-gaj.pl\/index.php?rest_route=\/wp\/v2\/posts\/15334\/revisions"}],"predecessor-version":[{"id":15339,"href":"https:\/\/online.tvk-gaj.pl\/index.php?rest_route=\/wp\/v2\/posts\/15334\/revisions\/15339"}],"wp:featuredmedia":[{"embeddable":true,"href":"https:\/\/online.tvk-gaj.pl\/index.php?rest_route=\/wp\/v2\/media\/15338"}],"wp:attachment":[{"href":"https:\/\/online.tvk-gaj.pl\/index.php?rest_route=%2Fwp%2Fv2%2Fmedia&parent=15334"}],"wp:term":[{"taxonomy":"category","embeddable":true,"href":"https:\/\/online.tvk-gaj.pl\/index.php?rest_route=%2Fwp%2Fv2%2Fcategories&post=15334"},{"taxonomy":"post_tag","embeddable":true,"href":"https:\/\/online.tvk-gaj.pl\/index.php?rest_route=%2Fwp%2Fv2%2Ftags&post=15334"}],"curies":[{"name":"wp","href":"https:\/\/api.w.org\/{rel}","templated":true}]}}