{"id":15343,"date":"2025-05-30T19:01:43","date_gmt":"2025-05-30T17:01:43","guid":{"rendered":"http:\/\/www.tvk-gaj.pl\/~gajonline\/?p=15343"},"modified":"2025-05-30T19:01:43","modified_gmt":"2025-05-30T17:01:43","slug":"cwiczenia-16-dolnoslaskiej-brygady-obrony-terytorialnej","status":"publish","type":"post","link":"https:\/\/online.tvk-gaj.pl\/?p=15343","title":{"rendered":"\u0106wiczenia 16 Dolno\u015bl\u0105skiej Brygady Obrony Terytorialnej"},"content":{"rendered":"\n<p>W dniach 07-08 Czerwca 2025 r,<\/p>\n\n\n\n<p><a><\/a>16 Dolno\u015bl\u0105ska Brygada Obrony Terytorialnej<\/p>\n\n\n\n<p>b\u0119dzie realizowa\u0142a \u0107wiczenie dow\u00f3dczo-sztabowe na terenie kompleksu <\/p>\n\n\n\n<p>znajduj\u0105cego si\u0119 przy ul. Orzechowej 4. <\/p>\n\n\n\n<p>W zwi\u0105zku z powy\u017cszym zauwa\u017calna b\u0119dzie wzmo\u017cona obecno\u015b\u0107 \u017co\u0142nierzy w tym rejonie.<\/p>\n","protected":false},"excerpt":{"rendered":"<p>W dniach 07-08 Czerwca 2025 r, 16 Dolno\u015bl\u0105ska Brygada Obrony Terytorialnej b\u0119dzie realizowa\u0142a \u0107wiczenie dow\u00f3dczo-sztabowe na terenie kompleksu znajduj\u0105cego si\u0119 przy ul. Orzechowej 4. W zwi\u0105zku z powy\u017cszym zauwa\u017calna b\u0119dzie wzmo\u017cona obecno\u015b\u0107 \u017co\u0142nierzy w tym rejonie.<\/p>\n","protected":false},"author":3,"featured_media":15344,"comment_status":"open","ping_status":"open","sticky":false,"template":"","format":"standard","meta":{"footnotes":""},"categories":[14,12],"tags":[1830,112],"class_list":["post-15343","post","type-post","status-publish","format-standard","has-post-thumbnail","hentry","category-aktualnosci","category-artykuly","tag-cwiczenia","tag-gaj"],"_links":{"self":[{"href":"https:\/\/online.tvk-gaj.pl\/index.php?rest_route=\/wp\/v2\/posts\/15343","targetHints":{"allow":["GET"]}}],"collection":[{"href":"https:\/\/online.tvk-gaj.pl\/index.php?rest_route=\/wp\/v2\/posts"}],"about":[{"href":"https:\/\/online.tvk-gaj.pl\/index.php?rest_route=\/wp\/v2\/types\/post"}],"author":[{"embeddable":true,"href":"https:\/\/online.tvk-gaj.pl\/index.php?rest_route=\/wp\/v2\/users\/3"}],"replies":[{"embeddable":true,"href":"https:\/\/online.tvk-gaj.pl\/index.php?rest_route=%2Fwp%2Fv2%2Fcomments&post=15343"}],"version-history":[{"count":1,"href":"https:\/\/online.tvk-gaj.pl\/index.php?rest_route=\/wp\/v2\/posts\/15343\/revisions"}],"predecessor-version":[{"id":15345,"href":"https:\/\/online.tvk-gaj.pl\/index.php?rest_route=\/wp\/v2\/posts\/15343\/revisions\/15345"}],"wp:featuredmedia":[{"embeddable":true,"href":"https:\/\/online.tvk-gaj.pl\/index.php?rest_route=\/wp\/v2\/media\/15344"}],"wp:attachment":[{"href":"https:\/\/online.tvk-gaj.pl\/index.php?rest_route=%2Fwp%2Fv2%2Fmedia&parent=15343"}],"wp:term":[{"taxonomy":"category","embeddable":true,"href":"https:\/\/online.tvk-gaj.pl\/index.php?rest_route=%2Fwp%2Fv2%2Fcategories&post=15343"},{"taxonomy":"post_tag","embeddable":true,"href":"https:\/\/online.tvk-gaj.pl\/index.php?rest_route=%2Fwp%2Fv2%2Ftags&post=15343"}],"curies":[{"name":"wp","href":"https:\/\/api.w.org\/{rel}","templated":true}]}}