{"id":15346,"date":"2025-06-02T18:16:46","date_gmt":"2025-06-02T16:16:46","guid":{"rendered":"http:\/\/www.tvk-gaj.pl\/~gajonline\/?p=15346"},"modified":"2025-06-02T18:16:47","modified_gmt":"2025-06-02T16:16:47","slug":"fotorelacja-iii-wroclawski-dzien-dziecka-na-gaju","status":"publish","type":"post","link":"https:\/\/online.tvk-gaj.pl\/?p=15346","title":{"rendered":"Fotorelacja &#8211; III Wroc\u0142awski Dzie\u0144 Dziecka na Gaju"},"content":{"rendered":"\n<p>Linki do pe\u0142nej fotorelacji :<\/p>\n\n\n\n<p>Cz\u0119\u015b\u0107 1 <\/p>\n\n\n\n<p><a href=\"https:\/\/www.facebook.com\/photo?fbid=1381738613541911&amp;set=pcb.1381741950208244\">https:\/\/www.facebook.com\/photo?fbid=1381738613541911&amp;set=pcb.1381741950208244<\/a><\/p>\n\n\n\n<p>Cz\u0119\u015b\u0107 2<\/p>\n\n\n\n<p><a href=\"https:\/\/www.facebook.com\/photo\/?fbid=1381744416874664&amp;set=pcb.1381749346874171\">https:\/\/www.facebook.com\/photo\/?fbid=1381744416874664&amp;set=pcb.1381749346874171<\/a><\/p>\n\n\n\n<p>Wczoraj (1.06) na naszym Osiedlu odby\u0142 si\u0119 III Wroc\u0142awski Dzie\u0144 Dziecka &#8211; wydarzenie pe\u0142ne u\u015bmiech\u00f3w,<\/p>\n\n\n\n<p>sportowych emocji i wsp\u00f3lnej zabawy. Pogoda dopisa\u0142a, a jeszcze bardziej frekwencja !<\/p>\n\n\n\n<p>T\u0142umnie przybyli mieszka\u0144cy (nie tylko z Gaju), ca\u0142e rodziny i mali sportowcy, by wsp\u00f3lnie \u015bwi\u0119towa\u0107<\/p>\n\n\n\n<p>ten wyj\u0105tkowy dzie\u0144.<\/p>\n\n\n\n<p>Nie zabrak\u0142o rywalizacji, a ka\u017cdy mia\u0142 szans\u0119 zdoby\u0107 medal, puchar i uznanie. <\/p>\n\n\n\n<p>Odby\u0142y si\u0119 liczne konkurencje sportowe, kt\u00f3re wzbudzi\u0142y ducha zdrowej rywalizacji i pokaza\u0142y,<\/p>\n\n\n\n<p>\u017ce sport to nie tylko zdrowie, ale i \u015bwietna zabawa !<\/p>\n\n\n\n<p>Atmosfera by\u0142a i\u015bcie rodzinna &#8211; dzieci, rodzice, dziadkowie i s\u0105siedzi bawili si\u0119 razem, dziel\u0105c si\u0119<\/p>\n\n\n\n<p>rado\u015bci\u0105 i wsp\u00f3lnie kibicuj\u0105c najm\u0142odszym.<\/p>\n\n\n\n<p>Dzi\u0119kujemy wszystkim, kt\u00f3rzy wzi\u0119li udzia\u0142 w tym wyj\u0105tkowym wydarzeniu i ju\u017c teraz czekamy<\/p>\n\n\n\n<p>na kolejn\u0105 edycj\u0119 ! <\/p>\n\n\n\n<p><\/p>\n\n\n\n<p>Poni\u017cej kilka kadr\u00f3w z wydarzenia \ud83d\ude42<\/p>\n\n\n\n<figure class=\"wp-block-image size-large\"><img loading=\"lazy\" decoding=\"async\" width=\"1024\" height=\"768\" src=\"http:\/\/www.tvk-gaj.pl\/~gajonline\/wp-content\/uploads\/2025\/06\/dziendziecka-2-1024x768.jpg\" alt=\"\" class=\"wp-image-15348\" srcset=\"https:\/\/online.tvk-gaj.pl\/wp-content\/uploads\/2025\/06\/dziendziecka-2-1024x768.jpg 1024w, https:\/\/online.tvk-gaj.pl\/wp-content\/uploads\/2025\/06\/dziendziecka-2-300x225.jpg 300w, https:\/\/online.tvk-gaj.pl\/wp-content\/uploads\/2025\/06\/dziendziecka-2-768x576.jpg 768w, https:\/\/online.tvk-gaj.pl\/wp-content\/uploads\/2025\/06\/dziendziecka-2-1536x1152.jpg 1536w, https:\/\/online.tvk-gaj.pl\/wp-content\/uploads\/2025\/06\/dziendziecka-2-2048x1536.jpg 2048w\" sizes=\"auto, (max-width: 1024px) 100vw, 1024px\" \/><\/figure>\n\n\n\n<figure class=\"wp-block-image size-large\"><img loading=\"lazy\" decoding=\"async\" width=\"1024\" height=\"768\" src=\"http:\/\/www.tvk-gaj.pl\/~gajonline\/wp-content\/uploads\/2025\/06\/dziendziecka-5-1024x768.jpg\" alt=\"\" class=\"wp-image-15349\" srcset=\"https:\/\/online.tvk-gaj.pl\/wp-content\/uploads\/2025\/06\/dziendziecka-5-1024x768.jpg 1024w, https:\/\/online.tvk-gaj.pl\/wp-content\/uploads\/2025\/06\/dziendziecka-5-300x225.jpg 300w, https:\/\/online.tvk-gaj.pl\/wp-content\/uploads\/2025\/06\/dziendziecka-5-768x576.jpg 768w, https:\/\/online.tvk-gaj.pl\/wp-content\/uploads\/2025\/06\/dziendziecka-5-1536x1152.jpg 1536w, https:\/\/online.tvk-gaj.pl\/wp-content\/uploads\/2025\/06\/dziendziecka-5-2048x1536.jpg 2048w\" sizes=\"auto, (max-width: 1024px) 100vw, 1024px\" \/><\/figure>\n\n\n\n<figure class=\"wp-block-image size-large\"><img loading=\"lazy\" decoding=\"async\" width=\"1024\" height=\"768\" src=\"http:\/\/www.tvk-gaj.pl\/~gajonline\/wp-content\/uploads\/2025\/06\/dziendziecka-11-1024x768.jpg\" alt=\"\" class=\"wp-image-15350\" srcset=\"https:\/\/online.tvk-gaj.pl\/wp-content\/uploads\/2025\/06\/dziendziecka-11-1024x768.jpg 1024w, https:\/\/online.tvk-gaj.pl\/wp-content\/uploads\/2025\/06\/dziendziecka-11-300x225.jpg 300w, https:\/\/online.tvk-gaj.pl\/wp-content\/uploads\/2025\/06\/dziendziecka-11-768x576.jpg 768w, https:\/\/online.tvk-gaj.pl\/wp-content\/uploads\/2025\/06\/dziendziecka-11-1536x1152.jpg 1536w, https:\/\/online.tvk-gaj.pl\/wp-content\/uploads\/2025\/06\/dziendziecka-11-2048x1536.jpg 2048w\" sizes=\"auto, (max-width: 1024px) 100vw, 1024px\" \/><\/figure>\n\n\n\n<figure class=\"wp-block-image size-large\"><img loading=\"lazy\" decoding=\"async\" width=\"1024\" height=\"768\" src=\"http:\/\/www.tvk-gaj.pl\/~gajonline\/wp-content\/uploads\/2025\/06\/dziendziecka-24-1024x768.jpg\" alt=\"\" class=\"wp-image-15351\" srcset=\"https:\/\/online.tvk-gaj.pl\/wp-content\/uploads\/2025\/06\/dziendziecka-24-1024x768.jpg 1024w, https:\/\/online.tvk-gaj.pl\/wp-content\/uploads\/2025\/06\/dziendziecka-24-300x225.jpg 300w, https:\/\/online.tvk-gaj.pl\/wp-content\/uploads\/2025\/06\/dziendziecka-24-768x576.jpg 768w, https:\/\/online.tvk-gaj.pl\/wp-content\/uploads\/2025\/06\/dziendziecka-24-1536x1152.jpg 1536w, https:\/\/online.tvk-gaj.pl\/wp-content\/uploads\/2025\/06\/dziendziecka-24-2048x1536.jpg 2048w\" sizes=\"auto, (max-width: 1024px) 100vw, 1024px\" \/><\/figure>\n\n\n\n<figure class=\"wp-block-image size-large\"><img loading=\"lazy\" decoding=\"async\" width=\"1024\" height=\"768\" src=\"http:\/\/www.tvk-gaj.pl\/~gajonline\/wp-content\/uploads\/2025\/06\/dziendziecka-26-1024x768.jpg\" alt=\"\" class=\"wp-image-15352\" srcset=\"https:\/\/online.tvk-gaj.pl\/wp-content\/uploads\/2025\/06\/dziendziecka-26-1024x768.jpg 1024w, https:\/\/online.tvk-gaj.pl\/wp-content\/uploads\/2025\/06\/dziendziecka-26-300x225.jpg 300w, https:\/\/online.tvk-gaj.pl\/wp-content\/uploads\/2025\/06\/dziendziecka-26-768x576.jpg 768w, https:\/\/online.tvk-gaj.pl\/wp-content\/uploads\/2025\/06\/dziendziecka-26-1536x1152.jpg 1536w, https:\/\/online.tvk-gaj.pl\/wp-content\/uploads\/2025\/06\/dziendziecka-26-2048x1536.jpg 2048w\" sizes=\"auto, (max-width: 1024px) 100vw, 1024px\" \/><\/figure>\n\n\n\n<figure class=\"wp-block-image size-large\"><img loading=\"lazy\" decoding=\"async\" width=\"1024\" height=\"768\" src=\"http:\/\/www.tvk-gaj.pl\/~gajonline\/wp-content\/uploads\/2025\/06\/dziendziecka-72-1024x768.jpg\" alt=\"\" class=\"wp-image-15357\" srcset=\"https:\/\/online.tvk-gaj.pl\/wp-content\/uploads\/2025\/06\/dziendziecka-72-1024x768.jpg 1024w, https:\/\/online.tvk-gaj.pl\/wp-content\/uploads\/2025\/06\/dziendziecka-72-300x225.jpg 300w, https:\/\/online.tvk-gaj.pl\/wp-content\/uploads\/2025\/06\/dziendziecka-72-768x576.jpg 768w, https:\/\/online.tvk-gaj.pl\/wp-content\/uploads\/2025\/06\/dziendziecka-72-1536x1152.jpg 1536w, https:\/\/online.tvk-gaj.pl\/wp-content\/uploads\/2025\/06\/dziendziecka-72-2048x1536.jpg 2048w\" sizes=\"auto, (max-width: 1024px) 100vw, 1024px\" \/><\/figure>\n\n\n\n<figure class=\"wp-block-image size-large\"><img loading=\"lazy\" decoding=\"async\" width=\"1024\" height=\"768\" src=\"http:\/\/www.tvk-gaj.pl\/~gajonline\/wp-content\/uploads\/2025\/06\/dziendziecka-76-1024x768.jpg\" alt=\"\" class=\"wp-image-15358\" srcset=\"https:\/\/online.tvk-gaj.pl\/wp-content\/uploads\/2025\/06\/dziendziecka-76-1024x768.jpg 1024w, https:\/\/online.tvk-gaj.pl\/wp-content\/uploads\/2025\/06\/dziendziecka-76-300x225.jpg 300w, https:\/\/online.tvk-gaj.pl\/wp-content\/uploads\/2025\/06\/dziendziecka-76-768x576.jpg 768w, https:\/\/online.tvk-gaj.pl\/wp-content\/uploads\/2025\/06\/dziendziecka-76-1536x1152.jpg 1536w, https:\/\/online.tvk-gaj.pl\/wp-content\/uploads\/2025\/06\/dziendziecka-76-2048x1536.jpg 2048w\" sizes=\"auto, (max-width: 1024px) 100vw, 1024px\" \/><\/figure>\n\n\n\n<figure class=\"wp-block-image size-large\"><img loading=\"lazy\" decoding=\"async\" width=\"1024\" height=\"768\" src=\"http:\/\/www.tvk-gaj.pl\/~gajonline\/wp-content\/uploads\/2025\/06\/dziendziecka-78-1024x768.jpg\" alt=\"\" class=\"wp-image-15359\" srcset=\"https:\/\/online.tvk-gaj.pl\/wp-content\/uploads\/2025\/06\/dziendziecka-78-1024x768.jpg 1024w, https:\/\/online.tvk-gaj.pl\/wp-content\/uploads\/2025\/06\/dziendziecka-78-300x225.jpg 300w, https:\/\/online.tvk-gaj.pl\/wp-content\/uploads\/2025\/06\/dziendziecka-78-768x576.jpg 768w, https:\/\/online.tvk-gaj.pl\/wp-content\/uploads\/2025\/06\/dziendziecka-78-1536x1152.jpg 1536w, https:\/\/online.tvk-gaj.pl\/wp-content\/uploads\/2025\/06\/dziendziecka-78-2048x1536.jpg 2048w\" sizes=\"auto, (max-width: 1024px) 100vw, 1024px\" \/><\/figure>\n\n\n\n<figure class=\"wp-block-image size-large\"><img loading=\"lazy\" decoding=\"async\" width=\"1024\" height=\"768\" src=\"http:\/\/www.tvk-gaj.pl\/~gajonline\/wp-content\/uploads\/2025\/06\/dziendziecka-98-1024x768.jpg\" alt=\"\" class=\"wp-image-15360\" srcset=\"https:\/\/online.tvk-gaj.pl\/wp-content\/uploads\/2025\/06\/dziendziecka-98-1024x768.jpg 1024w, https:\/\/online.tvk-gaj.pl\/wp-content\/uploads\/2025\/06\/dziendziecka-98-300x225.jpg 300w, https:\/\/online.tvk-gaj.pl\/wp-content\/uploads\/2025\/06\/dziendziecka-98-768x576.jpg 768w, https:\/\/online.tvk-gaj.pl\/wp-content\/uploads\/2025\/06\/dziendziecka-98-1536x1152.jpg 1536w, https:\/\/online.tvk-gaj.pl\/wp-content\/uploads\/2025\/06\/dziendziecka-98-2048x1536.jpg 2048w\" sizes=\"auto, (max-width: 1024px) 100vw, 1024px\" \/><\/figure>\n\n\n\n<figure class=\"wp-block-image size-large\"><img loading=\"lazy\" decoding=\"async\" width=\"1024\" height=\"768\" src=\"http:\/\/www.tvk-gaj.pl\/~gajonline\/wp-content\/uploads\/2025\/06\/dziendziecka-108-1024x768.jpg\" alt=\"\" class=\"wp-image-15361\" srcset=\"https:\/\/online.tvk-gaj.pl\/wp-content\/uploads\/2025\/06\/dziendziecka-108-1024x768.jpg 1024w, https:\/\/online.tvk-gaj.pl\/wp-content\/uploads\/2025\/06\/dziendziecka-108-300x225.jpg 300w, https:\/\/online.tvk-gaj.pl\/wp-content\/uploads\/2025\/06\/dziendziecka-108-768x576.jpg 768w, https:\/\/online.tvk-gaj.pl\/wp-content\/uploads\/2025\/06\/dziendziecka-108-1536x1152.jpg 1536w, https:\/\/online.tvk-gaj.pl\/wp-content\/uploads\/2025\/06\/dziendziecka-108-2048x1536.jpg 2048w\" sizes=\"auto, (max-width: 1024px) 100vw, 1024px\" \/><\/figure>\n\n\n\n<figure class=\"wp-block-image size-large\"><img loading=\"lazy\" decoding=\"async\" width=\"1024\" height=\"768\" src=\"http:\/\/www.tvk-gaj.pl\/~gajonline\/wp-content\/uploads\/2025\/06\/dziendziecka-122-1024x768.jpg\" alt=\"\" class=\"wp-image-15362\" srcset=\"https:\/\/online.tvk-gaj.pl\/wp-content\/uploads\/2025\/06\/dziendziecka-122-1024x768.jpg 1024w, https:\/\/online.tvk-gaj.pl\/wp-content\/uploads\/2025\/06\/dziendziecka-122-300x225.jpg 300w, https:\/\/online.tvk-gaj.pl\/wp-content\/uploads\/2025\/06\/dziendziecka-122-768x576.jpg 768w, https:\/\/online.tvk-gaj.pl\/wp-content\/uploads\/2025\/06\/dziendziecka-122-1536x1152.jpg 1536w, https:\/\/online.tvk-gaj.pl\/wp-content\/uploads\/2025\/06\/dziendziecka-122-2048x1536.jpg 2048w\" sizes=\"auto, (max-width: 1024px) 100vw, 1024px\" \/><\/figure>\n\n\n\n<figure class=\"wp-block-image size-large\"><img loading=\"lazy\" decoding=\"async\" width=\"1024\" height=\"768\" src=\"http:\/\/www.tvk-gaj.pl\/~gajonline\/wp-content\/uploads\/2025\/06\/dziendziecka-148-1024x768.jpg\" alt=\"\" class=\"wp-image-15363\" srcset=\"https:\/\/online.tvk-gaj.pl\/wp-content\/uploads\/2025\/06\/dziendziecka-148-1024x768.jpg 1024w, https:\/\/online.tvk-gaj.pl\/wp-content\/uploads\/2025\/06\/dziendziecka-148-300x225.jpg 300w, https:\/\/online.tvk-gaj.pl\/wp-content\/uploads\/2025\/06\/dziendziecka-148-768x576.jpg 768w, https:\/\/online.tvk-gaj.pl\/wp-content\/uploads\/2025\/06\/dziendziecka-148-1536x1152.jpg 1536w, https:\/\/online.tvk-gaj.pl\/wp-content\/uploads\/2025\/06\/dziendziecka-148-2048x1536.jpg 2048w\" sizes=\"auto, (max-width: 1024px) 100vw, 1024px\" \/><\/figure>\n\n\n\n<figure class=\"wp-block-image size-large\"><img loading=\"lazy\" decoding=\"async\" width=\"1024\" height=\"768\" src=\"http:\/\/www.tvk-gaj.pl\/~gajonline\/wp-content\/uploads\/2025\/06\/dziendziecka-157-1024x768.jpg\" alt=\"\" class=\"wp-image-15364\" srcset=\"https:\/\/online.tvk-gaj.pl\/wp-content\/uploads\/2025\/06\/dziendziecka-157-1024x768.jpg 1024w, https:\/\/online.tvk-gaj.pl\/wp-content\/uploads\/2025\/06\/dziendziecka-157-300x225.jpg 300w, https:\/\/online.tvk-gaj.pl\/wp-content\/uploads\/2025\/06\/dziendziecka-157-768x576.jpg 768w, https:\/\/online.tvk-gaj.pl\/wp-content\/uploads\/2025\/06\/dziendziecka-157-1536x1152.jpg 1536w, https:\/\/online.tvk-gaj.pl\/wp-content\/uploads\/2025\/06\/dziendziecka-157-2048x1536.jpg 2048w\" sizes=\"auto, (max-width: 1024px) 100vw, 1024px\" \/><\/figure>\n\n\n\n<figure class=\"wp-block-image size-large\"><img loading=\"lazy\" decoding=\"async\" width=\"1024\" height=\"768\" src=\"http:\/\/www.tvk-gaj.pl\/~gajonline\/wp-content\/uploads\/2025\/06\/dziendziecka-145-1024x768.jpg\" alt=\"\" class=\"wp-image-15365\" srcset=\"https:\/\/online.tvk-gaj.pl\/wp-content\/uploads\/2025\/06\/dziendziecka-145-1024x768.jpg 1024w, https:\/\/online.tvk-gaj.pl\/wp-content\/uploads\/2025\/06\/dziendziecka-145-300x225.jpg 300w, https:\/\/online.tvk-gaj.pl\/wp-content\/uploads\/2025\/06\/dziendziecka-145-768x576.jpg 768w, https:\/\/online.tvk-gaj.pl\/wp-content\/uploads\/2025\/06\/dziendziecka-145-1536x1152.jpg 1536w, https:\/\/online.tvk-gaj.pl\/wp-content\/uploads\/2025\/06\/dziendziecka-145-2048x1536.jpg 2048w\" sizes=\"auto, (max-width: 1024px) 100vw, 1024px\" \/><\/figure>\n","protected":false},"excerpt":{"rendered":"<p>Linki do pe\u0142nej fotorelacji : Cz\u0119\u015b\u0107 1 https:\/\/www.facebook.com\/photo?fbid=1381738613541911&amp;set=pcb.1381741950208244 Cz\u0119\u015b\u0107 2 https:\/\/www.facebook.com\/photo\/?fbid=1381744416874664&amp;set=pcb.1381749346874171 Wczoraj (1.06) na naszym Osiedlu odby\u0142 si\u0119 III Wroc\u0142awski Dzie\u0144 Dziecka &#8211; wydarzenie pe\u0142ne u\u015bmiech\u00f3w, sportowych emocji i wsp\u00f3lnej zabawy. Pogoda dopisa\u0142a, a jeszcze bardziej frekwencja ! T\u0142umnie przybyli mieszka\u0144cy (nie tylko z Gaju), ca\u0142e rodziny i mali sportowcy, by wsp\u00f3lnie \u015bwi\u0119towa\u0107 ten wyj\u0105tkowy [&hellip;]<\/p>\n","protected":false},"author":3,"featured_media":15347,"comment_status":"open","ping_status":"open","sticky":false,"template":"","format":"standard","meta":{"footnotes":""},"categories":[14,12],"tags":[1825,112],"class_list":["post-15346","post","type-post","status-publish","format-standard","has-post-thumbnail","hentry","category-aktualnosci","category-artykuly","tag-dziendziecka","tag-gaj"],"_links":{"self":[{"href":"https:\/\/online.tvk-gaj.pl\/index.php?rest_route=\/wp\/v2\/posts\/15346","targetHints":{"allow":["GET"]}}],"collection":[{"href":"https:\/\/online.tvk-gaj.pl\/index.php?rest_route=\/wp\/v2\/posts"}],"about":[{"href":"https:\/\/online.tvk-gaj.pl\/index.php?rest_route=\/wp\/v2\/types\/post"}],"author":[{"embeddable":true,"href":"https:\/\/online.tvk-gaj.pl\/index.php?rest_route=\/wp\/v2\/users\/3"}],"replies":[{"embeddable":true,"href":"https:\/\/online.tvk-gaj.pl\/index.php?rest_route=%2Fwp%2Fv2%2Fcomments&post=15346"}],"version-history":[{"count":1,"href":"https:\/\/online.tvk-gaj.pl\/index.php?rest_route=\/wp\/v2\/posts\/15346\/revisions"}],"predecessor-version":[{"id":15366,"href":"https:\/\/online.tvk-gaj.pl\/index.php?rest_route=\/wp\/v2\/posts\/15346\/revisions\/15366"}],"wp:featuredmedia":[{"embeddable":true,"href":"https:\/\/online.tvk-gaj.pl\/index.php?rest_route=\/wp\/v2\/media\/15347"}],"wp:attachment":[{"href":"https:\/\/online.tvk-gaj.pl\/index.php?rest_route=%2Fwp%2Fv2%2Fmedia&parent=15346"}],"wp:term":[{"taxonomy":"category","embeddable":true,"href":"https:\/\/online.tvk-gaj.pl\/index.php?rest_route=%2Fwp%2Fv2%2Fcategories&post=15346"},{"taxonomy":"post_tag","embeddable":true,"href":"https:\/\/online.tvk-gaj.pl\/index.php?rest_route=%2Fwp%2Fv2%2Ftags&post=15346"}],"curies":[{"name":"wp","href":"https:\/\/api.w.org\/{rel}","templated":true}]}}