{"id":15388,"date":"2025-06-10T18:05:01","date_gmt":"2025-06-10T16:05:01","guid":{"rendered":"http:\/\/www.tvk-gaj.pl\/~gajonline\/?p=15388"},"modified":"2025-06-10T18:11:57","modified_gmt":"2025-06-10T16:11:57","slug":"festyn-osiedla-gaj-animacje-dla-dzieci","status":"publish","type":"post","link":"https:\/\/online.tvk-gaj.pl\/?p=15388","title":{"rendered":"Festyn Osiedla Gaj &#8211; Animacje dla Dzieci &#8222;Asobi&#8221;"},"content":{"rendered":"\n<p>Ju\u017c nie pierwszy raz spotkamy si\u0119 z <a href=\"https:\/\/www.facebook.com\/asobi24?__cft__[0]=AZUIRCtcdJINz2JpRYUyMsCgmMsFnAO3JbHJ9HizirrQ_HGKDkRB9AUFtYjRXROFuTOi3raYU-v3qwGd47QJI-z1-ILVQpBo9PiouflkrV6ZE6q0lR-QeoXLp5Ak-2LuK46QfvGBv2hYOcYQSYxv0C9JTsfqTvGSjSWbBlcYii4r9KB3X2SCU1agtSnypvgirNpU810sQviw3owOKGYKbpBo&amp;__tn__=-]K-R\">ASOBI Joanna Krzy\u017cosiak<\/a> na imprezie na naszym Osiedlu.<\/p>\n\n\n\n<p>Niedawno go\u015bcili na III Wroc\u0142awskim Dniu Dziecka, a ju\u017c w Sobot\u0119 (14.06) zobaczymy si\u0119 <\/p>\n\n\n\n<p>na Festynie Osiedla Gaj <img loading=\"lazy\" decoding=\"async\" height=\"16\" width=\"16\" src=\"https:\/\/static.xx.fbcdn.net\/images\/emoji.php\/v9\/t13\/1\/16\/1f308.png\" alt=\"&#x1f308;\"> Animatorzy zabior\u0105 najm\u0142odszych w piracki rejs w poszukiwaniu<\/p>\n\n\n\n<p>kolorowych przyg\u00f3d <img loading=\"lazy\" decoding=\"async\" height=\"16\" width=\"16\" src=\"https:\/\/static.xx.fbcdn.net\/images\/emoji.php\/v9\/tdb\/1\/16\/1f99c.png\" alt=\"&#x1f99c;\"> Kto wsiada na pok\u0142ad ? <img loading=\"lazy\" decoding=\"async\" height=\"16\" width=\"16\" src=\"https:\/\/static.xx.fbcdn.net\/images\/emoji.php\/v9\/t7c\/1\/16\/26f5.png\" alt=\"&#x26f5;\"><\/p>\n\n\n\n<figure class=\"wp-block-image size-large\"><img loading=\"lazy\" decoding=\"async\" width=\"683\" height=\"1024\" src=\"http:\/\/www.tvk-gaj.pl\/~gajonline\/wp-content\/uploads\/2025\/06\/ASOBI-683x1024.jpg\" alt=\"\" class=\"wp-image-15389\" srcset=\"https:\/\/online.tvk-gaj.pl\/wp-content\/uploads\/2025\/06\/ASOBI-683x1024.jpg 683w, https:\/\/online.tvk-gaj.pl\/wp-content\/uploads\/2025\/06\/ASOBI-200x300.jpg 200w, https:\/\/online.tvk-gaj.pl\/wp-content\/uploads\/2025\/06\/ASOBI-768x1152.jpg 768w, https:\/\/online.tvk-gaj.pl\/wp-content\/uploads\/2025\/06\/ASOBI.jpg 1024w\" sizes=\"auto, (max-width: 683px) 100vw, 683px\" \/><\/figure>\n","protected":false},"excerpt":{"rendered":"<p>Ju\u017c nie pierwszy raz spotkamy si\u0119 z ASOBI Joanna Krzy\u017cosiak na imprezie na naszym Osiedlu. Niedawno go\u015bcili na III Wroc\u0142awskim Dniu Dziecka, a ju\u017c w Sobot\u0119 (14.06) zobaczymy si\u0119 na Festynie Osiedla Gaj Animatorzy zabior\u0105 najm\u0142odszych w piracki rejs w poszukiwaniu kolorowych przyg\u00f3d Kto wsiada na pok\u0142ad ?<\/p>\n","protected":false},"author":3,"featured_media":15390,"comment_status":"open","ping_status":"open","sticky":false,"template":"","format":"standard","meta":{"footnotes":""},"categories":[14,12],"tags":[270,112],"class_list":["post-15388","post","type-post","status-publish","format-standard","has-post-thumbnail","hentry","category-aktualnosci","category-artykuly","tag-festyn","tag-gaj"],"_links":{"self":[{"href":"https:\/\/online.tvk-gaj.pl\/index.php?rest_route=\/wp\/v2\/posts\/15388","targetHints":{"allow":["GET"]}}],"collection":[{"href":"https:\/\/online.tvk-gaj.pl\/index.php?rest_route=\/wp\/v2\/posts"}],"about":[{"href":"https:\/\/online.tvk-gaj.pl\/index.php?rest_route=\/wp\/v2\/types\/post"}],"author":[{"embeddable":true,"href":"https:\/\/online.tvk-gaj.pl\/index.php?rest_route=\/wp\/v2\/users\/3"}],"replies":[{"embeddable":true,"href":"https:\/\/online.tvk-gaj.pl\/index.php?rest_route=%2Fwp%2Fv2%2Fcomments&post=15388"}],"version-history":[{"count":2,"href":"https:\/\/online.tvk-gaj.pl\/index.php?rest_route=\/wp\/v2\/posts\/15388\/revisions"}],"predecessor-version":[{"id":15396,"href":"https:\/\/online.tvk-gaj.pl\/index.php?rest_route=\/wp\/v2\/posts\/15388\/revisions\/15396"}],"wp:featuredmedia":[{"embeddable":true,"href":"https:\/\/online.tvk-gaj.pl\/index.php?rest_route=\/wp\/v2\/media\/15390"}],"wp:attachment":[{"href":"https:\/\/online.tvk-gaj.pl\/index.php?rest_route=%2Fwp%2Fv2%2Fmedia&parent=15388"}],"wp:term":[{"taxonomy":"category","embeddable":true,"href":"https:\/\/online.tvk-gaj.pl\/index.php?rest_route=%2Fwp%2Fv2%2Fcategories&post=15388"},{"taxonomy":"post_tag","embeddable":true,"href":"https:\/\/online.tvk-gaj.pl\/index.php?rest_route=%2Fwp%2Fv2%2Ftags&post=15388"}],"curies":[{"name":"wp","href":"https:\/\/api.w.org\/{rel}","templated":true}]}}