{"id":15392,"date":"2025-06-10T18:10:04","date_gmt":"2025-06-10T16:10:04","guid":{"rendered":"http:\/\/www.tvk-gaj.pl\/~gajonline\/?p=15392"},"modified":"2025-06-10T18:10:05","modified_gmt":"2025-06-10T16:10:05","slug":"festyn-osiedla-gaj-zespol-muzyczny-ale-jazz","status":"publish","type":"post","link":"https:\/\/online.tvk-gaj.pl\/?p=15392","title":{"rendered":"Festyn Osiedla Gaj &#8211; Zesp\u00f3\u0142 muzyczny &#8222;Ale Jazz!&#8221;"},"content":{"rendered":"\n<p>Ju\u017c w Sobot\u0119 na Festynie od 19:30 do 22:00 wiecz\u00f3r umili nam <a href=\"https:\/\/www.facebook.com\/zespolalejazz?__cft__[0]=AZXKALGY0SWfoKQNpq3S8k5dNfXnSTUv3485xtWBQq4Djw1m8qf_vFAmAKAu3w0DiE3h3_Qebu9xn0hps0KgMwACHkihaqEPZnTD8sBuuadFu9Dt8znw7MyKfgWcxFENzJGQbk05JplBBEbqz2xSI60X8rAW_CTUfmMX5tnQOkRP_07TvxkLIU6K9EumwFzShh66qwlZ9j2YvgIedugDpqf4&amp;__tn__=-]K-R\">Ale Jazz &#8211; Zesp\u00f3\u0142 Muzyczny<\/a><\/p>\n\n\n\n<p>Zesp\u00f3\u0142 muzyczny &#8221; Ale Jazz!&#8221; to Zesp\u00f3\u0142 Muzyczny kt\u00f3rego pocz\u0105tki si\u0119gaj\u0105 2012 roku. Zesp\u00f3\u0142 ma za sob\u0105 wiele przegranych imprez jak i koncert\u00f3w. Kochaj\u0105 scen\u0119 i jak sami m\u00f3wi\u0105 o sobie s\u0105 dla Ludzi&#8230;dla Publiki . Nie wa\u017cne czy graj\u0105 dla 20 czy 2000 os\u00f3b&#8230;.Zawsze daj\u0105 z siebie wszystko! Graj\u0105 covery mi\u0119dzy innymi takich artyst\u00f3w jak : Bajm , Lady Pank , Myslovitz i wiele wiele innych&#8230;Obecnie Formacj\u0119 zespo\u0142u tworzy 5 os\u00f3b kt\u00f3rzy nie wyobra\u017caj\u0105 sobie \u017cycia bez muzyki<img loading=\"lazy\" decoding=\"async\" height=\"16\" width=\"16\" src=\"https:\/\/static.xx.fbcdn.net\/images\/emoji.php\/v9\/t7f\/1\/16\/1f60a.png\" alt=\"&#x1f60a;\"><img loading=\"lazy\" decoding=\"async\" height=\"16\" width=\"16\" src=\"https:\/\/static.xx.fbcdn.net\/images\/emoji.php\/v9\/t83\/1\/16\/1f60e.png\" alt=\"&#x1f60e;\"> A co najwa\u017cniejsze graj\u0105 100 procent na \u017cywo !<\/p>\n\n\n\n<figure class=\"wp-block-video\"><video height=\"480\" style=\"aspect-ratio: 848 \/ 480;\" width=\"848\" controls src=\"http:\/\/www.tvk-gaj.pl\/~gajonline\/wp-content\/uploads\/2025\/06\/FB_VID_4241381930665640077.mp4\"><\/video><\/figure>\n","protected":false},"excerpt":{"rendered":"<p>Ju\u017c w Sobot\u0119 na Festynie od 19:30 do 22:00 wiecz\u00f3r umili nam Ale Jazz &#8211; Zesp\u00f3\u0142 Muzyczny Zesp\u00f3\u0142 muzyczny &#8221; Ale Jazz!&#8221; to Zesp\u00f3\u0142 Muzyczny kt\u00f3rego pocz\u0105tki si\u0119gaj\u0105 2012 roku. Zesp\u00f3\u0142 ma za sob\u0105 wiele przegranych imprez jak i koncert\u00f3w. Kochaj\u0105 scen\u0119 i jak sami m\u00f3wi\u0105 o sobie s\u0105 dla Ludzi&#8230;dla Publiki . Nie wa\u017cne [&hellip;]<\/p>\n","protected":false},"author":3,"featured_media":15394,"comment_status":"open","ping_status":"open","sticky":false,"template":"","format":"standard","meta":{"footnotes":""},"categories":[14,12],"tags":[270,112],"class_list":["post-15392","post","type-post","status-publish","format-standard","has-post-thumbnail","hentry","category-aktualnosci","category-artykuly","tag-festyn","tag-gaj"],"_links":{"self":[{"href":"https:\/\/online.tvk-gaj.pl\/index.php?rest_route=\/wp\/v2\/posts\/15392","targetHints":{"allow":["GET"]}}],"collection":[{"href":"https:\/\/online.tvk-gaj.pl\/index.php?rest_route=\/wp\/v2\/posts"}],"about":[{"href":"https:\/\/online.tvk-gaj.pl\/index.php?rest_route=\/wp\/v2\/types\/post"}],"author":[{"embeddable":true,"href":"https:\/\/online.tvk-gaj.pl\/index.php?rest_route=\/wp\/v2\/users\/3"}],"replies":[{"embeddable":true,"href":"https:\/\/online.tvk-gaj.pl\/index.php?rest_route=%2Fwp%2Fv2%2Fcomments&post=15392"}],"version-history":[{"count":1,"href":"https:\/\/online.tvk-gaj.pl\/index.php?rest_route=\/wp\/v2\/posts\/15392\/revisions"}],"predecessor-version":[{"id":15395,"href":"https:\/\/online.tvk-gaj.pl\/index.php?rest_route=\/wp\/v2\/posts\/15392\/revisions\/15395"}],"wp:featuredmedia":[{"embeddable":true,"href":"https:\/\/online.tvk-gaj.pl\/index.php?rest_route=\/wp\/v2\/media\/15394"}],"wp:attachment":[{"href":"https:\/\/online.tvk-gaj.pl\/index.php?rest_route=%2Fwp%2Fv2%2Fmedia&parent=15392"}],"wp:term":[{"taxonomy":"category","embeddable":true,"href":"https:\/\/online.tvk-gaj.pl\/index.php?rest_route=%2Fwp%2Fv2%2Fcategories&post=15392"},{"taxonomy":"post_tag","embeddable":true,"href":"https:\/\/online.tvk-gaj.pl\/index.php?rest_route=%2Fwp%2Fv2%2Ftags&post=15392"}],"curies":[{"name":"wp","href":"https:\/\/api.w.org\/{rel}","templated":true}]}}