{"id":15402,"date":"2025-06-13T15:15:13","date_gmt":"2025-06-13T13:15:13","guid":{"rendered":"http:\/\/www.tvk-gaj.pl\/~gajonline\/?p=15402"},"modified":"2025-06-13T15:15:14","modified_gmt":"2025-06-13T13:15:14","slug":"festyn-osiedla-gaj-chor-harmonia-sygnal-oraz-canta-nobiscum-oraz-koncert-zespolu-oldersi-demo","status":"publish","type":"post","link":"https:\/\/online.tvk-gaj.pl\/?p=15402","title":{"rendered":"Festyn Osiedla Gaj &#8211; Ch\u00f3r Harmonia-Sygna\u0142 oraz Canta Nobiscum oraz koncert zespo\u0142u Oldersi Demo"},"content":{"rendered":"\n<p><img loading=\"lazy\" decoding=\"async\" height=\"16\" width=\"16\" alt=\"&#x1f31e;\" src=\"https:\/\/static.xx.fbcdn.net\/images\/emoji.php\/v9\/t5f\/1\/16\/1f31e.png\"><img loading=\"lazy\" decoding=\"async\" height=\"16\" width=\"16\" alt=\"&#x1f3b6;\" src=\"https:\/\/static.xx.fbcdn.net\/images\/emoji.php\/v9\/t1f\/1\/16\/1f3b6.png\"> Zapraszamy na Festyn Osiedla Gaj! <img loading=\"lazy\" decoding=\"async\" height=\"16\" width=\"16\" alt=\"&#x1f3b6;\" src=\"https:\/\/static.xx.fbcdn.net\/images\/emoji.php\/v9\/t1f\/1\/16\/1f3b6.png\"><img loading=\"lazy\" decoding=\"async\" height=\"16\" width=\"16\" alt=\"&#x1f31e;\" src=\"https:\/\/static.xx.fbcdn.net\/images\/emoji.php\/v9\/t5f\/1\/16\/1f31e.png\"><\/p>\n\n\n\n<p>Ju\u017c 14 czerwca szykuje si\u0119 popo\u0142udnie pe\u0142ne muzyki i dobrej zabawy! <img loading=\"lazy\" decoding=\"async\" height=\"16\" width=\"16\" alt=\"&#x1f389;\" src=\"https:\/\/static.xx.fbcdn.net\/images\/emoji.php\/v9\/t8c\/1\/16\/1f389.png\"><\/p>\n\n\n\n<p><img loading=\"lazy\" decoding=\"async\" height=\"16\" width=\"16\" alt=\"&#x1f3a4;\" src=\"https:\/\/static.xx.fbcdn.net\/images\/emoji.php\/v9\/t7e\/1\/16\/1f3a4.png\"> 1<a><\/a>6:00\u201317:00 \u2013 wyst\u0105pi\u0105:<\/p>\n\n\n\n<p><img loading=\"lazy\" decoding=\"async\" height=\"16\" width=\"16\" alt=\"&#x1f449;\" src=\"https:\/\/static.xx.fbcdn.net\/images\/emoji.php\/v9\/t51\/1\/16\/1f449.png\"> Ch\u00f3r Harmonia-Sygna\u0142<\/p>\n\n\n\n<p><img loading=\"lazy\" decoding=\"async\" height=\"16\" width=\"16\" alt=\"&#x1f449;\" src=\"https:\/\/static.xx.fbcdn.net\/images\/emoji.php\/v9\/t51\/1\/16\/1f449.png\"> oraz Canta Nobiscum<\/p>\n\n\n\n<p><img loading=\"lazy\" decoding=\"async\" height=\"16\" width=\"16\" alt=\"&#x1f3b8;\" src=\"https:\/\/static.xx.fbcdn.net\/images\/emoji.php\/v9\/t21\/1\/16\/1f3b8.png\"> 17:00\u201319:30 \u2013 koncert zespo\u0142u Oldersi Demo (z przerwami)<\/p>\n\n\n\n<p><img loading=\"lazy\" decoding=\"async\" height=\"16\" width=\"16\" alt=\"&#x1f4cd;\" src=\"https:\/\/static.xx.fbcdn.net\/images\/emoji.php\/v9\/t2d\/1\/16\/1f4cd.png\"> Przyjd\u017a z rodzin\u0105, znajomymi i s\u0105siadami \u2013 gwarantujemy \u015bwietn\u0105 atmosfer\u0119 i muzyczne emocje!<\/p>\n\n\n\n<p>Do zobaczenia! <img loading=\"lazy\" decoding=\"async\" height=\"16\" width=\"16\" src=\"https:\/\/static.xx.fbcdn.net\/images\/emoji.php\/v9\/tc7\/1\/16\/1f483.png\" alt=\"&#x1f483;\"><img loading=\"lazy\" decoding=\"async\" height=\"16\" width=\"16\" src=\"https:\/\/static.xx.fbcdn.net\/images\/emoji.php\/v9\/t97\/1\/16\/1f57a.png\" alt=\"&#x1f57a;\"><\/p>\n\n\n\n<figure class=\"wp-block-image size-large\"><img loading=\"lazy\" decoding=\"async\" width=\"683\" height=\"1024\" src=\"http:\/\/www.tvk-gaj.pl\/~gajonline\/wp-content\/uploads\/2025\/06\/505286394_1391009159281523_823539168635712217_n-683x1024.jpg\" alt=\"\" class=\"wp-image-15403\" srcset=\"https:\/\/online.tvk-gaj.pl\/wp-content\/uploads\/2025\/06\/505286394_1391009159281523_823539168635712217_n-683x1024.jpg 683w, https:\/\/online.tvk-gaj.pl\/wp-content\/uploads\/2025\/06\/505286394_1391009159281523_823539168635712217_n-200x300.jpg 200w, https:\/\/online.tvk-gaj.pl\/wp-content\/uploads\/2025\/06\/505286394_1391009159281523_823539168635712217_n-768x1152.jpg 768w, https:\/\/online.tvk-gaj.pl\/wp-content\/uploads\/2025\/06\/505286394_1391009159281523_823539168635712217_n.jpg 1024w\" sizes=\"auto, (max-width: 683px) 100vw, 683px\" \/><\/figure>\n","protected":false},"excerpt":{"rendered":"<p>Zapraszamy na Festyn Osiedla Gaj! Ju\u017c 14 czerwca szykuje si\u0119 popo\u0142udnie pe\u0142ne muzyki i dobrej zabawy! 16:00\u201317:00 \u2013 wyst\u0105pi\u0105: Ch\u00f3r Harmonia-Sygna\u0142 oraz Canta Nobiscum 17:00\u201319:30 \u2013 koncert zespo\u0142u Oldersi Demo (z przerwami) Przyjd\u017a z rodzin\u0105, znajomymi i s\u0105siadami \u2013 gwarantujemy \u015bwietn\u0105 atmosfer\u0119 i muzyczne emocje! Do zobaczenia!<\/p>\n","protected":false},"author":3,"featured_media":14455,"comment_status":"open","ping_status":"open","sticky":false,"template":"","format":"standard","meta":{"footnotes":""},"categories":[14,12],"tags":[270,112],"class_list":["post-15402","post","type-post","status-publish","format-standard","has-post-thumbnail","hentry","category-aktualnosci","category-artykuly","tag-festyn","tag-gaj"],"_links":{"self":[{"href":"https:\/\/online.tvk-gaj.pl\/index.php?rest_route=\/wp\/v2\/posts\/15402","targetHints":{"allow":["GET"]}}],"collection":[{"href":"https:\/\/online.tvk-gaj.pl\/index.php?rest_route=\/wp\/v2\/posts"}],"about":[{"href":"https:\/\/online.tvk-gaj.pl\/index.php?rest_route=\/wp\/v2\/types\/post"}],"author":[{"embeddable":true,"href":"https:\/\/online.tvk-gaj.pl\/index.php?rest_route=\/wp\/v2\/users\/3"}],"replies":[{"embeddable":true,"href":"https:\/\/online.tvk-gaj.pl\/index.php?rest_route=%2Fwp%2Fv2%2Fcomments&post=15402"}],"version-history":[{"count":1,"href":"https:\/\/online.tvk-gaj.pl\/index.php?rest_route=\/wp\/v2\/posts\/15402\/revisions"}],"predecessor-version":[{"id":15404,"href":"https:\/\/online.tvk-gaj.pl\/index.php?rest_route=\/wp\/v2\/posts\/15402\/revisions\/15404"}],"wp:featuredmedia":[{"embeddable":true,"href":"https:\/\/online.tvk-gaj.pl\/index.php?rest_route=\/wp\/v2\/media\/14455"}],"wp:attachment":[{"href":"https:\/\/online.tvk-gaj.pl\/index.php?rest_route=%2Fwp%2Fv2%2Fmedia&parent=15402"}],"wp:term":[{"taxonomy":"category","embeddable":true,"href":"https:\/\/online.tvk-gaj.pl\/index.php?rest_route=%2Fwp%2Fv2%2Fcategories&post=15402"},{"taxonomy":"post_tag","embeddable":true,"href":"https:\/\/online.tvk-gaj.pl\/index.php?rest_route=%2Fwp%2Fv2%2Ftags&post=15402"}],"curies":[{"name":"wp","href":"https:\/\/api.w.org\/{rel}","templated":true}]}}